{"id":267197,"date":"2016-05-02T00:06:44","date_gmt":"2016-05-02T05:06:44","guid":{"rendered":"http:\/\/www.diarioimagen.net\/?p=267197"},"modified":"2016-05-02T03:06:32","modified_gmt":"2016-05-02T08:06:32","slug":"que-celebrarle-a-los-ninos","status":"publish","type":"post","link":"https:\/\/www.diarioimagen.net\/?p=267197","title":{"rendered":"\u00bfQu\u00e9 celebrarle a los ni\u00f1os?"},"content":{"rendered":"<h2>Detr\u00e1s del Poder<\/h2>\n<h5>Jos\u00e9 Antonio L\u00f3pez Sosa<\/h5>\n<p>&nbsp;<\/p>\n<p>La realidad del pa\u00eds es entristecedora si se toca el tema de la ni\u00f1ez, ya el CONEVAL dio cifras que fueron retomadas por los principales medios de comunicaci\u00f3n el viernes pasado.<\/p>\n<p>Es alarmante el n\u00famero de ni\u00f1os que viven en pobreza y pobreza extrema, no solo en la provincia sino en la Ciudad de M\u00e9xico, cerca de nuestra cotidianeidad.<\/p>\n<p>No hay qu\u00e9 celebrar, sin embargo, para los ni\u00f1os que viven y padecen esta ciudad hay motivos suficientes para celebrarles. Lamentablemente ni el gobierno capitalino ni las delegaciones pol\u00edticas tuvieron un evento digno para celebrar a los ni\u00f1os de escasos recursos en la capital del pa\u00eds.<\/p>\n<p>En el corredor poniente de \u00c1lvaro Obreg\u00f3n, la asociaci\u00f3n La Angostura, A.C. organiz\u00f3 una caravana de festejo y alquil\u00f3 una feria para de forma gratuita, celebrar a los ni\u00f1os de escasos recursos de la zona.<\/p>\n<p>Desde las 10 de la ma\u00f1ana se congregaron miles de familias para hacerse part\u00edcipes. En la apertura, Rosa Mar\u00eda Ayala, l\u00edder de esta organizaci\u00f3n, hizo menci\u00f3n de la situaci\u00f3n de los ni\u00f1os en el pa\u00eds y tambi\u00e9n hincapi\u00e9 en la necesidad de formar a los que est\u00e1n ahora entre nosotros, sobre todo en las poblaciones m\u00e1s vulnerables.<\/p>\n<p>Se regalaron juguetes, hubo rifas, juegos mec\u00e1nicos y comida. Un recuerdo que sin lugar a dudas quedar\u00e1 en el resto de las vidas de estos ni\u00f1os que de no ser por un evento de esta naturaleza, no tendr\u00edan los medios para un festejo por el 30 de abril.<\/p>\n<p>As\u00ed, mientras las autoridades capitalinas y delegacionales se preocupan prioritariamente por la elecci\u00f3n del constituyente, organizaciones como La Angostura resuelven problemas sociales con recursos propios. As\u00ed funciona nuestra ciudad, lamentablemente.<\/p>\n<p style=\"text-align: center;\"><strong>VENEZUELA AL COLAPSO<\/strong><\/p>\n<p>Las medidas no cesan en Venezuela, el colapso est\u00e1 cerca en todos sentidos, \u00bfhasta d\u00f3nde resistir\u00e1 la poblaci\u00f3n?, esa es la pregunta principal tanto para oficialistas como opositores.<\/p>\n<p><em><a href=\"http:\/\/www.lopezsosa.com\" target=\"_blank\">www.lopezsosa.com<\/a><\/em><br \/>\n<em><a href=\"mailto:joseantonio@lopezsosa.com\" target=\"_blank\">joseantonio@lopezsosa.com<\/a><\/em><br \/>\n<em><a href=\"http:\/\/twitter.com\/joseantonio1977\" target=\"_blank\">@joseantonio1977<\/a><\/em><\/p>\n","protected":false},"excerpt":{"rendered":"<p><span style=\"color: #005497;\"><strong>Jos\u00e9 Antonio L\u00f3pez Sosa<\/strong><\/span><\/p>\n","protected":false},"author":3,"featured_media":0,"comment_status":"open","ping_status":"open","sticky":false,"template":"","format":"standard","meta":{"_monsterinsights_skip_tracking":false,"_monsterinsights_sitenote_active":false,"_monsterinsights_sitenote_note":"","_monsterinsights_sitenote_category":0,"footnotes":""},"categories":[637],"tags":[638,43690,43674],"class_list":["post-267197","post","type-post","status-publish","format-standard","hentry","category-jose-antonio-lopez-sosa","tag-detras-del-poder","tag-jose-antonio-lopez-sosa","tag-opinion"],"_links":{"self":[{"href":"https:\/\/www.diarioimagen.net\/index.php?rest_route=\/wp\/v2\/posts\/267197","targetHints":{"allow":["GET"]}}],"collection":[{"href":"https:\/\/www.diarioimagen.net\/index.php?rest_route=\/wp\/v2\/posts"}],"about":[{"href":"https:\/\/www.diarioimagen.net\/index.php?rest_route=\/wp\/v2\/types\/post"}],"author":[{"embeddable":true,"href":"https:\/\/www.diarioimagen.net\/index.php?rest_route=\/wp\/v2\/users\/3"}],"replies":[{"embeddable":true,"href":"https:\/\/www.diarioimagen.net\/index.php?rest_route=%2Fwp%2Fv2%2Fcomments&post=267197"}],"version-history":[{"count":0,"href":"https:\/\/www.diarioimagen.net\/index.php?rest_route=\/wp\/v2\/posts\/267197\/revisions"}],"wp:attachment":[{"href":"https:\/\/www.diarioimagen.net\/index.php?rest_route=%2Fwp%2Fv2%2Fmedia&parent=267197"}],"wp:term":[{"taxonomy":"category","embeddable":true,"href":"https:\/\/www.diarioimagen.net\/index.php?rest_route=%2Fwp%2Fv2%2Fcategories&post=267197"},{"taxonomy":"post_tag","embeddable":true,"href":"https:\/\/www.diarioimagen.net\/index.php?rest_route=%2Fwp%2Fv2%2Ftags&post=267197"}],"curies":[{"name":"wp","href":"https:\/\/api.w.org\/{rel}","templated":true}]}}