{"id":267210,"date":"2016-05-02T00:02:45","date_gmt":"2016-05-02T05:02:45","guid":{"rendered":"http:\/\/www.diarioimagen.net\/?p=267210"},"modified":"2016-05-03T02:04:19","modified_gmt":"2016-05-03T07:04:19","slug":"teacalco-como-vivir-cerca-de-un-cementerio-nuclear","status":"publish","type":"post","link":"https:\/\/www.diarioimagen.net\/?p=267210","title":{"rendered":"Teacalco, c\u00f3mo vivir cerca de un cementerio nuclear"},"content":{"rendered":"<h2>Poder y dinero<\/h2>\n<h5>V\u00edctor S\u00e1nchez Ba\u00f1os<\/h5>\n<p>&nbsp;<\/p>\n<p style=\"text-align: right;\"><em>El mantenimiento de la paz comienza con la autosatisfacci\u00f3n de cada individuo.<br \/>\n<strong>Dalai Lama<\/strong><\/em><\/p>\n<p>En San Juan Teacalco, Temascalapa, Estado de M\u00e9xico, sus habitantes viven tranquilamente y sin sobresaltos. Apenas, hace 30 a\u00f1os supieron que en su comunidad se depositan desechos radioactivos.<\/p>\n<p>Localizado cerca de la carretera federal Otumba-Tizayuca, sus habitantes recuerdan que desde hace algunos a\u00f1os camiones cargados de \u201cfierro viejo\u201d llegaban a una zona confinada y a medio construir, escoltados por patrullas.<\/p>\n<p>Este sitio, conocido como el cementerio, es el dep\u00f3sito de varilla contaminada con cobalto 60, material radioactivo usado en las radioterapias para enfermos de c\u00e1ncer.<\/p>\n<p>A ra\u00edz del accidente ocurrido en diciembre de 1983 en Cd. Ju\u00e1rez, Chihuahua, donde una fuente de cobalto 60 para el tratamiento del c\u00e1ncer fue tirada a un basurero y se us\u00f3 para fundir varilla con la que se construyeron casas y edificios en varias partes del pa\u00eds, el gobierno de Miguel de la Madrid tom\u00f3 la decisi\u00f3n de acondicionar y construir un dep\u00f3sito definitivo para todos los desechos generados.<\/p>\n<p>El dep\u00f3sito consiste en 9 fosas de concreto de 40 por 15 y 5 metros de profundidad. Ah\u00ed \u201cdescansan\u201d esos restos que provocaron serias enfermedades graves a cientos de personas que se expusieron a alt\u00edsimos niveles de radiaci\u00f3n, \u201cen la comodidad de su hogar\u201d.<\/p>\n<p>Se trata del Centro de Almacenamiento de Desechos Radioactivos \u2013Ceder- que desde 1970 opera como un \u201cdep\u00f3sito temporal\u201d de basura radioactiva.<\/p>\n<p>Hace unos meses en un recorrido que hice por esa carretera y vi un letrero que mencionaba \u201cININ\u201d (Instituto Nacional de Investigaciones Nucleares), sab\u00eda que ah\u00ed estaba un cementerio nuclear y aprovech\u00e9 para platicar con los lugare\u00f1os. Aprendieron a vivir con ese dep\u00f3sito, aunque aseguran que aparecieron varias enfermedades extra\u00f1as en la comunidad, como c\u00e1ncer en la tiroides y leucemia. Definitivamente, el n\u00famero de enfermos est\u00e1 dentro de la media nacional.<\/p>\n<p>Esta poblaci\u00f3n se localiza a poco m\u00e1s de un kil\u00f3metro del cementerio nuclear. Esta es una \u00e1rea resguardada de casi 17 hect\u00e1reas, donde afirma de ININ, \u201cguardan\u201d desechos de \u201cnivel bajo\u201d dentro de la normas mexicana NOM-022\/1-1996, para nivel bajo radioactivo. En total hay 32 normas para el tratamiento de residuos nucleares y el ININ mantiene un estricto monitoreo, seg\u00fan me informaron oficialmente.<\/p>\n<p>Actualmente, la actividad de cobalto 60 es menor de 28 Ci, y m\u00e1s del 50% se encuentra en tambos con blindaje de concreto, el resto en productos met\u00e1licos y tierra contaminada. En la superficie de la instalaci\u00f3n se detecta el fondo natural de radiaci\u00f3n. Actualmente el ININ mantiene vigilancia permanente en el sitio.<\/p>\n<p>Sin embargo, no es el \u00fanico dep\u00f3sito. Existen cinco en el pa\u00eds: uno en La Piedra, a 40 kil\u00f3metros al sur de Ciudad Ju\u00e1rez, Chihuahua; un Almac\u00e9n Definitivo de Uranio en Pe\u00f1a Blanca, Chihuahua; Centro de Tratamiento Nuclear de M\u00e9xico en el Edomex, as\u00ed como el Ceder y la Planta Nuclear de Laguna Verde. Todos, bajo las normas de control ambiental y de seguridad nuclear. En eso confiamos.<\/p>\n<p><strong>PODEROSOS CABALLEROS<\/strong>.- La ex ministra de la Suprema Corte, Olga S\u00e1nchez Cordero, al igual que Thomas Heather Rodr\u00edguez, fueron nombrados por el consejo de administraci\u00f3n de Banorte, que preside Carlos Hank Gonz\u00e1lez, como Consejeros Propietarios Independientes. Consejeros de altos vuelos. *** Volaris, bajo el liderazgo de Enrique Belranena, y sus competidores no est\u00e1n interesados en lanzar una guerra de tarifas. Esto les da tranquilidad a los accionistas de empresas a\u00e9reas mexicanas que cotizan en la Bolsa Mexicana de Valores. De acuerdo a analistas de Banamex, la aerol\u00ednea de ultra-bajo costo Volaris contin\u00faa creciendo en cuanto a los ingresos por asiento disponibles por milla. Como consecuencia, los datos recientes muestran que la contracci\u00f3n de las tarifas nacionales en M\u00e9xico podr\u00eda estar relacionada, al menos en parte, al esfuerzo de la aerol\u00ednea por ganar participaci\u00f3n de mercado a las compa\u00f1\u00edas de autobuses de transporte interestatal e internacional.<\/p>\n<p><strong>RESPONSABILIDAD SOCIAL CORPORATIVA<\/strong>.- Novartis celebr\u00f3 la vig\u00e9sima edici\u00f3n del D\u00eda de la Comunidad, programa insignia de su estrategia de Responsabilidad Social que re\u00fane a Asociados en todo el mundo para celebrar su compromiso con la comunidad. Como parte de este programa, en M\u00e9xico se llevaron a cabo 5 actividades de voluntariado en alianza con cuatro organizaciones; Fundaci\u00f3n IMSS, el movimiento Save the Children, la asociaci\u00f3n Aqu\u00ed Nadie se Rinde y Reforestamos M\u00e9xico. Este a\u00f1o m\u00e1s de 27,500 asociados, de los 84 pa\u00edses, dedicaron m\u00e1s de 200 mil horas de trabajo voluntario a causas ben\u00e9ficas que est\u00e1n estrechamente alineadas con la misi\u00f3n de Novartis.<\/p>\n<p><a href=\"mailto:vsanchezb@gmail.com\" target=\"_blank\"><em>vsanchezb@gmail.com<\/em><\/a><\/p>\n<p><em>Twitter, Facebook y Printerest:<strong>\u00a0vsanchezbano<\/strong><\/em><\/p>\n","protected":false},"excerpt":{"rendered":"<p><span style=\"color: #005497;\"><strong>V\u00edctor S\u00e1nchez Ba\u00f1os<\/strong><\/span><\/p>\n","protected":false},"author":3,"featured_media":0,"comment_status":"open","ping_status":"open","sticky":false,"template":"","format":"standard","meta":{"_monsterinsights_skip_tracking":false,"_monsterinsights_sitenote_active":false,"_monsterinsights_sitenote_note":"","_monsterinsights_sitenote_category":0,"footnotes":""},"categories":[38844],"tags":[43674,38847,38848],"class_list":["post-267210","post","type-post","status-publish","format-standard","hentry","category-victor-sanchez-banos","tag-opinion","tag-poder-y-dinero","tag-victor-sanchez-banos"],"_links":{"self":[{"href":"https:\/\/www.diarioimagen.net\/index.php?rest_route=\/wp\/v2\/posts\/267210","targetHints":{"allow":["GET"]}}],"collection":[{"href":"https:\/\/www.diarioimagen.net\/index.php?rest_route=\/wp\/v2\/posts"}],"about":[{"href":"https:\/\/www.diarioimagen.net\/index.php?rest_route=\/wp\/v2\/types\/post"}],"author":[{"embeddable":true,"href":"https:\/\/www.diarioimagen.net\/index.php?rest_route=\/wp\/v2\/users\/3"}],"replies":[{"embeddable":true,"href":"https:\/\/www.diarioimagen.net\/index.php?rest_route=%2Fwp%2Fv2%2Fcomments&post=267210"}],"version-history":[{"count":0,"href":"https:\/\/www.diarioimagen.net\/index.php?rest_route=\/wp\/v2\/posts\/267210\/revisions"}],"wp:attachment":[{"href":"https:\/\/www.diarioimagen.net\/index.php?rest_route=%2Fwp%2Fv2%2Fmedia&parent=267210"}],"wp:term":[{"taxonomy":"category","embeddable":true,"href":"https:\/\/www.diarioimagen.net\/index.php?rest_route=%2Fwp%2Fv2%2Fcategories&post=267210"},{"taxonomy":"post_tag","embeddable":true,"href":"https:\/\/www.diarioimagen.net\/index.php?rest_route=%2Fwp%2Fv2%2Ftags&post=267210"}],"curies":[{"name":"wp","href":"https:\/\/api.w.org\/{rel}","templated":true}]}}