{"id":267327,"date":"2016-05-03T00:10:08","date_gmt":"2016-05-03T05:10:08","guid":{"rendered":"http:\/\/www.diarioimagen.net\/?p=267327"},"modified":"2016-05-03T04:27:13","modified_gmt":"2016-05-03T09:27:13","slug":"proponen-incentivos-para-quien-use-energias-alternativas-y-limpias","status":"publish","type":"post","link":"https:\/\/www.diarioimagen.net\/?p=267327","title":{"rendered":"Proponen incentivos para quien use energ\u00edas alternativas y limpias"},"content":{"rendered":"<ul>\n<li><strong><em>Medidas anticontaminaci\u00f3n en la capital<\/em><\/strong><\/li>\n<\/ul>\n<p>&nbsp;<\/p>\n<div id=\"attachment_267429\" style=\"width: 430px\" class=\"wp-caption aligncenter\"><a href=\"http:\/\/www.diarioimagen.net\/?attachment_id=267429\" rel=\"attachment wp-att-267429\"><img loading=\"lazy\" decoding=\"async\" aria-describedby=\"caption-attachment-267429\" class=\"size-large wp-image-267429\" src=\"http:\/\/www.diarioimagen.net\/wp-content\/uploads\/2016\/05\/incentivos-2858-420x236.jpg\" alt=\"El PRD en la ALDF propuso otorgar est\u00edmulos fiscales, financieros y administrativos a las personas f\u00edsicas y morales que privilegien el uso de energ\u00edas alternativas y limpias.\" width=\"420\" height=\"236\" srcset=\"https:\/\/www.diarioimagen.net\/wp-content\/uploads\/2016\/05\/incentivos-2858-420x236.jpg 420w, https:\/\/www.diarioimagen.net\/wp-content\/uploads\/2016\/05\/incentivos-2858-240x135.jpg 240w, https:\/\/www.diarioimagen.net\/wp-content\/uploads\/2016\/05\/incentivos-2858-235x132.jpg 235w, https:\/\/www.diarioimagen.net\/wp-content\/uploads\/2016\/05\/incentivos-2858-202x114.jpg 202w, https:\/\/www.diarioimagen.net\/wp-content\/uploads\/2016\/05\/incentivos-2858-350x196.jpg 350w, https:\/\/www.diarioimagen.net\/wp-content\/uploads\/2016\/05\/incentivos-2858-220x123.jpg 220w, https:\/\/www.diarioimagen.net\/wp-content\/uploads\/2016\/05\/incentivos-2858-237x132.jpg 237w, https:\/\/www.diarioimagen.net\/wp-content\/uploads\/2016\/05\/incentivos-2858.jpg 480w\" sizes=\"auto, (max-width: 420px) 100vw, 420px\" \/><\/a><p id=\"caption-attachment-267429\" class=\"wp-caption-text\">El PRD en la ALDF propuso otorgar est\u00edmulos fiscales, financieros y administrativos a las personas f\u00edsicas y morales que privilegien el uso de energ\u00edas alternativas y limpias.<\/p><\/div>\n<p>&nbsp;<\/p>\n<p>Con el objetivo de reducir la contaminaci\u00f3n y propiciar un entorno favorable para los habitantes de la Ciudad de M\u00e9xico y el medio ambiente, el diputado del Partido de la Revoluci\u00f3n Democr\u00e1tica (PRD), Iv\u00e1n Texta Sol\u00eds, propuso otorgar est\u00edmulos fiscales, financieros y administrativos a las personas f\u00edsicas y morales que privilegien el uso de energ\u00edas alternativas y limpias en la capital del pa\u00eds.<\/p>\n<p>En la iniciativa de reformas y adiciones a la Ley del Medio Ambiente presentada por el legislador ante el pleno de la Asamblea Legislativa del Distrito Federal (ALDF), se indica que dichos est\u00edmulos tambi\u00e9n se otorgar\u00e1n a la investigaci\u00f3n, incorporaci\u00f3n o utilizaci\u00f3n de mecanismos, equipos y tecnolog\u00edas que reduzcan o controlen la contaminaci\u00f3n o el deterioro ambiental.<\/p>\n<p>La propuesta de Texta Sol\u00eds establece que recibir\u00e1n estos beneficios quienes promuevan y realicen un uso eficiente de los recursos naturales, participen en la reducci\u00f3n de residuos s\u00f3lidos urbanos y consumo de agua o de energ\u00eda e incorporen sistemas de ahorro de \u00e9sta, as\u00ed como las personas f\u00edsicas o morales que tengan veh\u00edculos motorizados con tecnolog\u00edas sustentables.<\/p>\n<p>Para ello, indica la iniciativa, la Secretar\u00eda de Movilidad incentivar\u00e1 el uso y desarrollo de tecnolog\u00edas que se relacionen con energ\u00edas alternativas y limpias, en tanto que la administraci\u00f3n p\u00fablica implementar\u00e1 un programa para otorgar est\u00edmulos y facilidades a los propietarios de los veh\u00edculos motorizados.<\/p>\n<p>En la propuesta del presidente de la Comisi\u00f3n de Vigilancia de la Auditor\u00eda Superior de la Ciudad de M\u00e9xico se otorga a la Secretar\u00eda del Medio Ambiente (Sedema) la facultad de celebrar acuerdos y convenios para el establecimiento de programas que permitan el ahorro de energ\u00eda y su utilizaci\u00f3n eficiente, as\u00ed como para el desarrollo de fuentes de energ\u00eda, incluidas las renovables.<\/p>\n<p>Asimismo, se instaura la obligaci\u00f3n de las diversas entidades del gobierno de la Ciudad de M\u00e9xico para que, en la medida de sus posibilidades presupuestarias, instalen alg\u00fan tipo de tecnolog\u00eda solar.<\/p>\n<p>En la iniciativa del asamble\u00edsta se propone obligar a la administraci\u00f3n local a dise\u00f1ar e implementar pol\u00edticas, programas y acciones para procurar que los componentes del sistema de movilidad de la ciudad cuenten con los requerimientos y las propiedades aceptables para cumplir con su funci\u00f3n y producir el menor da\u00f1o ambiental.<\/p>\n<p>En el caso de la Ley de Desarrollo Urbano, se sugiere una planeaci\u00f3n que considere la instalaci\u00f3n de sistemas de ahorro y aprovechamiento de energ\u00edas renovables; es decir, aquellas que provienen de recursos naturales que no se agotan y a los que se puede recurrir de manera permanente porque su impacto ambiental es nulo y contribuir\u00eda a reducir los efectos del cambio clim\u00e1tico.<\/p>\n<p>&nbsp;<\/p>\n<blockquote>\n<h2 style=\"text-align: center;\">Cuesta 33 mdp diarios restricci\u00f3n vehicular<\/h2>\n<ul>\n<li><strong><em>A comerciantes capitalinos<\/em><\/strong><\/li>\n<\/ul>\n<p>Las afectaciones del actual Hoy No Circula\u00a0 llegan a 767 millones de pesos, s\u00f3lo en lo que se refiere al peque\u00f1o comercio de la Ciudad de M\u00e9xico.<\/p>\n<p>Son 33 millones de pesos diarios lo que comerciantes gastan por los sueldos extraordinarios que deben pagar a sus empleados por la ampliaci\u00f3n de sus jornadas de trabajo para la recepci\u00f3n de mercanc\u00edas durante la noche, especialmente s\u00e1bados y domingos.<\/p>\n<p>El presidente de la C\u00e1mara de Comercio de la Ciudad de M\u00e9xico, Humberto Lozano, explic\u00f3 que no desea que el Hoy No Circula se extienda m\u00e1s.<\/p>\n<p>Los comerciantes dijeron quetienen un plan para llegar a acuerdos para que no se extienda m\u00e1s all\u00e1 de junio, en raz\u00f3n de que los comercios m\u00e1s afectados son los que se dedican a la producci\u00f3n de alimentos y bebidas, los abarrotes que deben de pagar 800 pesos m\u00e1s por abastecerse en distintos horarios de los que se ten\u00edan programados.<\/p>\n<p>Dijo que el INEGI ha registrado que fueron 150 mil empresas las que debieron reprogramar sus rutas de entrega el pasado fin de semana y 47 mil de \u00e9stas se dedican a la producci\u00f3n de alimentos y bebidas; 80 mil expenden abarrotes y s\u00f3lo 3 mil son mayoristas.<\/p>\n<p>Humberto Lozano sostiene que respetar\u00e1n la medida de las autoridades, siempre y cuando no rebase el tiempo para la que fue programada (tres meses) y que tambi\u00e9n est\u00e1n dispuestos a colaborar con otra medida de emergencia que no debe ser el Hoy No Circula generalizado, como est\u00e1 ahora, que (est\u00e1 comprobado) no mitiga la contaminaci\u00f3n.<\/p>\n<p>Pidi\u00f3 ser incluyentes con los comerciantes y sostuvo que tiene un plan para llegar a acuerdos y refiri\u00f3 que la compra de autos se dispar\u00f3, pues la gente desea circular todos los d\u00edas.<\/p>\n<p>Dicha compra se elev\u00f3 en 10 por ciento y el valor de los autos usados se dispar\u00f3 en un 5 por ciento.<\/p><\/blockquote>\n<p>&nbsp;<\/p>\n","protected":false},"excerpt":{"rendered":"<p>Con el objetivo de reducir la contaminaci\u00f3n y propiciar un entorno favorable para los habitantes de la Ciudad de M\u00e9xico y el medio ambiente, el diputado del Partido de la Revoluci\u00f3n Democr\u00e1tica (PRD), Iv\u00e1n Texta Sol\u00eds, propuso otorgar est\u00edmulos fiscales, financieros y administrativos a las personas f\u00edsicas y morales que privilegien el uso de energ\u00edas alternativas y limpias en la capital del pa\u00eds.  En la iniciativa de reformas y adiciones a la Ley del Medio Ambiente presentada por el legislador ante el pleno de la Asamblea Legislativa del Distrito Federal (ALDF), se indica que dichos est\u00edmulos tambi\u00e9n se otorgar\u00e1n a la investigaci\u00f3n, incorporaci\u00f3n o utilizaci\u00f3n de mecanismos, equipos y tecnolog\u00edas que reduzcan o controlen la contaminaci\u00f3n o el deterioro ambiental.<\/p>\n","protected":false},"author":3,"featured_media":267429,"comment_status":"open","ping_status":"open","sticky":false,"template":"","format":"standard","meta":{"_monsterinsights_skip_tracking":false,"_monsterinsights_sitenote_active":false,"_monsterinsights_sitenote_note":"","_monsterinsights_sitenote_category":0,"footnotes":""},"categories":[6],"tags":[27005],"class_list":["post-267327","post","type-post","status-publish","format-standard","has-post-thumbnail","hentry","category-cd-de-mexico","tag-hoy-no-circula"],"_links":{"self":[{"href":"https:\/\/www.diarioimagen.net\/index.php?rest_route=\/wp\/v2\/posts\/267327","targetHints":{"allow":["GET"]}}],"collection":[{"href":"https:\/\/www.diarioimagen.net\/index.php?rest_route=\/wp\/v2\/posts"}],"about":[{"href":"https:\/\/www.diarioimagen.net\/index.php?rest_route=\/wp\/v2\/types\/post"}],"author":[{"embeddable":true,"href":"https:\/\/www.diarioimagen.net\/index.php?rest_route=\/wp\/v2\/users\/3"}],"replies":[{"embeddable":true,"href":"https:\/\/www.diarioimagen.net\/index.php?rest_route=%2Fwp%2Fv2%2Fcomments&post=267327"}],"version-history":[{"count":0,"href":"https:\/\/www.diarioimagen.net\/index.php?rest_route=\/wp\/v2\/posts\/267327\/revisions"}],"wp:featuredmedia":[{"embeddable":true,"href":"https:\/\/www.diarioimagen.net\/index.php?rest_route=\/wp\/v2\/media\/267429"}],"wp:attachment":[{"href":"https:\/\/www.diarioimagen.net\/index.php?rest_route=%2Fwp%2Fv2%2Fmedia&parent=267327"}],"wp:term":[{"taxonomy":"category","embeddable":true,"href":"https:\/\/www.diarioimagen.net\/index.php?rest_route=%2Fwp%2Fv2%2Fcategories&post=267327"},{"taxonomy":"post_tag","embeddable":true,"href":"https:\/\/www.diarioimagen.net\/index.php?rest_route=%2Fwp%2Fv2%2Ftags&post=267327"}],"curies":[{"name":"wp","href":"https:\/\/api.w.org\/{rel}","templated":true}]}}