{"id":267360,"date":"2016-05-03T00:10:19","date_gmt":"2016-05-03T05:10:19","guid":{"rendered":"http:\/\/www.diarioimagen.net\/?p=267360"},"modified":"2016-05-04T01:07:22","modified_gmt":"2016-05-04T06:07:22","slug":"ante-la-caida-de-los-yunes-amlo-va-por-veracruz","status":"publish","type":"post","link":"https:\/\/www.diarioimagen.net\/?p=267360","title":{"rendered":"Ante la ca\u00edda de los Yunes, AMLO va por Veracruz"},"content":{"rendered":"<h2>Tras la puerta del poder<\/h2>\n<h5>Roberto Vizca\u00edno<\/h5>\n<p>&nbsp;<\/p>\n<ul>\n<li><strong><em>Las encuestas advierten el hundimiento de los Yunes y el repunte de Morena\u00a0<\/em><\/strong><\/li>\n<li><strong><em>Si el tabasque\u00f1o gana Veracruz y Zacatecas y apuntala en otros estados, va por el Edomex en 2017<\/em><\/strong><\/li>\n<\/ul>\n<p>&nbsp;<\/p>\n<div id=\"attachment_267448\" style=\"width: 430px\" class=\"wp-caption aligncenter\"><a href=\"http:\/\/www.diarioimagen.net\/?attachment_id=267448\" rel=\"attachment wp-att-267448\"><img loading=\"lazy\" decoding=\"async\" aria-describedby=\"caption-attachment-267448\" class=\"size-large wp-image-267448\" src=\"http:\/\/www.diarioimagen.net\/wp-content\/uploads\/2016\/05\/ABRANLA-jose-luis-2858-420x343.jpg\" alt=\"\u00c1branla... | Jos\u00e9 Luis\" width=\"420\" height=\"343\" srcset=\"https:\/\/www.diarioimagen.net\/wp-content\/uploads\/2016\/05\/ABRANLA-jose-luis-2858-420x343.jpg 420w, https:\/\/www.diarioimagen.net\/wp-content\/uploads\/2016\/05\/ABRANLA-jose-luis-2858-240x196.jpg 240w, https:\/\/www.diarioimagen.net\/wp-content\/uploads\/2016\/05\/ABRANLA-jose-luis-2858-768x627.jpg 768w, https:\/\/www.diarioimagen.net\/wp-content\/uploads\/2016\/05\/ABRANLA-jose-luis-2858.jpg 1200w\" sizes=\"auto, (max-width: 420px) 100vw, 420px\" \/><\/a><p id=\"caption-attachment-267448\" class=\"wp-caption-text\">\u00c1branla&#8230; | Jos\u00e9 Luis<\/p><\/div>\n<p>&nbsp;<\/p>\n<p>\u00c9sta s\u00ed ser\u00eda hacer limpiamente \u201c<em>la chica<\/em>\u201d.<\/p>\n<p>Y es que quien est\u00e1 en campa\u00f1a en Veracruz por Morena, no es Cuitl\u00e1huac Garc\u00eda sino el mism\u00edsimo Andr\u00e9s Manuel L\u00f3pez Obrador.<\/p>\n<p>Por ello las encuestas realizadas durante la semana pasada para medir c\u00f3mo van los candidatos a suceder al in\u00fatil de Javier Duarte en la gubernatura del estado, deben haber provocado la apertura de una botella de champagne por parte del tabasque\u00f1o.<\/p>\n<p>Los indicadores y porcentajes de todas ellas son para hacer la gran fiesta. En cada una se advierte que el candidato de Morena podr\u00eda muy bien alcanzar y rebasar a los punteros en el tramo de los 33 d\u00edas que faltan para el 5 de junio y coronarse con una gubernatura de proporciones insospechadas.<\/p>\n<p>Nada menos y nada m\u00e1s que la de Veracruz.<\/p>\n<p>Uno de los estados no s\u00f3lo emblem\u00e1ticos del pa\u00eds, sino el tercero en producci\u00f3n de votos, y uno de los primeros en yacimientos petroleros, en pesca, turismo, productos agropecuarios y ganaderos y adem\u00e1s el m\u00e1s importante en el Golfo de M\u00e9xico.<\/p>\n<p>Ser\u00eda lograr lo que, en el medio de <em>la jugada<\/em>, sobre todo en las carreras de caballos, se conoce como \u201c<em>hacer la chica<\/em>\u201d, es decir: alcanzar lo inesperado, probar que el d\u00e9bil puede ganarle al fuerte, o de que triunfe alguien de quien no se esperaba nada.<\/p>\n<p>L\u00f3pez Obrador, el pol\u00edtico quiz\u00e1 m\u00e1s fogueado en elecciones en el pa\u00eds, sin ninguna duda el m\u00e1s ma\u00f1oso, el m\u00e1s ambicioso, ya oli\u00f3 la sangre en los comicios veracruzanos.<\/p>\n<p>Sabe que su candidato puede ganar. Por eso quien anda en campa\u00f1a es \u00e9l, quien habla en los m\u00edtines es \u00e9l, quien saluda y abraza ni\u00f1os y viejitas es \u00e9l, jalando, arrastrando, colocando como su sombra a Cuitl\u00e1huac Garc\u00eda, a quien seg\u00fan los sondeos el 66 por ciento de los veracruzanos no conocen.<\/p>\n<p>Hoy, gracias a la estrategia de AMLO, de hacer campa\u00f1a directa por Morena, su candidato tiene, seg\u00fan una encuesta del diario Reforma, 24 puntos frente a los 32 del pri\u00edsta H\u00e9ctor Yunes y 33 de Miguel \u00c1ngel Yunes Linares quien compite por la alianza PAN-PRD.<\/p>\n<p>Levantada entre el 21 y 25 de abril reciente, la encuesta no refleja todav\u00eda las informaciones que durante fines de abril expusieron p\u00fablicamente la enorme riqueza y mansiones de Miguel \u00c1ngel Yunes Linares y sus hijos, y las filtraciones en donde el ex director del ISSSTE habla con su hijo Omar de invertir 68 millones de d\u00f3lares en un edificio en Manhattan, Nueva York.<\/p>\n<p>No se sab\u00eda en esos d\u00edas que el otro hijo, Miguel Yunes M\u00e1rquez, acaba de adquirir una residencia de 35 millones de pesos que cuenta con una cochera para 7 autom\u00f3viles, 17 habitaciones con ba\u00f1o con jacuzzi, 2 albercas y sala de cine con 15 sillones, sala de juegos con billar, ruleta, mesas de cartas y otras para dardos construida sobre un predio de <strong>tres mil metros cuadrados localizado<\/strong> a orillas de <strong>El Estero<\/strong>, en el municipio de Alvarado, y ubicado a s\u00f3lo treinta minutos del Centro Hist\u00f3rico del Puerto de Veracruz.<\/p>\n<p>En fin, por esos d\u00edas del levantamiento de esta encuesta no se hab\u00eda explicado que es tal la fortuna inexplicable de Miguel \u00c1ngel Yunes Linares y sus hijos, que simplemente no puede tener un origen l\u00edcito.<\/p>\n<p>Desde entonces, dice otra encuesta, esta de Gabinete de Comunicaci\u00f3n Estrat\u00e9gica, que dirigen Li\u00e9bano S\u00e1enz y Federico Berrueto, la intenci\u00f3n de voto hacia Yunes Linares ha ca\u00eddo en picada sin que eso haya fortalecido al segundo en la carrera, el pri\u00edsta H\u00e9ctor Yunes Landa.<\/p>\n<p>Quien en todas las encuestas realizadas avanza firme es Cuitl\u00e1huac Garc\u00eda de Morena.<\/p>\n<p>El tema es que a, un mes del cierre de la elecci\u00f3n, los primos Yunes -Miguel \u00c1ngel y H\u00e9ctor- cargan con 29 por ciento de rechazo y, cuando se pregunta a los veracruzanos por qui\u00e9n votar\u00edan de ser s\u00f3lo 3 candidatos, resulta que Garc\u00eda les ganar\u00eda por 27 por ciento en tanto que H\u00e9ctor sacar\u00eda 25 por ciento y Miguel \u00c1ngel un 23 por ciento.<\/p>\n<p>Este \u00faltimo dato indica que Cuitl\u00e1huac Garc\u00eda est\u00e1 m\u00e1s cerca de ganar que los Yunes.<\/p>\n<p>Estas proyecciones las confirm\u00f3 una encuesta publicada ayer por el diario El Universal, que ubica al pri\u00edsta H\u00e9ctor Yunes con el 20 por ciento de la preferencia de voto, a Miguel \u00c1ngel con 18 y a Cuitl\u00e1huac Garc\u00eda con 16 por ciento. En este sondeo realizado a fines de la semana pasada, los m\u00e1rgenes son menores que en la de Reforma.<\/p>\n<p>Una muy similar es la realizada tambi\u00e9n por la Universidad Veracruzana, la que incluye a un cuarto contendiente, al candidato del Partido Encuentro Social, V\u00edctor Alejandro \u201cPipo\u201d V\u00e1zquez con m\u00e1s de 10 puntos y al ex panista Juan Bueno Torio con 7 por ciento.<\/p>\n<p>El derrumbe de los Yunes no s\u00f3lo significar\u00eda un inesperado e inconmensurable triunfo de AMLO-Morena y Garc\u00eda en Veracruz, sino un reacomodo de las fuerzas pol\u00edticas locales.<\/p>\n<p>Diluir\u00edan las representaciones en el Congreso estatal y establecer\u00edan una nueva red territorial en el mapa municipal veracruzano.<\/p>\n<p style=\"text-align: center;\"><strong>AMLO COMO GODZILLA<br \/>\n<\/strong><\/p>\n<p>El 15 de mayo de 2014 los cines del mundo entero fueron asaltados por la pel\u00edcula que narr\u00f3 el regreso de Godzilla, un depredador global que destroza todo a su paso y que provoca las peores pesadillas.<\/p>\n<p>As\u00ed este mayo podr\u00eda resurgir Andr\u00e9s Manuel L\u00f3pez Obrador en el escenario pol\u00edtico nacional con un as bajo su manga que ahora s\u00ed podr\u00eda colocarlo a las puertas de Los Pinos en las presidenciales de 2018.<\/p>\n<p>La correlaci\u00f3n es simple: si Morena gana el proceso veracruzano, el tercer estado productor de votos en el pa\u00eds, las aspiraciones de AMLO para ir ahora en 2017 por la gubernatura del Estado de M\u00e9xico, no ser\u00eda algo absurdo.<\/p>\n<p>No hay que olvidar que con David Monreal AMLO tambi\u00e9n podr\u00eda hacerse de Zacatecas.<\/p>\n<p><strong>Y si sus candidatos Salom\u00f3n Jara<\/strong> en Oaxaca; <strong>Abraham Quiroz<\/strong> en Puebla; <strong>Martha Palafox en Tlaxcala<\/strong>, y <strong>Jos\u00e9 Luis Pech<\/strong> en Quintana Roo tienen buenos resultados, como parece los van a tener, el escenario pro-Morena o m\u00e1s bien pro-AMLO podr\u00eda significar el resurgimiento del proyecto populista m\u00e1s consistente de los \u00faltimos a\u00f1os en M\u00e9xico. Como Godzilla para no pocos mexicanos.<\/p>\n<p>Ni qu\u00e9 decir que Andr\u00e9s Manuel L\u00f3pez Obrador ser\u00eda el candidato a vencer en el 2018.<\/p>\n<p>De este tama\u00f1o es lo que ocurre hoy en Veracruz.<\/p>\n<p style=\"text-align: center;\"><strong>VELASCO, OTRA AMENAZA<\/strong><\/p>\n<p>El diputado federal veracruzano Gonzalo Gu\u00edzar Valladares, presidente de la Comisi\u00f3n de Asuntos Migratorios, se dijo alarmado por el nivel que ha alcanzado la violaci\u00f3n de los derechos humanos de los migrantes sud y centroamericanos que entran por la frontera chiapaneca, y que caen en las garras de las polic\u00edas estatales del gobernador chiapaneco, el verde Manuel Velasco.<\/p>\n<p>El \u201cgobernador Milagro\u201d, dijo Gu\u00edzar, sin duda ha logrado establecer un importante muro de contenci\u00f3n de la migraci\u00f3n proveniente de la regi\u00f3n, pero no por aplicar la pol\u00edtica del gobierno federal basada en la b\u00fasqueda del convencimiento, sino a trav\u00e9s de la brutalidad policiaca, los secuestros y levantamientos, la explotaci\u00f3n y las extorsiones.<\/p>\n<p>El gobernador Velasco est\u00e1 llevando a Chiapas a los niveles de depredaci\u00f3n y malversaci\u00f3n de recursos p\u00fablicos como Javier Duarte en Veracruz, dijo.<\/p>\n<p>Egoc\u00e9ntrico, irresponsable, despilfarrador, autoritario, violento, Velasco es un gobernador que ha recurrido a los viejos m\u00e9todos de represi\u00f3n, que fueron el eje de la \u00e9poca del poder pri\u00edsta, indic\u00f3 el legislador.<\/p>\n<p>Mientras \u00e9l gasta cientos de millones de pesos en el manejo de su imagen, el Coneval registra que, de los 15 municipios m\u00e1s pobres del pa\u00eds, 9 se encuentran en Chiapas.<\/p>\n<p>Por su comportamiento, indic\u00f3 Gu\u00edzar, gobernadores como Manuel Velasco son los que precisamente pudieran hundir el proyecto del r\u00e9gimen del presidente Enrique Pe\u00f1a Nieto orientado a impulsar al sureste mexicano a trav\u00e9s del programa de las Zonas Econ\u00f3micas Especiales.<\/p>\n<p>Este objetivo surge de una dura realidad, la que indica que mientras los habitantes de las ciudades del centro y norte del pa\u00eds aumentaron su ingreso per c\u00e1pita en 48% los de las ciudades del sureste, s\u00f3lo lo hicieron en un 38%, es decir 10 puntos abajo, subray\u00f3 Gu\u00edzar.<\/p>\n<p><em><a href=\"mailto:rvizcainoa@gmail.com\" target=\"_blank\">vizcainoa@gmail.com<\/a><\/em><br \/>\n<em><a href=\"http:\/\/www.endirecto.com.mx\/\" target=\"_blank\">www.endirecto.com.mx<\/a><\/em><br \/>\n<em><a href=\"https:\/\/twitter.com\/_rvizcaino\" target=\"_blank\">@_RVizcaino<\/a><\/em><br \/>\n<a href=\"https:\/\/www.facebook.com\/rvizcainoa\" target=\"_blank\">f<em>acebook.com\/rvizcainoa<\/em><\/a><\/p>\n","protected":false},"excerpt":{"rendered":"<p><span style=\"color: #005497;\"><strong>Roberto Vizca\u00edno<\/strong><\/span><br \/>\n<br \/>\n\u00c9sta s\u00ed ser\u00eda hacer limpiamente \u201cla chica\u201d. Y es que quien est\u00e1 en campa\u00f1a en Veracruz por Morena, no es Cuitl\u00e1huac Garc\u00eda sino el mism\u00edsimo Andr\u00e9s Manuel L\u00f3pez Obrador.<\/p>\n","protected":false},"author":3,"featured_media":267448,"comment_status":"open","ping_status":"open","sticky":false,"template":"","format":"standard","meta":{"_monsterinsights_skip_tracking":false,"_monsterinsights_sitenote_active":false,"_monsterinsights_sitenote_note":"","_monsterinsights_sitenote_category":0,"footnotes":""},"categories":[136],"tags":[43674,93,94],"class_list":["post-267360","post","type-post","status-publish","format-standard","has-post-thumbnail","hentry","category-roberto-vizcaino-opinion","tag-opinion","tag-roberto-vizcaino","tag-tras-la-puerta-del-poder"],"_links":{"self":[{"href":"https:\/\/www.diarioimagen.net\/index.php?rest_route=\/wp\/v2\/posts\/267360","targetHints":{"allow":["GET"]}}],"collection":[{"href":"https:\/\/www.diarioimagen.net\/index.php?rest_route=\/wp\/v2\/posts"}],"about":[{"href":"https:\/\/www.diarioimagen.net\/index.php?rest_route=\/wp\/v2\/types\/post"}],"author":[{"embeddable":true,"href":"https:\/\/www.diarioimagen.net\/index.php?rest_route=\/wp\/v2\/users\/3"}],"replies":[{"embeddable":true,"href":"https:\/\/www.diarioimagen.net\/index.php?rest_route=%2Fwp%2Fv2%2Fcomments&post=267360"}],"version-history":[{"count":0,"href":"https:\/\/www.diarioimagen.net\/index.php?rest_route=\/wp\/v2\/posts\/267360\/revisions"}],"wp:featuredmedia":[{"embeddable":true,"href":"https:\/\/www.diarioimagen.net\/index.php?rest_route=\/wp\/v2\/media\/267448"}],"wp:attachment":[{"href":"https:\/\/www.diarioimagen.net\/index.php?rest_route=%2Fwp%2Fv2%2Fmedia&parent=267360"}],"wp:term":[{"taxonomy":"category","embeddable":true,"href":"https:\/\/www.diarioimagen.net\/index.php?rest_route=%2Fwp%2Fv2%2Fcategories&post=267360"},{"taxonomy":"post_tag","embeddable":true,"href":"https:\/\/www.diarioimagen.net\/index.php?rest_route=%2Fwp%2Fv2%2Ftags&post=267360"}],"curies":[{"name":"wp","href":"https:\/\/api.w.org\/{rel}","templated":true}]}}