{"id":267371,"date":"2016-05-03T00:02:30","date_gmt":"2016-05-03T05:02:30","guid":{"rendered":"http:\/\/www.diarioimagen.net\/?p=267371"},"modified":"2016-05-03T02:05:16","modified_gmt":"2016-05-03T07:05:16","slug":"convertiran-en-circo-al-periodo-extraordinario-del-congreso","status":"publish","type":"post","link":"https:\/\/www.diarioimagen.net\/?p=267371","title":{"rendered":"\u00bfConvertir\u00e1n en circo al periodo extraordinario del Congreso?"},"content":{"rendered":"<h2>Poder y dinero<\/h2>\n<h5>V\u00edctor S\u00e1nchez Ba\u00f1os<\/h5>\n<p>&nbsp;<\/p>\n<p style=\"text-align: right;\"><em>La primera condici\u00f3n para la paz es la voluntad de lograrla.<br \/>\n<\/em><strong><em>Juan Luis Vives (1492-1540) Humanista y fil\u00f3sofo espa\u00f1ol.<\/em><\/strong><\/p>\n<p>&nbsp;<\/p>\n<p>Una gran batalla se da en los entretelones legislativos para que en la reuni\u00f3n de la Comisi\u00f3n Permanente del Congreso de la Uni\u00f3n, que inicia ma\u00f1ana, se apruebe un periodo extraordinario de sesiones, con el \u00fanico fin de aprobar la legislaci\u00f3n anticorrupci\u00f3n.<\/p>\n<p>La oposici\u00f3n al PRI, que est\u00e1 \u00e1vida de atraer las candilejas en el periodo de campa\u00f1as en la mitad del pa\u00eds, quiere aprovechar esta oportunidad para discutir el proyecto, denostando al partido en el poder, en la mayor\u00eda de esas entidades donde renuevan al Ejecutivo estatal, alcaldes y sus congresos locales.<\/p>\n<p>El proyecto presentado por la trinca PRI-PVEM-PANAL, tiene diferencias con el que impulsan PAN-PRD. Esas podr\u00edan salvarse f\u00e1cilmente mediante negociaciones pol\u00edticas.\u00a0 Sin embargo, lo que quieren los azules y amarillos, es sacar provecho medi\u00e1tico.<\/p>\n<p>Ante ello Emilio Gamboa en el Senado, y C\u00e9sar Camacho, en Diputados, quieren que la discusi\u00f3n se d\u00e9 a mediados o finales de junio. Despu\u00e9s de las elecciones. En realidad es mes y medio de diferencia.<\/p>\n<p>Seguramente la tribuna del periodo extraordinario, ser\u00e1 utilizada por los opositores al r\u00e9gimen para cuestionar los triunfos de los tricolores y viceversa, aunque el Reglamento Interno del Congreso permita s\u00f3lo los temas a los que se convoca el periodo extraordinario.<\/p>\n<p>Por ello, los asuntos electorales estar\u00edan fuera de agenda. Pero, como los legisladores hacen lo que se les pega su gana, incuso violar las leyes y reglamentos del Congreso, se espera que sea un circo medi\u00e1tico dicho periodo.<\/p>\n<p>A cambio, generosamente, la oposici\u00f3n \u201cdiscutir\u00e1 y aprobar\u00e1\u201d la propuesta enviada por el presidente Enrique Pe\u00f1a, en el uso de la mariguana para fines m\u00e9dicos y el aumento a las dosis que porten los adictos.<\/p>\n<p>Este proyecto es muy importante ya que le abrir\u00e1 las puertas de la c\u00e1rcel a cientos, quiz\u00e1 miles, de presos que est\u00e1n en prisi\u00f3n por ser adictos, aunque sean narcotraficantes; al mismo tiempo que podr\u00e1n ser utilizados los derivados del cannabis para aliviar el dolor en enfermos.<\/p>\n<p>Es el primer paso para la legalizaci\u00f3n de ese psicotr\u00f3pico con fines \u201crecreacionales\u201d; para drogarse, en pocas palabras.\u00a0 Hacerle cambios a la propuesta presidencial, implicar\u00eda serios riesgos a la sociedad. Reitero, como en otros art\u00edculos de esta serie: antes de aprobar cualquier ley para permitir el uso recreacional de las drogas, que vean la vida de infierno que tienen las familias de los adictos, as\u00ed como la \u201cvida\u201d de \u00e9stos mismos. \u00a1Un infierno!<\/p>\n<p>Las leyes y reglamentos anticorrupci\u00f3n son importantes para los mexicanos que estamos hartos de la corrupci\u00f3n; un mal que nos impide crecer como pa\u00eds, como sociedad.<\/p>\n<p>Lucirse medi\u00e1ticamente para ponerle orden a quien administre, use y abuse del dinero p\u00fablico, es simplemente un insulto a la inteligencia de los mexicanos. Si hemos esperado d\u00e9cadas, por qu\u00e9 no esperar menos de 45 d\u00edas.<\/p>\n<p><strong>PODEROSOS CABALLEROS<\/strong>.- El secretario de Gobernaci\u00f3n, Miguel \u00c1ngel Osorio Chong, se reuni\u00f3 en privado con empresarios y dirigentes de c\u00e1maras empresariales para abordar varios temas, entre ellos el de seguridad.<\/p>\n<p>Entre los empresarios hay inquietud por el incremento en extorsiones y asaltos en varias regiones del pa\u00eds, donde destaca Guerrero. Por ello, los miembros de la IP guerrerense pidieron garant\u00edas de estabilidad y paz en todas las regiones de esa entidad. M\u00e1s de 70 empresarios y dirigentes de c\u00e1maras empresariales participan en la reuni\u00f3n de seguridad y tambi\u00e9n asisten el gobernador del estado, H\u00e9ctor Astudillo, y el alcalde Evodio Vel\u00e1zquez, del puerto que alguna vez fue el para\u00edso de la inversi\u00f3n y la seguridad.<\/p>\n<p>*** Ford Motor Company en M\u00e9xico, bajo el liderazgo de Gabriel L\u00f3pez, tendr\u00e1 que pagar una multa de m\u00e1s de 18 millones de pesos, por vender 4,690 veh\u00edculos modelo 2015 y 2016 sin los certificados correspondientes de cumplimiento ambiental.<\/p>\n<p>De acuerdo a la Profepa, que encabeza Guillermo Haro B\u00e9lchez, Ford no contaba con 12 Certificados NOM de Cumplimiento Ambiental.<\/p>\n<p><strong>RESPONSABILIDAD SOCIAL CORPORATIVA<\/strong>.- En 2015, Ferromex, una empresa de Grupo M\u00e9xico al mando de Alfredo Casar P\u00e9rez, mejor\u00f3 la eficiencia de sus trenes, al optimar el rendimiento del combustible y disminuir el impacto ambiental derivado de su uso. Logr\u00f3 una reducci\u00f3n de la emisi\u00f3n de gases de efecto invernadero en un 75% respecto al autotransporte de carga y el ahorro de 14 millones de litros de di\u00e9sel, a trav\u00e9s de las mejoras tecnol\u00f3gicas y la compra de 34 nuevas locomotoras de \u00faltima generaci\u00f3n.<\/p>\n<p><a href=\"mailto:vsanchezb@gmail.com\" target=\"_blank\"><em>vsanchezb@gmail.com<\/em><\/a><\/p>\n<p><em>Twitter, Facebook y Printerest:<strong>\u00a0vsanchezbano<\/strong><\/em><\/p>\n","protected":false},"excerpt":{"rendered":"<p><span style=\"color: #005497;\"><strong>V\u00edctor S\u00e1nchez Ba\u00f1os<\/strong><\/span><\/p>\n","protected":false},"author":3,"featured_media":0,"comment_status":"open","ping_status":"open","sticky":false,"template":"","format":"standard","meta":{"_monsterinsights_skip_tracking":false,"_monsterinsights_sitenote_active":false,"_monsterinsights_sitenote_note":"","_monsterinsights_sitenote_category":0,"footnotes":""},"categories":[38844],"tags":[43674,38847,38848],"class_list":["post-267371","post","type-post","status-publish","format-standard","hentry","category-victor-sanchez-banos","tag-opinion","tag-poder-y-dinero","tag-victor-sanchez-banos"],"_links":{"self":[{"href":"https:\/\/www.diarioimagen.net\/index.php?rest_route=\/wp\/v2\/posts\/267371","targetHints":{"allow":["GET"]}}],"collection":[{"href":"https:\/\/www.diarioimagen.net\/index.php?rest_route=\/wp\/v2\/posts"}],"about":[{"href":"https:\/\/www.diarioimagen.net\/index.php?rest_route=\/wp\/v2\/types\/post"}],"author":[{"embeddable":true,"href":"https:\/\/www.diarioimagen.net\/index.php?rest_route=\/wp\/v2\/users\/3"}],"replies":[{"embeddable":true,"href":"https:\/\/www.diarioimagen.net\/index.php?rest_route=%2Fwp%2Fv2%2Fcomments&post=267371"}],"version-history":[{"count":0,"href":"https:\/\/www.diarioimagen.net\/index.php?rest_route=\/wp\/v2\/posts\/267371\/revisions"}],"wp:attachment":[{"href":"https:\/\/www.diarioimagen.net\/index.php?rest_route=%2Fwp%2Fv2%2Fmedia&parent=267371"}],"wp:term":[{"taxonomy":"category","embeddable":true,"href":"https:\/\/www.diarioimagen.net\/index.php?rest_route=%2Fwp%2Fv2%2Fcategories&post=267371"},{"taxonomy":"post_tag","embeddable":true,"href":"https:\/\/www.diarioimagen.net\/index.php?rest_route=%2Fwp%2Fv2%2Ftags&post=267371"}],"curies":[{"name":"wp","href":"https:\/\/api.w.org\/{rel}","templated":true}]}}