{"id":267384,"date":"2016-05-03T00:03:14","date_gmt":"2016-05-03T05:03:14","guid":{"rendered":"http:\/\/www.diarioimagen.net\/?p=267384"},"modified":"2016-05-03T02:16:54","modified_gmt":"2016-05-03T07:16:54","slug":"corrupcion-como-bandera","status":"publish","type":"post","link":"https:\/\/www.diarioimagen.net\/?p=267384","title":{"rendered":"Corrupci\u00f3n como bandera"},"content":{"rendered":"<h2>Desde el portal<\/h2>\n<h5>\u00c1ngel Soriano<\/h5>\n<p>&nbsp;<\/p>\n<p>Las cuentas bancarias se han convertido en bandera electoral en las actuales campa\u00f1as rumbo a los comicios del 5 de junio, y es conveniente investigar y dar a conocer la autenticidad de las mismas, de lo contrario, hay el riesgo de hacer cada vez m\u00e1s atractiva la actividad pol\u00edtica, al convertirse en la m\u00e1s pujante industria en el pa\u00eds, en donde en cuesti\u00f3n de meses los actores acumulan cifras cada vez m\u00e1s elevadas en la banca nacional y extranjera.<\/p>\n<p>Benjam\u00edn Robles Montoya, candidato del PT a gobernador de Oaxaca, afirma que tiene notariada la cuenta en d\u00f3lares del perredista Jos\u00e9 Antonio Estefan Garfias, en tanto que \u00e9ste lo emplaz\u00f3 a comprobarlo o de lo contrario \u00e9l s\u00ed dar\u00eda a conocer el n\u00famero de cuenta del ex secretario particular de Gabino Cu\u00e9; similar acci\u00f3n entre la familia Yunes en Veracruz, donde hay riqueza inexplicable dentro y fuera del estado, algunas reconocidas y otras no.<\/p>\n<p>Ahora, al fragor de la campa\u00f1a, el panista Antonio Gali, favorito del gobernador Rafael Moreno Valle para sucederlo en la gubernatura, tambi\u00e9n ha sido exhibido de aumentar en varios d\u00edgitos su cuenta y sus propiedades inmobiliarias, a ra\u00edz de que la fortuna le sonri\u00f3 al gozar de las preferencias del mandatario, deseoso de figurar en m\u00e1s altas esferas pol\u00edticas y para lo cual se ha rodeado, al costo que sea, de pol\u00edticos carism\u00e1ticos -para \u00e9l- con el objeto de alcanzar sus aspiraciones; pues bien, Gali tiene que comprobar c\u00f3mo se hizo de vacas Juan en tan poco tiempo.<\/p>\n<p>Los lujos y los usos de los recursos p\u00fablicos como bienes privados alcanza no s\u00f3lo a los gobiernos de los estados, sino al federal y a los municipales.<\/p>\n<p>Se investiga ya c\u00f3mo est\u00e1 eso de que el gobierno de Tamaulipas utilizara helic\u00f3pteros de su vecino de Nuevo Le\u00f3n, cuando en Tamaulipas lo que sobran son recursos l\u00edquidos y en infraestructura, pues es sede varios c\u00e1rteles de la droga. Hay que aclarar todos los diferendos para que no todo quede en \u201cguerra sucia\u201d y el respetable no se quede con la duda de que c\u00f3mo est\u00e1 eso de que en poco tiempo se amasan colosales fortunas desde los cargos p\u00fablicos.<\/p>\n<p style=\"text-align: center;\"><strong>\u00a0TURBULENCIAS<br \/>\nDesprecian talento oaxaque\u00f1o<\/strong><\/p>\n<p>\u00a0Como un desprecio al talento oaxaque\u00f1o fue considerada la contrataci\u00f3n, a alto costo, de la conductora del debate Oaxaca 2016, organizado por el Instituto Estatal Electoral y de Participaci\u00f3n Oaxaque\u00f1a, pues en la entidad sobran profesionales de radio y televisi\u00f3n que pudieron haber cumplido con la tarea de \u201ctiene la palabra el candidato fulanito\u201d, \u201cmuchas gracias candidato\u201d, que repiti\u00f3 a lo largo de dos horas Adriana P\u00e9rez Ca\u00f1edo, profesional reconocida de altos m\u00e9ritos, pero que tuvo que sujetarse a las reglas del juego; para esa tarea cualquier ciudadano lo pudo hacer sin derrochar recursos, desd\u00e9n hacia los profesionales locales y traspi\u00e9s de la conductora, que no se acomodaba al lugar, es decir, se mostraba desubicada\u2026La reactivaci\u00f3n del doble Hoy No Circula por la contingencia ambiental toma desprevenidos a miles de automovilistas que son v\u00edctima de los agentes de tr\u00e1nsito, en tanto que los conductores tienen que estar avispados para saber qu\u00e9 color o que n\u00famero de placa entra en las restricciones; aunque algunos avances en la materia, otros la descalifican. Lo cierto es que las autoridades deben tomar medidas de fondo y no impulsar programas mercantiles que s\u00f3lo benefician a la industria automotriz y a los bolsillos de los gruyeros\u2026<\/p>\n<p><em><a href=\"http:\/\/www.revista-brecha.com\/\" target=\"_blank\">www.revista-brecha.com<br \/>\n<\/a><a href=\"mailto:asorianodesdelportalo@hotmail.com\" target=\"_blank\">asorianodesdelportalo@hotmail.com<\/a><\/em><\/p>\n","protected":false},"excerpt":{"rendered":"<p><span style=\"color: #005497;\"><strong>\u00c1ngel Soriano<\/strong><\/span><\/p>\n","protected":false},"author":3,"featured_media":0,"comment_status":"open","ping_status":"open","sticky":false,"template":"","format":"standard","meta":{"_monsterinsights_skip_tracking":false,"_monsterinsights_sitenote_active":false,"_monsterinsights_sitenote_note":"","_monsterinsights_sitenote_category":0,"footnotes":""},"categories":[135],"tags":[85,86,43674],"class_list":["post-267384","post","type-post","status-publish","format-standard","hentry","category-angel-soriano-opinion","tag-angel-soriano","tag-desde-el-portal","tag-opinion"],"_links":{"self":[{"href":"https:\/\/www.diarioimagen.net\/index.php?rest_route=\/wp\/v2\/posts\/267384","targetHints":{"allow":["GET"]}}],"collection":[{"href":"https:\/\/www.diarioimagen.net\/index.php?rest_route=\/wp\/v2\/posts"}],"about":[{"href":"https:\/\/www.diarioimagen.net\/index.php?rest_route=\/wp\/v2\/types\/post"}],"author":[{"embeddable":true,"href":"https:\/\/www.diarioimagen.net\/index.php?rest_route=\/wp\/v2\/users\/3"}],"replies":[{"embeddable":true,"href":"https:\/\/www.diarioimagen.net\/index.php?rest_route=%2Fwp%2Fv2%2Fcomments&post=267384"}],"version-history":[{"count":0,"href":"https:\/\/www.diarioimagen.net\/index.php?rest_route=\/wp\/v2\/posts\/267384\/revisions"}],"wp:attachment":[{"href":"https:\/\/www.diarioimagen.net\/index.php?rest_route=%2Fwp%2Fv2%2Fmedia&parent=267384"}],"wp:term":[{"taxonomy":"category","embeddable":true,"href":"https:\/\/www.diarioimagen.net\/index.php?rest_route=%2Fwp%2Fv2%2Fcategories&post=267384"},{"taxonomy":"post_tag","embeddable":true,"href":"https:\/\/www.diarioimagen.net\/index.php?rest_route=%2Fwp%2Fv2%2Ftags&post=267384"}],"curies":[{"name":"wp","href":"https:\/\/api.w.org\/{rel}","templated":true}]}}