{"id":267529,"date":"2016-05-04T00:06:38","date_gmt":"2016-05-04T05:06:38","guid":{"rendered":"http:\/\/www.diarioimagen.net\/?p=267529"},"modified":"2016-05-05T01:28:29","modified_gmt":"2016-05-05T06:28:29","slug":"reconocen-a-una-mujer-policia-que-evito-asalto","status":"publish","type":"post","link":"https:\/\/www.diarioimagen.net\/?p=267529","title":{"rendered":"Reconocen a una mujer polic\u00eda que evit\u00f3 asalto"},"content":{"rendered":"<h2>Arco Norte<\/h2>\n<h5>Jos\u00e9 Luis Monta\u00f1ez Aguilar<\/h5>\n<p>&nbsp;<\/p>\n<div id=\"attachment_267684\" style=\"width: 430px\" class=\"wp-caption aligncenter\"><a href=\"http:\/\/www.diarioimagen.net\/?attachment_id=267684\" rel=\"attachment wp-att-267684\"><img loading=\"lazy\" decoding=\"async\" aria-describedby=\"caption-attachment-267684\" class=\"size-large wp-image-267684\" src=\"http:\/\/www.diarioimagen.net\/wp-content\/uploads\/2016\/05\/eruviel-reconocimiento-2859-420x236.jpg\" alt=\"Eruviel \u00c1vila - Entregando reconocimiento a la polic\u00eda de tr\u00e1nsito Matilde Padilla V\u00e1squez.\" width=\"420\" height=\"236\" srcset=\"https:\/\/www.diarioimagen.net\/wp-content\/uploads\/2016\/05\/eruviel-reconocimiento-2859-420x236.jpg 420w, https:\/\/www.diarioimagen.net\/wp-content\/uploads\/2016\/05\/eruviel-reconocimiento-2859-240x135.jpg 240w, https:\/\/www.diarioimagen.net\/wp-content\/uploads\/2016\/05\/eruviel-reconocimiento-2859-768x432.jpg 768w, https:\/\/www.diarioimagen.net\/wp-content\/uploads\/2016\/05\/eruviel-reconocimiento-2859-480x270.jpg 480w, https:\/\/www.diarioimagen.net\/wp-content\/uploads\/2016\/05\/eruviel-reconocimiento-2859-235x132.jpg 235w, https:\/\/www.diarioimagen.net\/wp-content\/uploads\/2016\/05\/eruviel-reconocimiento-2859-202x114.jpg 202w, https:\/\/www.diarioimagen.net\/wp-content\/uploads\/2016\/05\/eruviel-reconocimiento-2859-350x196.jpg 350w, https:\/\/www.diarioimagen.net\/wp-content\/uploads\/2016\/05\/eruviel-reconocimiento-2859-220x123.jpg 220w, https:\/\/www.diarioimagen.net\/wp-content\/uploads\/2016\/05\/eruviel-reconocimiento-2859-237x132.jpg 237w, https:\/\/www.diarioimagen.net\/wp-content\/uploads\/2016\/05\/eruviel-reconocimiento-2859.jpg 1200w\" sizes=\"auto, (max-width: 420px) 100vw, 420px\" \/><\/a><p id=\"caption-attachment-267684\" class=\"wp-caption-text\">Eruviel \u00c1vila &#8211; Entregando reconocimiento a la polic\u00eda de Tr\u00e1nsito Matilde Padilla V\u00e1squez.<\/p><\/div>\n<p>&nbsp;<\/p>\n<p>Por su valent\u00eda y compromiso al evitar un asalto a un ciudadano en la Central Camionera de Toluca, la polic\u00eda de Tr\u00e1nsito estatal, Matilde Padilla V\u00e1zquez recibi\u00f3 de manos de Eruviel \u00c1vila Villegas un diploma y un cheque por 20 mil pesos como reconocimiento a la acci\u00f3n en la que enfrent\u00f3 a un par de maleantes, adem\u00e1s de que ser\u00e1 ascendida de cargo.<\/p>\n<p>El trabajo de esta oficial fue difundido a trav\u00e9s de la red social Facebook, donde un usuario public\u00f3 una fotograf\u00eda de la oficial, a la que destaca por haberlo salvado y por su valor como mujer polic\u00eda, lo cual tambi\u00e9n fue aplaudido por el gobernador mexiquense, quien destac\u00f3 las m\u00e1s de 14 mil veces en que se ha compartido el video en redes sociales, de las cuales invit\u00f3 a la poblaci\u00f3n para utilizarlas para reconocer a los buenos elementos, servidores p\u00fablicos y a ciudadanos ejemplares.<\/p>\n<p>\u201cHoy quiero formalmente tambi\u00e9n,\u00a0 convocar a los mexiquenses a que ocupemos nuestras redes sociales para reconocer a los buenos elementos, a los buenos servidores p\u00fablicos, a los buenos ciudadanos ejemplares que hacen muy bien su trabajo como lo hace Matilde, es decir, propongo que hagamos de nuestras redes sociales un muro de la fama para nuestros h\u00e9roes conocidos, nuestros h\u00e9roes de carne y hueso como lo es, en este caso Matilde\u201d, expres\u00f3.<\/p>\n<p>Durante la entrega de pr\u00f3tesis y apoyo a personas con discapacidad, detall\u00f3 que el reconocimiento se realiza en el marco de la Ley de Est\u00edmulos y Reconocimientos que reciben los buenos elementos de seguridad, e instruy\u00f3 al comisado estatal de Seguridad, Eduardo Valiente, para que la agente, que tiene 22 a\u00f1os en servicio, sea ascendida.<\/p>\n<p><em><a href=\"mailto:montanezaguilar@gmail.com\" target=\"_blank\">montanezaguilar@gmail.com<\/a><\/em><\/p>\n","protected":false},"excerpt":{"rendered":"<p><span style=\"color: #005497;\">Jos\u00e9 Luis Monta\u00f1ez Aguilar<\/span><br \/>\n<br \/>\nPor su valent\u00eda y compromiso al evitar un asalto a un ciudadano en la Central Camionera de Toluca, la polic\u00eda de Tr\u00e1nsito estatal, Matilde Padilla V\u00e1zquez recibi\u00f3 de manos de Eruviel \u00c1vila Villegas un diploma y un cheque por 20 mil pesos como reconocimiento a la acci\u00f3n en la que enfrent\u00f3 a un par de maleantes, adem\u00e1s de que ser\u00e1 ascendida de cargo.<\/p>\n","protected":false},"author":3,"featured_media":267684,"comment_status":"open","ping_status":"open","sticky":false,"template":"","format":"standard","meta":{"_monsterinsights_skip_tracking":false,"_monsterinsights_sitenote_active":false,"_monsterinsights_sitenote_note":"","_monsterinsights_sitenote_category":0,"footnotes":""},"categories":[5],"tags":[13284,43704,43674],"class_list":["post-267529","post","type-post","status-publish","format-standard","has-post-thumbnail","hentry","category-estado-de-mexico","tag-arco-norte","tag-jose-luis-montanez-aguilar","tag-opinion"],"_links":{"self":[{"href":"https:\/\/www.diarioimagen.net\/index.php?rest_route=\/wp\/v2\/posts\/267529","targetHints":{"allow":["GET"]}}],"collection":[{"href":"https:\/\/www.diarioimagen.net\/index.php?rest_route=\/wp\/v2\/posts"}],"about":[{"href":"https:\/\/www.diarioimagen.net\/index.php?rest_route=\/wp\/v2\/types\/post"}],"author":[{"embeddable":true,"href":"https:\/\/www.diarioimagen.net\/index.php?rest_route=\/wp\/v2\/users\/3"}],"replies":[{"embeddable":true,"href":"https:\/\/www.diarioimagen.net\/index.php?rest_route=%2Fwp%2Fv2%2Fcomments&post=267529"}],"version-history":[{"count":0,"href":"https:\/\/www.diarioimagen.net\/index.php?rest_route=\/wp\/v2\/posts\/267529\/revisions"}],"wp:featuredmedia":[{"embeddable":true,"href":"https:\/\/www.diarioimagen.net\/index.php?rest_route=\/wp\/v2\/media\/267684"}],"wp:attachment":[{"href":"https:\/\/www.diarioimagen.net\/index.php?rest_route=%2Fwp%2Fv2%2Fmedia&parent=267529"}],"wp:term":[{"taxonomy":"category","embeddable":true,"href":"https:\/\/www.diarioimagen.net\/index.php?rest_route=%2Fwp%2Fv2%2Fcategories&post=267529"},{"taxonomy":"post_tag","embeddable":true,"href":"https:\/\/www.diarioimagen.net\/index.php?rest_route=%2Fwp%2Fv2%2Ftags&post=267529"}],"curies":[{"name":"wp","href":"https:\/\/api.w.org\/{rel}","templated":true}]}}