{"id":267533,"date":"2016-05-04T00:08:34","date_gmt":"2016-05-04T05:08:34","guid":{"rendered":"http:\/\/www.diarioimagen.net\/?p=267533"},"modified":"2016-05-04T02:31:12","modified_gmt":"2016-05-04T07:31:12","slug":"detienen-a-mas-de-mil-400-unidades-de-transporte","status":"publish","type":"post","link":"https:\/\/www.diarioimagen.net\/?p=267533","title":{"rendered":"Detienen a m\u00e1s de mil 400 unidades de transporte"},"content":{"rendered":"<ul>\n<li><strong><em>Por violar normas ambientales<\/em><\/strong><\/li>\n<\/ul>\n<p>&nbsp;<\/p>\n<p><a href=\"http:\/\/www.diarioimagen.net\/?attachment_id=267640\" rel=\"attachment wp-att-267640\"><img loading=\"lazy\" decoding=\"async\" class=\"aligncenter size-large wp-image-267640\" src=\"http:\/\/www.diarioimagen.net\/wp-content\/uploads\/2016\/05\/unidades-2859-420x236.jpg\" alt=\"unidades-2859\" width=\"420\" height=\"236\" srcset=\"https:\/\/www.diarioimagen.net\/wp-content\/uploads\/2016\/05\/unidades-2859-420x236.jpg 420w, https:\/\/www.diarioimagen.net\/wp-content\/uploads\/2016\/05\/unidades-2859-240x135.jpg 240w, https:\/\/www.diarioimagen.net\/wp-content\/uploads\/2016\/05\/unidades-2859-235x132.jpg 235w, https:\/\/www.diarioimagen.net\/wp-content\/uploads\/2016\/05\/unidades-2859-202x114.jpg 202w, https:\/\/www.diarioimagen.net\/wp-content\/uploads\/2016\/05\/unidades-2859-350x196.jpg 350w, https:\/\/www.diarioimagen.net\/wp-content\/uploads\/2016\/05\/unidades-2859-220x123.jpg 220w, https:\/\/www.diarioimagen.net\/wp-content\/uploads\/2016\/05\/unidades-2859-237x132.jpg 237w, https:\/\/www.diarioimagen.net\/wp-content\/uploads\/2016\/05\/unidades-2859.jpg 480w\" sizes=\"auto, (max-width: 420px) 100vw, 420px\" \/><\/a><\/p>\n<p>&nbsp;<\/p>\n<p><strong>Metepec, Estado de M\u00e9xico<\/strong>.- A partir del reforzamiento del operativo Plan Tres, Transporte Estatal Seguro, en el Estado de M\u00e9xico han sido detenidas m\u00e1s de mil 400 unidades por violar la normatividad ambiental, dio a conocer Ra\u00fal Vargas Herrera, secretario del Medio Ambiente.<\/p>\n<p>Al supervisar el operativo en este municipio, detall\u00f3 que de las unidades sancionadas, 213 fueron enviadas al corral\u00f3n por contaminar ostensiblemente, mismas que fueron detectadas por patrullas ecol\u00f3gicas y mil 200 por violar la normatividad del programa Hoy No Circula.<\/p>\n<p>Vargas Herrera record\u00f3 que con el reforzamiento del Plan Tres, se ampli\u00f3 la participaci\u00f3n de diversas autoridades del gobierno estatal, ya que no s\u00f3lo se verifican cuestiones de seguridad, ahora se checa que las unidades tengan toda la documentaci\u00f3n en regla para presentar el servicio y que no sean contaminantes.<\/p>\n<p>Inform\u00f3 que desde que el gobernador Eruviel \u00c1vila puso en marcha el operativo Transporte Estatal Seguro, han sido puestas a disposici\u00f3n 12 mil 584 personas y 479 veh\u00edculos fueron recuperados.<\/p>\n<p>De los detenidos el 42 por ciento fue por robo, 27 por ciento por delitos contra la salud y 11 por ciento por portaci\u00f3n de armas.<\/p>\n<p>Explic\u00f3 que como parte del reforzamiento de esta estrategia se han instalado 34 puntos de revisi\u00f3n m\u00f3viles en toda la entidad.<\/p>\n","protected":false},"excerpt":{"rendered":"<p>A partir del reforzamiento del operativo Plan Tres, Transporte Estatal Seguro, en el Estado de M\u00e9xico han sido detenidas m\u00e1s de mil 400 unidades por violar la normatividad ambiental, dio a conocer Ra\u00fal Vargas Herrera, secretario del Medio Ambiente. Al supervisar el operativo en este municipio, detall\u00f3 que de las unidades sancionadas, 213 fueron enviadas al corral\u00f3n por contaminar ostensiblemente, mismas que fueron detectadas por patrullas ecol\u00f3gicas y mil 200 por violar la normatividad del programa Hoy No Circula.<\/p>\n","protected":false},"author":3,"featured_media":267640,"comment_status":"open","ping_status":"open","sticky":false,"template":"","format":"standard","meta":{"_monsterinsights_skip_tracking":false,"_monsterinsights_sitenote_active":false,"_monsterinsights_sitenote_note":"","_monsterinsights_sitenote_category":0,"footnotes":""},"categories":[5],"tags":[9665,43675,27005,876,4962],"class_list":["post-267533","post","type-post","status-publish","format-standard","has-post-thumbnail","hentry","category-estado-de-mexico","tag-detienen","tag-estado-de-mexico","tag-hoy-no-circula","tag-metepec","tag-transporte-publico"],"_links":{"self":[{"href":"https:\/\/www.diarioimagen.net\/index.php?rest_route=\/wp\/v2\/posts\/267533","targetHints":{"allow":["GET"]}}],"collection":[{"href":"https:\/\/www.diarioimagen.net\/index.php?rest_route=\/wp\/v2\/posts"}],"about":[{"href":"https:\/\/www.diarioimagen.net\/index.php?rest_route=\/wp\/v2\/types\/post"}],"author":[{"embeddable":true,"href":"https:\/\/www.diarioimagen.net\/index.php?rest_route=\/wp\/v2\/users\/3"}],"replies":[{"embeddable":true,"href":"https:\/\/www.diarioimagen.net\/index.php?rest_route=%2Fwp%2Fv2%2Fcomments&post=267533"}],"version-history":[{"count":0,"href":"https:\/\/www.diarioimagen.net\/index.php?rest_route=\/wp\/v2\/posts\/267533\/revisions"}],"wp:featuredmedia":[{"embeddable":true,"href":"https:\/\/www.diarioimagen.net\/index.php?rest_route=\/wp\/v2\/media\/267640"}],"wp:attachment":[{"href":"https:\/\/www.diarioimagen.net\/index.php?rest_route=%2Fwp%2Fv2%2Fmedia&parent=267533"}],"wp:term":[{"taxonomy":"category","embeddable":true,"href":"https:\/\/www.diarioimagen.net\/index.php?rest_route=%2Fwp%2Fv2%2Fcategories&post=267533"},{"taxonomy":"post_tag","embeddable":true,"href":"https:\/\/www.diarioimagen.net\/index.php?rest_route=%2Fwp%2Fv2%2Ftags&post=267533"}],"curies":[{"name":"wp","href":"https:\/\/api.w.org\/{rel}","templated":true}]}}