{"id":267537,"date":"2016-05-04T00:05:54","date_gmt":"2016-05-04T05:05:54","guid":{"rendered":"http:\/\/www.diarioimagen.net\/?p=267537"},"modified":"2016-05-04T02:34:20","modified_gmt":"2016-05-04T07:34:20","slug":"impulso-permanente-al-deporte-en-huixquilucan","status":"publish","type":"post","link":"https:\/\/www.diarioimagen.net\/?p=267537","title":{"rendered":"Impulso permanente al deporte en Huixquilucan"},"content":{"rendered":"<ul>\n<li><strong><em>Rehabilitan deportivo<\/em><\/strong><\/li>\n<\/ul>\n<p>&nbsp;<\/p>\n<div id=\"attachment_267647\" style=\"width: 430px\" class=\"wp-caption aligncenter\"><a href=\"http:\/\/www.diarioimagen.net\/?attachment_id=267647\" rel=\"attachment wp-att-267647\"><img loading=\"lazy\" decoding=\"async\" aria-describedby=\"caption-attachment-267647\" class=\"size-large wp-image-267647\" src=\"http:\/\/www.diarioimagen.net\/wp-content\/uploads\/2016\/05\/HUIXQUILUCAN-2859-420x236.jpg\" alt=\"El presidente municipal de Huixquilucan, Enrique Vargas del Villar, entreg\u00f3 la rehabilitaci\u00f3n de la unidad deportiva de San Fernando.\" width=\"420\" height=\"236\" srcset=\"https:\/\/www.diarioimagen.net\/wp-content\/uploads\/2016\/05\/HUIXQUILUCAN-2859-420x236.jpg 420w, https:\/\/www.diarioimagen.net\/wp-content\/uploads\/2016\/05\/HUIXQUILUCAN-2859-240x135.jpg 240w, https:\/\/www.diarioimagen.net\/wp-content\/uploads\/2016\/05\/HUIXQUILUCAN-2859-235x132.jpg 235w, https:\/\/www.diarioimagen.net\/wp-content\/uploads\/2016\/05\/HUIXQUILUCAN-2859-202x114.jpg 202w, https:\/\/www.diarioimagen.net\/wp-content\/uploads\/2016\/05\/HUIXQUILUCAN-2859-350x196.jpg 350w, https:\/\/www.diarioimagen.net\/wp-content\/uploads\/2016\/05\/HUIXQUILUCAN-2859-220x123.jpg 220w, https:\/\/www.diarioimagen.net\/wp-content\/uploads\/2016\/05\/HUIXQUILUCAN-2859-237x132.jpg 237w, https:\/\/www.diarioimagen.net\/wp-content\/uploads\/2016\/05\/HUIXQUILUCAN-2859.jpg 480w\" sizes=\"auto, (max-width: 420px) 100vw, 420px\" \/><\/a><p id=\"caption-attachment-267647\" class=\"wp-caption-text\">El presidente municipal de Huixquilucan, Enrique Vargas del Villar, entreg\u00f3 la rehabilitaci\u00f3n de la unidad deportiva de San Fernando.<\/p><\/div>\n<p>&nbsp;<\/p>\n<p><strong>Huixquilucan, Estado de M\u00e9xico<\/strong>.- Al entregar la rehabilitaci\u00f3n de la unidad deportiva de San Fernando, el presidente municipal, Enrique Vargas del Villar, asegur\u00f3 que durante su administraci\u00f3n se impulsar\u00e1 permanentemente el deporte.<\/p>\n<p>Acompa\u00f1ado por los integrantes del Cabildo, servidores p\u00fablicos municipales, as\u00ed como de Germ\u00e1n Anaya Viteri, director general del Instituto Municipal de Cultura F\u00edsica y Deporte, Vargas del Villar, detall\u00f3 que la rehabilitaci\u00f3n del deportivo en la colonia San Fernando, consisti\u00f3 en la remodelaci\u00f3n de mil 200 metros cuadrados con una inversi\u00f3n de un mill\u00f3n 490 mil pesos.<\/p>\n<p>Ante vecinos de la zona, reiter\u00f3 los programas que su gobierno realiza en todo Huixquilucan a favor de sus habitantes; entre ellos, el mejoramiento del servicio de recolecci\u00f3n de basura, entrega de patrullas nuevas y la disminuci\u00f3n de la incidencia delictiva, que se ha logrado a ra\u00edz de la implementaci\u00f3n de operativos cercanos y certeros.<\/p>\n<p>Antes, Alejandro S\u00e1nchez Dom\u00ednguez, director general de Infraestructura y Edificaci\u00f3n, inform\u00f3 que la rehabilitaci\u00f3n del Deportivo San Fernando, consisti\u00f3 en la remodelaci\u00f3n de mil 200 metros cuadrados, mejorando la techumbre, el acceso principal, rehabilitaci\u00f3n de los m\u00f3dulos sanitarios que incluy\u00f3 la instalaci\u00f3n de la red sanitaria y el\u00e9ctrica, pisos de loseta, aplanados en muros y plafones, colocaci\u00f3n de muebles, canceler\u00eda met\u00e1lica, mamparas, as\u00ed como ventanas.<\/p>\n<p>Tambi\u00e9n, la rehabilitaci\u00f3n de la cancha de usos m\u00faltiples, con pintura y el trazo de diferentes disciplinas como basquetbol, futbol y voleibol, entre otros.\u00a0 Asimismo, se recuper\u00f3 la cancha de futbol r\u00e1pido, que incluye el suministro y colocaci\u00f3n de pasto sint\u00e9tico, maya cicl\u00f3nica galvanizada, pintura en estructura, muros perimetrales y exteriores.<\/p>\n<p>&nbsp;<\/p>\n","protected":false},"excerpt":{"rendered":"<p>Al entregar la rehabilitaci\u00f3n de la unidad deportiva de San Fernando, el presidente municipal, Enrique Vargas del Villar, asegur\u00f3 que durante su administraci\u00f3n se impulsar\u00e1 permanentemente el deporte.<\/p>\n","protected":false},"author":3,"featured_media":267647,"comment_status":"open","ping_status":"open","sticky":false,"template":"","format":"standard","meta":{"_monsterinsights_skip_tracking":false,"_monsterinsights_sitenote_active":false,"_monsterinsights_sitenote_note":"","_monsterinsights_sitenote_category":0,"footnotes":""},"categories":[35155],"tags":[43680,43675,1097],"class_list":["post-267537","post","type-post","status-publish","format-standard","has-post-thumbnail","hentry","category-estado-de-mexico-estado-de-mexico","tag-deportes","tag-estado-de-mexico","tag-huixquilucan"],"_links":{"self":[{"href":"https:\/\/www.diarioimagen.net\/index.php?rest_route=\/wp\/v2\/posts\/267537","targetHints":{"allow":["GET"]}}],"collection":[{"href":"https:\/\/www.diarioimagen.net\/index.php?rest_route=\/wp\/v2\/posts"}],"about":[{"href":"https:\/\/www.diarioimagen.net\/index.php?rest_route=\/wp\/v2\/types\/post"}],"author":[{"embeddable":true,"href":"https:\/\/www.diarioimagen.net\/index.php?rest_route=\/wp\/v2\/users\/3"}],"replies":[{"embeddable":true,"href":"https:\/\/www.diarioimagen.net\/index.php?rest_route=%2Fwp%2Fv2%2Fcomments&post=267537"}],"version-history":[{"count":0,"href":"https:\/\/www.diarioimagen.net\/index.php?rest_route=\/wp\/v2\/posts\/267537\/revisions"}],"wp:featuredmedia":[{"embeddable":true,"href":"https:\/\/www.diarioimagen.net\/index.php?rest_route=\/wp\/v2\/media\/267647"}],"wp:attachment":[{"href":"https:\/\/www.diarioimagen.net\/index.php?rest_route=%2Fwp%2Fv2%2Fmedia&parent=267537"}],"wp:term":[{"taxonomy":"category","embeddable":true,"href":"https:\/\/www.diarioimagen.net\/index.php?rest_route=%2Fwp%2Fv2%2Fcategories&post=267537"},{"taxonomy":"post_tag","embeddable":true,"href":"https:\/\/www.diarioimagen.net\/index.php?rest_route=%2Fwp%2Fv2%2Ftags&post=267537"}],"curies":[{"name":"wp","href":"https:\/\/api.w.org\/{rel}","templated":true}]}}