{"id":267542,"date":"2016-05-04T00:03:29","date_gmt":"2016-05-04T05:03:29","guid":{"rendered":"http:\/\/www.diarioimagen.net\/?p=267542"},"modified":"2016-05-04T02:38:09","modified_gmt":"2016-05-04T07:38:09","slug":"arranca-la-ruta-de-pescado-y-mariscos-mexicanos","status":"publish","type":"post","link":"https:\/\/www.diarioimagen.net\/?p=267542","title":{"rendered":"Arranca la Ruta de Pescado y Mariscos Mexicanos"},"content":{"rendered":"<ul>\n<li><strong><em>Fomentan consumo de estos productos<\/em><\/strong><\/li>\n<\/ul>\n<p>&nbsp;<\/p>\n<div id=\"attachment_267653\" style=\"width: 430px\" class=\"wp-caption aligncenter\"><a href=\"http:\/\/www.diarioimagen.net\/?attachment_id=267653\" rel=\"attachment wp-att-267653\"><img loading=\"lazy\" decoding=\"async\" aria-describedby=\"caption-attachment-267653\" class=\"size-large wp-image-267653\" src=\"http:\/\/www.diarioimagen.net\/wp-content\/uploads\/2016\/05\/mariscos-2859-420x236.jpg\" alt=\"La Ruta de Pescado y Mariscos Mexicanos \u00a1Qu\u00e9 rico!\u00a0 se lleva a cabo en la explanada de plaza Las Am\u00e9ricas, en Metepec.\" width=\"420\" height=\"236\" srcset=\"https:\/\/www.diarioimagen.net\/wp-content\/uploads\/2016\/05\/mariscos-2859-420x236.jpg 420w, https:\/\/www.diarioimagen.net\/wp-content\/uploads\/2016\/05\/mariscos-2859-240x135.jpg 240w, https:\/\/www.diarioimagen.net\/wp-content\/uploads\/2016\/05\/mariscos-2859-235x132.jpg 235w, https:\/\/www.diarioimagen.net\/wp-content\/uploads\/2016\/05\/mariscos-2859-202x114.jpg 202w, https:\/\/www.diarioimagen.net\/wp-content\/uploads\/2016\/05\/mariscos-2859-350x196.jpg 350w, https:\/\/www.diarioimagen.net\/wp-content\/uploads\/2016\/05\/mariscos-2859-220x123.jpg 220w, https:\/\/www.diarioimagen.net\/wp-content\/uploads\/2016\/05\/mariscos-2859-237x132.jpg 237w, https:\/\/www.diarioimagen.net\/wp-content\/uploads\/2016\/05\/mariscos-2859.jpg 480w\" sizes=\"auto, (max-width: 420px) 100vw, 420px\" \/><\/a><p id=\"caption-attachment-267653\" class=\"wp-caption-text\">La Ruta de Pescado y Mariscos Mexicanos \u00a1Qu\u00e9 rico!\u00a0 se lleva a cabo en la explanada de plaza Las Am\u00e9ricas, en Metepec.<\/p><\/div>\n<p>&nbsp;<\/p>\n<p><strong>Metepec, Estado de M\u00e9xico<\/strong>.- La Secretar\u00eda de Desarrollo Agropecuario (Sedagro), en coordinaci\u00f3n con el Consejo Mexicano de Promoci\u00f3n de los Productos Pesqueros y Acu\u00edcolas Mexicanos, as\u00ed como la Comisi\u00f3n Nacional de Acuacultura y Pesca (Conapesca), lanzar\u00e1n a nivel nacional la Ruta de Pescado y Mariscos Mexicanos \u00a1Qu\u00e9 rico!, que iniciar\u00e1 en el municipio de Metepec, inform\u00f3 Eduardo \u00c1ngeles, director general Pecuario.<\/p>\n<p>Explic\u00f3 que la finalidad es promover y fomentar el consumo de estos productos, especialmente de especies que se producen en mares y granjas mexicanas, as\u00ed como incentivar a la poblaci\u00f3n para conocer las distintas especies de temporada, y vincular comercialmente a productores y comercializadores.<\/p>\n<p>Eduardo \u00c1ngeles destac\u00f3 que el Estado de M\u00e9xico, por ser anfitri\u00f3n y principal productor acu\u00edcola entre los 14 estados sin litoral, presentar\u00e1 una exposici\u00f3n de los productos acu\u00edcolas como trucha, carpa y tilapia, tambi\u00e9n participar\u00e1n acuacultores, procesadores de productos acu\u00edcolas y pesqueros,\u00a0 as\u00ed como chefs que mostrar\u00e1n al p\u00fablico las diversas formas de preparar pescados y mariscos.<\/p>\n<p>Este evento se lleva a cabo los d\u00edas 3 y 4 de mayo en la explanada de plaza Las Am\u00e9ricas en Metepec, donde habr\u00e1 un tr\u00e1iler-transformer con cine m\u00f3vil, para proyectar videos de las principales especies que se capturan y producen tanto en los litorales, como en aguas interiores del pa\u00eds; los asistentes se registrar\u00e1n, para posteriormente enviarles informaci\u00f3n de productos disponibles en cualquier \u00e9poca del a\u00f1o y podr\u00e1n tomarse selfies en el arco de entrada, alusivo a los pescados y mariscos.<\/p>\n","protected":false},"excerpt":{"rendered":"<p>La Secretar\u00eda de Desarrollo Agropecuario (Sedagro), en coordinaci\u00f3n con el Consejo Mexicano de Promoci\u00f3n de los Productos Pesqueros y Acu\u00edcolas Mexicanos, as\u00ed como la Comisi\u00f3n Nacional de Acuacultura y Pesca (Conapesca), lanzar\u00e1n a nivel nacional la Ruta de Pescado y Mariscos Mexicanos \u00a1Qu\u00e9 rico!, que iniciar\u00e1 en el municipio de Metepec, inform\u00f3 Eduardo \u00c1ngeles, director general Pecuario.<\/p>\n","protected":false},"author":3,"featured_media":267653,"comment_status":"open","ping_status":"open","sticky":false,"template":"","format":"standard","meta":{"_monsterinsights_skip_tracking":false,"_monsterinsights_sitenote_active":false,"_monsterinsights_sitenote_note":"","_monsterinsights_sitenote_category":0,"footnotes":""},"categories":[35155],"tags":[43675,876],"class_list":["post-267542","post","type-post","status-publish","format-standard","has-post-thumbnail","hentry","category-estado-de-mexico-estado-de-mexico","tag-estado-de-mexico","tag-metepec"],"_links":{"self":[{"href":"https:\/\/www.diarioimagen.net\/index.php?rest_route=\/wp\/v2\/posts\/267542","targetHints":{"allow":["GET"]}}],"collection":[{"href":"https:\/\/www.diarioimagen.net\/index.php?rest_route=\/wp\/v2\/posts"}],"about":[{"href":"https:\/\/www.diarioimagen.net\/index.php?rest_route=\/wp\/v2\/types\/post"}],"author":[{"embeddable":true,"href":"https:\/\/www.diarioimagen.net\/index.php?rest_route=\/wp\/v2\/users\/3"}],"replies":[{"embeddable":true,"href":"https:\/\/www.diarioimagen.net\/index.php?rest_route=%2Fwp%2Fv2%2Fcomments&post=267542"}],"version-history":[{"count":0,"href":"https:\/\/www.diarioimagen.net\/index.php?rest_route=\/wp\/v2\/posts\/267542\/revisions"}],"wp:featuredmedia":[{"embeddable":true,"href":"https:\/\/www.diarioimagen.net\/index.php?rest_route=\/wp\/v2\/media\/267653"}],"wp:attachment":[{"href":"https:\/\/www.diarioimagen.net\/index.php?rest_route=%2Fwp%2Fv2%2Fmedia&parent=267542"}],"wp:term":[{"taxonomy":"category","embeddable":true,"href":"https:\/\/www.diarioimagen.net\/index.php?rest_route=%2Fwp%2Fv2%2Fcategories&post=267542"},{"taxonomy":"post_tag","embeddable":true,"href":"https:\/\/www.diarioimagen.net\/index.php?rest_route=%2Fwp%2Fv2%2Ftags&post=267542"}],"curies":[{"name":"wp","href":"https:\/\/api.w.org\/{rel}","templated":true}]}}