{"id":267569,"date":"2016-05-04T00:01:26","date_gmt":"2016-05-04T05:01:26","guid":{"rendered":"http:\/\/www.diarioimagen.net\/?p=267569"},"modified":"2016-05-04T02:45:19","modified_gmt":"2016-05-04T07:45:19","slug":"mas-apoyo-para-alumnos-de-uaem","status":"publish","type":"post","link":"https:\/\/www.diarioimagen.net\/?p=267569","title":{"rendered":"M\u00e1s apoyo para alumnos de UAEM"},"content":{"rendered":"<ul>\n<li><strong><em>Se compromete Jorge Olvera<\/em><\/strong><\/li>\n<\/ul>\n<p>&nbsp;<\/p>\n<div id=\"attachment_267668\" style=\"width: 430px\" class=\"wp-caption aligncenter\"><a href=\"http:\/\/www.diarioimagen.net\/?attachment_id=267668\" rel=\"attachment wp-att-267668\"><img loading=\"lazy\" decoding=\"async\" aria-describedby=\"caption-attachment-267668\" class=\"size-large wp-image-267668\" src=\"http:\/\/www.diarioimagen.net\/wp-content\/uploads\/2016\/05\/UAEM-2859-420x236.jpg\" alt=\"El rector Jorge Olvera adelant\u00f3 que en breve, el plantel \u201cTexcoco\u201d contar\u00e1 con el servicio del transporte gratuito Potrob\u00fas, como un apoyo m\u00e1s para los estudiantes.\" width=\"420\" height=\"236\" srcset=\"https:\/\/www.diarioimagen.net\/wp-content\/uploads\/2016\/05\/UAEM-2859-420x236.jpg 420w, https:\/\/www.diarioimagen.net\/wp-content\/uploads\/2016\/05\/UAEM-2859-240x135.jpg 240w, https:\/\/www.diarioimagen.net\/wp-content\/uploads\/2016\/05\/UAEM-2859-235x132.jpg 235w, https:\/\/www.diarioimagen.net\/wp-content\/uploads\/2016\/05\/UAEM-2859-202x114.jpg 202w, https:\/\/www.diarioimagen.net\/wp-content\/uploads\/2016\/05\/UAEM-2859-350x196.jpg 350w, https:\/\/www.diarioimagen.net\/wp-content\/uploads\/2016\/05\/UAEM-2859-220x123.jpg 220w, https:\/\/www.diarioimagen.net\/wp-content\/uploads\/2016\/05\/UAEM-2859-237x132.jpg 237w, https:\/\/www.diarioimagen.net\/wp-content\/uploads\/2016\/05\/UAEM-2859.jpg 480w\" sizes=\"auto, (max-width: 420px) 100vw, 420px\" \/><\/a><p id=\"caption-attachment-267668\" class=\"wp-caption-text\">El rector Jorge Olvera adelant\u00f3 que en breve, el plantel \u201cTexcoco\u201d contar\u00e1 con el servicio del transporte gratuito Potrob\u00fas, como un apoyo m\u00e1s para los estudiantes.<\/p><\/div>\n<p>&nbsp;<\/p>\n<p>\u201cNadie en la Universidad Aut\u00f3noma del Estado de M\u00e9xico dejar\u00e1 sus estudios por cuestiones econ\u00f3micas\u201d, sostuvo el rector Jorge Olvera Garc\u00eda, quien anunci\u00f3 que seguir\u00e1 pugnando para que un mayor n\u00famero de alumnos reciba apoyos; en este sentido, adelant\u00f3 que en breve, el plantel \u201cTexcoco\u201d contar\u00e1 con el servicio del transporte gratuito <em>Potrob\u00fas<\/em>, como un apoyo m\u00e1s para los estudiantes.<\/p>\n<p>En el marco del Tercer Informe de Actividades del director del plantel \u201cTexcoco\u201d de la Escuela Preparatoria de la UAEM, Carlos Alberto Salgado Trevi\u00f1o, al que asisti\u00f3 el presidente municipal de Texcoco, Higinio Mart\u00ednez Miranda, el rector resalt\u00f3 que de las 34 universidades p\u00fablicas estatales del pa\u00eds, la Aut\u00f3noma mexiquense ocupa el primer lugar con 100 por ciento de licenciaturas acreditadas por su calidad.<\/p>\n<p>Al tiempo que se comprometi\u00f3 a entregar material bibliogr\u00e1fico a este plantel, que pr\u00f3ximamente recibir\u00e1 a los evaluadores para ratificar su calidad y pertinencia, puntualiz\u00f3 que los nueve planteles de la Escuela Preparatoria de la Aut\u00f3noma mexiquense est\u00e1n acreditados en el Sistema Nacional de Bachillerato (SNB).<\/p>\n<p>Tras destacar la asistencia a este evento del presidente municipal de Texcoco, Higinio Mart\u00ednez Miranda, Jorge Olvera Garc\u00eda se\u00f1al\u00f3 la importancia de la sinergia que debe existir entre la universidad y los diferentes niveles de gobierno, para que coordinadamente articulen esfuerzos a favor de la educaci\u00f3n.<\/p>\n<p>El rector sostuvo que en breve, la n\u00e1xima casa de estudios mexiquense signar\u00e1 un convenio general de colaboraci\u00f3n con el ayuntamiento de Texcoco e hizo un reconocimiento al trabajo que este plantel ha realizado durante casi 60 a\u00f1os, brindando educaci\u00f3n de calidad a los j\u00f3venes de ocho municipios de la entidad.<\/p>\n<p>Carlos Alberto Salgado Trevi\u00f1o inform\u00f3 que en el reciente a\u00f1o, el plantel registr\u00f3 un incremento en su matr\u00edcula y atiende en la actualidad a m\u00e1s de dos mil estudiantes, siendo una de las mayores de la UAEM.<\/p>\n<p>Detall\u00f3 que de acuerdo con la Estad\u00edstica 911 de la Secretar\u00eda de Educaci\u00f3n P\u00fablica, el plantel \u201cTexcoco\u201d es uno de los espacios de nivel medio superior con el mayor \u00edndice de inserci\u00f3n a la educaci\u00f3n superior de la UAEM, pero tambi\u00e9n a instituciones como la Universidad Nacional Aut\u00f3noma de M\u00e9xico, el Instituto Polit\u00e9cnico Nacional y la Universidad Aut\u00f3noma Chapingo, entre otras.<\/p>\n<p>&nbsp;<\/p>\n","protected":false},"excerpt":{"rendered":"<p>\u201cNadie en la Universidad Aut\u00f3noma del Estado de M\u00e9xico dejar\u00e1 sus estudios por cuestiones econ\u00f3micas\u201d, sostuvo el rector Jorge Olvera Garc\u00eda, quien anunci\u00f3 que seguir\u00e1 pugnando para que un mayor n\u00famero de alumnos reciba apoyos; en este sentido, adelant\u00f3 que en breve, el plantel \u201cTexcoco\u201d contar\u00e1 con el servicio del transporte gratuito Potrob\u00fas, como un apoyo m\u00e1s para los estudiantes.<\/p>\n","protected":false},"author":3,"featured_media":267668,"comment_status":"open","ping_status":"open","sticky":false,"template":"","format":"standard","meta":{"_monsterinsights_skip_tracking":false,"_monsterinsights_sitenote_active":false,"_monsterinsights_sitenote_note":"","_monsterinsights_sitenote_category":0,"footnotes":""},"categories":[35155],"tags":[2701,2014,27015,1491],"class_list":["post-267569","post","type-post","status-publish","format-standard","has-post-thumbnail","hentry","category-estado-de-mexico-estado-de-mexico","tag-apoyo","tag-estudiantes","tag-jorge-olvera-garcia","tag-uaem"],"_links":{"self":[{"href":"https:\/\/www.diarioimagen.net\/index.php?rest_route=\/wp\/v2\/posts\/267569","targetHints":{"allow":["GET"]}}],"collection":[{"href":"https:\/\/www.diarioimagen.net\/index.php?rest_route=\/wp\/v2\/posts"}],"about":[{"href":"https:\/\/www.diarioimagen.net\/index.php?rest_route=\/wp\/v2\/types\/post"}],"author":[{"embeddable":true,"href":"https:\/\/www.diarioimagen.net\/index.php?rest_route=\/wp\/v2\/users\/3"}],"replies":[{"embeddable":true,"href":"https:\/\/www.diarioimagen.net\/index.php?rest_route=%2Fwp%2Fv2%2Fcomments&post=267569"}],"version-history":[{"count":0,"href":"https:\/\/www.diarioimagen.net\/index.php?rest_route=\/wp\/v2\/posts\/267569\/revisions"}],"wp:featuredmedia":[{"embeddable":true,"href":"https:\/\/www.diarioimagen.net\/index.php?rest_route=\/wp\/v2\/media\/267668"}],"wp:attachment":[{"href":"https:\/\/www.diarioimagen.net\/index.php?rest_route=%2Fwp%2Fv2%2Fmedia&parent=267569"}],"wp:term":[{"taxonomy":"category","embeddable":true,"href":"https:\/\/www.diarioimagen.net\/index.php?rest_route=%2Fwp%2Fv2%2Fcategories&post=267569"},{"taxonomy":"post_tag","embeddable":true,"href":"https:\/\/www.diarioimagen.net\/index.php?rest_route=%2Fwp%2Fv2%2Ftags&post=267569"}],"curies":[{"name":"wp","href":"https:\/\/api.w.org\/{rel}","templated":true}]}}