{"id":267618,"date":"2016-05-04T00:02:14","date_gmt":"2016-05-04T05:02:14","guid":{"rendered":"http:\/\/www.diarioimagen.net\/?p=267618"},"modified":"2016-05-04T01:33:04","modified_gmt":"2016-05-04T06:33:04","slug":"moreno-valle-y-calderon-sus-apuestas-electorales","status":"publish","type":"post","link":"https:\/\/www.diarioimagen.net\/?p=267618","title":{"rendered":"Moreno Valle y Calder\u00f3n; sus apuestas electorales"},"content":{"rendered":"<h2>Poder y dinero<\/h2>\n<h5>V\u00edctor S\u00e1nchez Ba\u00f1os<\/h5>\n<p>&nbsp;<\/p>\n<p style=\"text-align: right;\"><em>Una vez al a\u00f1o es l\u00edcito hacer locuras.<br \/>\n<strong>San Agust\u00edn (354-430) Obispo y fil\u00f3sofo.<\/strong><\/em><\/p>\n<p>&nbsp;<\/p>\n<p>Al margen del presidente del PAN, Ricardo Anaya, una de las facciones m\u00e1s activas del panismo en M\u00e9xico, lo representan el ex presidente Felipe Calder\u00f3n y el gobernador de Puebla, Rafael Moreno Valle. Esta dupla tiene los ojos puestos en la sucesi\u00f3n presidencial con dos cartas: el Ejecutivo poblano y la esposa del ex inquilino de Los Pinos.<\/p>\n<p>Para hacer pol\u00edtica, como dir\u00eda uno de los maestros de la pol\u00edtica pri\u00edsta, Carlos Hank Gonz\u00e1lez, se necesita dinero y de preferencia que no sea de uno; que sea de los dem\u00e1s (empresarios, seguidores o del presupuesto).<\/p>\n<p>Pero, \u00bfc\u00f3mo obtener recursos, si no tienen gobiernos s\u00f3lidos y alineados en los estados, de donde podr\u00edan sacar recursos para la campa\u00f1a presidencial?<\/p>\n<p>El camino es sencillo: hacer alianzas con los panistas-perredistas, que contienden en el pr\u00f3ximo certamen electoral de 5 de junio. Su baraja es pobre, pero hacen su luchita. Por el momento, busc\u00f3 hacer alianzas con Javier Corral en Chihuahua, pero \u00e9ste le dio con la puerta en las \u201cnarices\u201d. El fin de semana le coquete\u00f3 a la candidata panista para la alcald\u00eda de Chihuahua, la capital, Mar\u00eda Eugenia Campos, quien s\u00ed le hizo ojitos y acept\u00f3 el sometimiento pol\u00edtico.<\/p>\n<p>Como Zacatecas no es un estado rico, s\u00f3lo mand\u00f3 a su mujer, Margarita Zavala, quien tuvo reuniones privadas con el candidato a gobernador, quien seguramente perder\u00e1.<\/p>\n<p>Sin embargo, la apuesta millonaria es en Puebla, con Tony Gali; Veracruz con Miguel \u00c1ngel Yunes y Quintana Roo, con Carlos Joaqu\u00edn. \u00c9ste \u00faltimo vendi\u00f3 su alma a Calder\u00f3n, luego de varias reuniones que sostuvo el a\u00f1o pasado a oscuritas y con el mismo gobernador Moreno Valle. Ambos le dan apoyo y contactos financieros.<\/p>\n<p>Calder\u00f3n cabildea con empresarios tur\u00edsticos y con el clero, donde destaca el obispo de Quintana Roo, Pedro Pablo Elizondo, quien hace campa\u00f1a desde el p\u00falpito en favor de Carlos Joaqu\u00edn.<\/p>\n<p>El caso de Gali, quien es incondicional de Rafael Moreno, tiene todo el poder y el dinero, para ganarle a la pri\u00edsta Blanca Alcal\u00e1. Pero, no es suficiente, se necesita m\u00e1s hilacha para tener la candidatura presidencial. Por el momento, como jefe de prensa del gobierno del poblano tiene a Maximiliano Cortazar, Max para los cuates, quien fuera el amigo de fiesta y comunicador del gobierno calderonista. \u201cTiene la cartera abierta\u201d y \u201cla chequera sin l\u00edmites\u201d\u2026 dicen.<\/p>\n<p>Calder\u00f3n y Margarita est\u00e1n unidos con Moreno Valle. \u00bfCu\u00e1nto durar\u00e1 el romance? Pues hasta que se inicie la verdadera campa\u00f1a por la candidatura presidencial. Por el momento, van de la mano para meterse en las campa\u00f1as para gobernadores y hacer compromisos con miras al 2018.<\/p>\n<p>A los Calder\u00f3n les gust\u00f3 tener el poder 6 a\u00f1os y quieren m\u00e1s. A pesar que su paso por Los Pinos fue desastroso.<\/p>\n<p>Por cierto, todo esto lo saben perfectamente en el CEN del PRI y no hay ninguna expresi\u00f3n de malestar. \u00bfPor qu\u00e9 ser\u00e1?<\/p>\n<p><strong>PODEROSOS CABALLEROS<\/strong>.- El embajador Carlos P\u00e9rez Verd\u00eda llega a Los Pinos como jefe de asesores de Enrique Pe\u00f1a Nieto. En el paso por la canciller\u00eda, Jos\u00e9 Antonio Meade, fue su jefe de asesores y tiene amplias recomendaciones de Claudia Ruiz Massieu, la actual encargada del despacho de Relaciones Exteriores. \u00bfCu\u00e1l es el mensaje del aterrizaje de P\u00e9rez Verd\u00eda? Escribiendo de sucesi\u00f3n presidencial. *** Varios gobernadores del sureste est\u00e1n pendientes de la puesta en marcha del proyecto de las Zonas Econ\u00f3micas, programadas para abatir la pobreza y el rezago en el sur-sureste del pa\u00eds. Llevar\u00e1n inversi\u00f3n productiva y generar\u00e1n empleos bien pagados, de acuerdo a la minuta de la Ley Federal de Zonas Econ\u00f3micas Especiales impulsada por el presidente Enrique Pe\u00f1a y aprobada por el Congreso. *** Intensa actividad de Claudia Pavlovich, gobernadora de Sonora. En las \u00faltimas semanas sumo 8 proyectos de inversi\u00f3n por 202.83 millones de d\u00f3lares, cinco nuevas empresas y la creaci\u00f3n de 2 mil 663 empleos. La inversi\u00f3n proviene en un 50% de capital mexicano, 38% de Estados Unidos y 13% de Francia, misma que se distribuy\u00f3 35% en el sector agroindustrial, 25% en manufactura, 14% aeroespacial, 13% automotriz y 13% metalmec\u00e1nico.<\/p>\n<p><strong>RESPONSABILIDAD SOCIAL CORPORATIVA<\/strong>.- Solartec, bajo el liderazgo de Gustavo Tom\u00e9, desde su planta en Irapuato, Guanajuato, fabricaci\u00f3n y distribuci\u00f3n de celdas y p\u00e1neles solares a Latinoam\u00e9rica. Habilit\u00f3 un sistema fotovoltaico de generaci\u00f3n el\u00e9ctrica en la Universidad La Salle Campus Campestre, ubicada en Le\u00f3n, como parte de su plan de innovaci\u00f3n para promover el uso de las energ\u00edas renovables en nuestro pa\u00eds. La apuesta es por la generaci\u00f3n de energ\u00eda limpias.<\/p>\n<p><a href=\"mailto:vsanchezb@gmail.com\" target=\"_blank\"><em>vsanchezb@gmail.com<\/em><\/a><\/p>\n<p><em>Twitter, Facebook y Printerest:<strong>\u00a0vsanchezbano<\/strong><\/em><\/p>\n","protected":false},"excerpt":{"rendered":"<p><span style=\"color: #005497;\"><strong>V\u00edctor S\u00e1nchez Ba\u00f1os<\/strong><\/span><\/p>\n","protected":false},"author":3,"featured_media":0,"comment_status":"open","ping_status":"open","sticky":false,"template":"","format":"standard","meta":{"_monsterinsights_skip_tracking":false,"_monsterinsights_sitenote_active":false,"_monsterinsights_sitenote_note":"","_monsterinsights_sitenote_category":0,"footnotes":""},"categories":[38844],"tags":[43674,38847,38848],"class_list":["post-267618","post","type-post","status-publish","format-standard","hentry","category-victor-sanchez-banos","tag-opinion","tag-poder-y-dinero","tag-victor-sanchez-banos"],"_links":{"self":[{"href":"https:\/\/www.diarioimagen.net\/index.php?rest_route=\/wp\/v2\/posts\/267618","targetHints":{"allow":["GET"]}}],"collection":[{"href":"https:\/\/www.diarioimagen.net\/index.php?rest_route=\/wp\/v2\/posts"}],"about":[{"href":"https:\/\/www.diarioimagen.net\/index.php?rest_route=\/wp\/v2\/types\/post"}],"author":[{"embeddable":true,"href":"https:\/\/www.diarioimagen.net\/index.php?rest_route=\/wp\/v2\/users\/3"}],"replies":[{"embeddable":true,"href":"https:\/\/www.diarioimagen.net\/index.php?rest_route=%2Fwp%2Fv2%2Fcomments&post=267618"}],"version-history":[{"count":0,"href":"https:\/\/www.diarioimagen.net\/index.php?rest_route=\/wp\/v2\/posts\/267618\/revisions"}],"wp:attachment":[{"href":"https:\/\/www.diarioimagen.net\/index.php?rest_route=%2Fwp%2Fv2%2Fmedia&parent=267618"}],"wp:term":[{"taxonomy":"category","embeddable":true,"href":"https:\/\/www.diarioimagen.net\/index.php?rest_route=%2Fwp%2Fv2%2Fcategories&post=267618"},{"taxonomy":"post_tag","embeddable":true,"href":"https:\/\/www.diarioimagen.net\/index.php?rest_route=%2Fwp%2Fv2%2Ftags&post=267618"}],"curies":[{"name":"wp","href":"https:\/\/api.w.org\/{rel}","templated":true}]}}