{"id":267711,"date":"2016-05-05T00:04:03","date_gmt":"2016-05-05T05:04:03","guid":{"rendered":"http:\/\/www.diarioimagen.net\/?p=267711"},"modified":"2016-05-06T00:23:32","modified_gmt":"2016-05-06T05:23:32","slug":"busca-sedesol-acercar-canasta-alimentaria-a-mexicanos","status":"publish","type":"post","link":"https:\/\/www.diarioimagen.net\/?p=267711","title":{"rendered":"Busca Sedesol acercar la canasta alimentaria"},"content":{"rendered":"<ul>\n<li><strong><em>Acuerdo con Walmart<\/em><\/strong><\/li>\n<\/ul>\n<p>&nbsp;<\/p>\n<div id=\"attachment_267712\" style=\"width: 430px\" class=\"wp-caption aligncenter\"><a href=\"http:\/\/www.diarioimagen.net\/?attachment_id=267712\" rel=\"attachment wp-att-267712\"><img loading=\"lazy\" decoding=\"async\" aria-describedby=\"caption-attachment-267712\" class=\"wp-image-267712 size-large\" src=\"http:\/\/www.diarioimagen.net\/wp-content\/uploads\/2016\/05\/CANASTA5-portal-420x236.jpg\" alt=\"El titular de Sedesol, Jos\u00e9 Antonio Meade Kuribre\u00f1a, firm\u00f3 un convenio con la cadena comercial Walmart para acercar la canasta b\u00e1sica a m\u00e1s mexicanos.\" width=\"420\" height=\"236\" srcset=\"https:\/\/www.diarioimagen.net\/wp-content\/uploads\/2016\/05\/CANASTA5-portal-420x236.jpg 420w, https:\/\/www.diarioimagen.net\/wp-content\/uploads\/2016\/05\/CANASTA5-portal-240x135.jpg 240w, https:\/\/www.diarioimagen.net\/wp-content\/uploads\/2016\/05\/CANASTA5-portal-235x132.jpg 235w, https:\/\/www.diarioimagen.net\/wp-content\/uploads\/2016\/05\/CANASTA5-portal-202x114.jpg 202w, https:\/\/www.diarioimagen.net\/wp-content\/uploads\/2016\/05\/CANASTA5-portal-350x196.jpg 350w, https:\/\/www.diarioimagen.net\/wp-content\/uploads\/2016\/05\/CANASTA5-portal-220x123.jpg 220w, https:\/\/www.diarioimagen.net\/wp-content\/uploads\/2016\/05\/CANASTA5-portal-237x132.jpg 237w, https:\/\/www.diarioimagen.net\/wp-content\/uploads\/2016\/05\/CANASTA5-portal.jpg 480w\" sizes=\"auto, (max-width: 420px) 100vw, 420px\" \/><\/a><p id=\"caption-attachment-267712\" class=\"wp-caption-text\">El titular de Sedesol, Jos\u00e9 Antonio Meade Kuribre\u00f1a, firm\u00f3 un convenio con la cadena comercial Walmart para acercar la canasta b\u00e1sica a m\u00e1s mexicanos.<\/p><\/div>\n<p>&nbsp;<\/p>\n<p>Con el objetivo de que los mexicanos tengan mayor acceso a la canasta alimentaria, la Secretar\u00eda de Desarrollo Social (Sedesol) suscribi\u00f3 un acuerdo con Walmart. El titular de la dependencia, Jos\u00e9 Antonio Meade Kuribre\u00f1a, explic\u00f3 que a este acuerdo se le dar\u00e1 un seguimiento quincenal, adem\u00e1s de que se acord\u00f3 ser especialmente sensibles en los bienes que integran la canasta alimentaria.<\/p>\n<p>Tambi\u00e9n se busca realizar cambios estructurales para construir un entorno que favorezca un mejor abasto y mejores precios.<\/p>\n<p>El funcionario federal puntualiz\u00f3 que se ha tenido un buen arranque de a\u00f1o, pen el mes de marzo se tuvo, por primera vez en mucho tiempo, una deflaci\u00f3n en la canasta alimentaria que se da en s\u00ed mismo en un entorno de baja inflaci\u00f3n.<\/p>\n<p>Agreg\u00f3 Meade Kuribre\u00f1a que este convenio no se agota con el tema de la canasta alimentaria, sino que se contin\u00faa sumando la voluntad de dicha empresa para que sus empleados y la comunidad a la que sirven avancen juntos en un despliegue que permita asimismo abatir las carencias.<\/p>\n<p>El titular de la Sedesol explic\u00f3 que se continuar\u00e1 trabajando en esta labor a fin de que este tipo de convenios se realicen con otras empresas del ramo.<\/p>\n<p>Reconoci\u00f3 el trabajo realizado en el Estado de M\u00e9xico por el gobernador Eruviel \u00c1vila, quien asegur\u00f3 que su objetivo \u201ces que a la gente le alcance m\u00e1s, que le rinda m\u00e1s el gasto, los recursos que con mucho esfuerzo van adquiriendo\u201d.<\/p>\n<p>En su intervenci\u00f3n durante el evento, \u00c1vila Villegas agradeci\u00f3 el trabajo realizado por el titular de Sedesol y, en particular, el presente acuerdo.<\/p>\n<p>El evento tambi\u00e9n cont\u00f3 con la presencia del presidente ejecutivo y director general de Walmart de M\u00e9xico y Centroam\u00e9rica, Guilherme Loureiro, quien se sum\u00f3 al agradecimiento de este esfuerzo de Sedesol para permitir continuar trabajando en temas comunes.<\/p>\n","protected":false},"excerpt":{"rendered":"<p>Con el objetivo de que los mexicanos tengan mayor acceso a la canasta alimentaria, la Secretar\u00eda de Desarrollo Social (Sedesol) suscribi\u00f3 un acuerdo con Walmart. El titular de la dependencia, Jos\u00e9 Antonio Meade Kuribre\u00f1a, explic\u00f3 que a este acuerdo se le dar\u00e1 un seguimiento quincenal, adem\u00e1s de que se acord\u00f3 ser especialmente sensibles en los bienes que integran la canasta alimentaria.<\/p>\n","protected":false},"author":5,"featured_media":267712,"comment_status":"open","ping_status":"open","sticky":false,"template":"","format":"standard","meta":{"_monsterinsights_skip_tracking":false,"_monsterinsights_sitenote_active":false,"_monsterinsights_sitenote_note":"","_monsterinsights_sitenote_category":0,"footnotes":""},"categories":[3],"tags":[5828,1998,25673],"class_list":["post-267711","post","type-post","status-publish","format-standard","has-post-thumbnail","hentry","category-nacional","tag-eruviel-avila-villegas","tag-sedesol","tag-walmart"],"_links":{"self":[{"href":"https:\/\/www.diarioimagen.net\/index.php?rest_route=\/wp\/v2\/posts\/267711","targetHints":{"allow":["GET"]}}],"collection":[{"href":"https:\/\/www.diarioimagen.net\/index.php?rest_route=\/wp\/v2\/posts"}],"about":[{"href":"https:\/\/www.diarioimagen.net\/index.php?rest_route=\/wp\/v2\/types\/post"}],"author":[{"embeddable":true,"href":"https:\/\/www.diarioimagen.net\/index.php?rest_route=\/wp\/v2\/users\/5"}],"replies":[{"embeddable":true,"href":"https:\/\/www.diarioimagen.net\/index.php?rest_route=%2Fwp%2Fv2%2Fcomments&post=267711"}],"version-history":[{"count":0,"href":"https:\/\/www.diarioimagen.net\/index.php?rest_route=\/wp\/v2\/posts\/267711\/revisions"}],"wp:featuredmedia":[{"embeddable":true,"href":"https:\/\/www.diarioimagen.net\/index.php?rest_route=\/wp\/v2\/media\/267712"}],"wp:attachment":[{"href":"https:\/\/www.diarioimagen.net\/index.php?rest_route=%2Fwp%2Fv2%2Fmedia&parent=267711"}],"wp:term":[{"taxonomy":"category","embeddable":true,"href":"https:\/\/www.diarioimagen.net\/index.php?rest_route=%2Fwp%2Fv2%2Fcategories&post=267711"},{"taxonomy":"post_tag","embeddable":true,"href":"https:\/\/www.diarioimagen.net\/index.php?rest_route=%2Fwp%2Fv2%2Ftags&post=267711"}],"curies":[{"name":"wp","href":"https:\/\/api.w.org\/{rel}","templated":true}]}}