{"id":267714,"date":"2016-05-05T00:08:34","date_gmt":"2016-05-05T05:08:34","guid":{"rendered":"http:\/\/www.diarioimagen.net\/?p=267714"},"modified":"2016-05-06T00:23:54","modified_gmt":"2016-05-06T05:23:54","slug":"sin-condiciones-para-levantar-contingencia-ambiental","status":"publish","type":"post","link":"https:\/\/www.diarioimagen.net\/?p=267714","title":{"rendered":"Sigue contingencia; hoy no circulan verdes y amarillos"},"content":{"rendered":"<ul>\n<li><strong><em>Supervisar\u00e1n 300 inspectores del Edomex que se cumplan medidas<\/em><\/strong><\/li>\n<\/ul>\n<h6>Jos\u00e9 Luis Monta\u00f1ez<\/h6>\n<p>&nbsp;<\/p>\n<div id=\"attachment_267715\" style=\"width: 430px\" class=\"wp-caption aligncenter\"><a href=\"http:\/\/www.diarioimagen.net\/?attachment_id=267715\" rel=\"attachment wp-att-267715\"><img loading=\"lazy\" decoding=\"async\" aria-describedby=\"caption-attachment-267715\" class=\"wp-image-267715 size-large\" src=\"http:\/\/www.diarioimagen.net\/wp-content\/uploads\/2016\/05\/AMBIENTE5-portal-420x236.jpg\" alt=\"En la Zona Metropolitana del Valle de M\u00e9xico persiste una calidad del aire mala y se pronostica que continuar\u00e1 durante la mayor parte del d\u00eda.\" width=\"420\" height=\"236\" srcset=\"https:\/\/www.diarioimagen.net\/wp-content\/uploads\/2016\/05\/AMBIENTE5-portal-420x236.jpg 420w, https:\/\/www.diarioimagen.net\/wp-content\/uploads\/2016\/05\/AMBIENTE5-portal-240x135.jpg 240w, https:\/\/www.diarioimagen.net\/wp-content\/uploads\/2016\/05\/AMBIENTE5-portal-235x132.jpg 235w, https:\/\/www.diarioimagen.net\/wp-content\/uploads\/2016\/05\/AMBIENTE5-portal-202x114.jpg 202w, https:\/\/www.diarioimagen.net\/wp-content\/uploads\/2016\/05\/AMBIENTE5-portal-350x196.jpg 350w, https:\/\/www.diarioimagen.net\/wp-content\/uploads\/2016\/05\/AMBIENTE5-portal-220x123.jpg 220w, https:\/\/www.diarioimagen.net\/wp-content\/uploads\/2016\/05\/AMBIENTE5-portal-237x132.jpg 237w, https:\/\/www.diarioimagen.net\/wp-content\/uploads\/2016\/05\/AMBIENTE5-portal.jpg 480w\" sizes=\"auto, (max-width: 420px) 100vw, 420px\" \/><\/a><p id=\"caption-attachment-267715\" class=\"wp-caption-text\">En la Zona Metropolitana del Valle de M\u00e9xico persiste una calidad del aire mala, por lo que se mantiene la contingencia ambiental.<\/p><\/div>\n<p>&nbsp;<\/p>\n<p>La Comisi\u00f3n Ambiental de la Megal\u00f3polis (Came) determin\u00f3 mantener la Fase 1 de Contingencia Ambiental en el Valle de M\u00e9xico ante los altos \u00edndices de contaminaci\u00f3n, por lo que este jueves no podr\u00e1n circular los veh\u00edculos con engomados verde y amarillo y terminaci\u00f3n de placas 1 y 2 y 5 y 6.<\/p>\n<p>A su vez, el Sistema de Monitoreo Atmosf\u00e9rico de la Ciudad de M\u00e9xico report\u00f3 que los niveles de ozono alcanzaron 179 puntos, por lo que se mantiene la medida preventiva.<\/p>\n<p>El organismo report\u00f3 como \u201cmuy mala\u201d la calidad del aire con 179 puntos de ozono en el \u00cdndice Metropolitano de la Calidad del Aire (Imeca) en la zona suroeste mientras que la zona centro registr\u00f3 159 puntos.<\/p>\n<p>En un comunicado, la Comisi\u00f3n Ambiental de la Megal\u00f3polis inform\u00f3 que la condici\u00f3n de estabilidad atmosf\u00e9rica y el viento d\u00e9bil provocados por el sistema de alta presi\u00f3n, prevalecen sobre el centro del pa\u00eds provocando el estancamiento de los contaminantes.<\/p>\n<p>La alta temperatura e intensa radiaci\u00f3n solar que se han presentado durante el d\u00eda provocan una \u201cmuy mala\u201d calidad del aire en la mayor parte de la zona metropolitana.<\/p>\n<p>Por ello se recomienda que durante la permanencia de los elevados \u00edndices de ozono, los ni\u00f1os, adultos mayores y personas con problemas respiratorios y cardiovasculares permanezcan en interiores en las horas de m\u00e1xima concentraci\u00f3n.<\/p>\n<p>De igual forma se pide evitar las actividades deportivas al aire libre o desarrollar actividades que requieran un esfuerzo vigoroso.<\/p>\n<p>Asimismo, se exhorta a la poblaci\u00f3n a informarse continuamente sobre la calidad del aire consultando la siguiente p\u00e1gina web aire.df.gob.mx, a trav\u00e9s de la aplicaci\u00f3n AIRE que se encuentra disponible para dispositivos iOS y Android; o bien por medio de su cuenta de Twitter Calidad del Aire @Aire_CDMX.<\/p>\n<p>Ante la contingencia, la industria de competencia federal y local de los sectores cementero, farmac\u00e9utico, qu\u00edmico, hidrocarburos, generaci\u00f3n de energ\u00eda el\u00e9ctrica, as\u00ed como las que utilicen solventes en sus procesos deber\u00e1n reducir entre 30 y 40 por ciento sus emisiones a la atm\u00f3sfera.<\/p>\n<p>Entre otras acciones, sugiri\u00f3 no quemar cualquier material o residuo s\u00f3lido o l\u00edquido a cielo abierto, y no prender fogatas.<\/p>\n<p style=\"text-align: center;\"><strong>Edomex, a la vanguardia en combate a la contaminaci\u00f3n <\/strong><\/p>\n<p>Por su parte, el gobierno del Estado de M\u00e9xico incorpor\u00f3 a las tareas de supervisi\u00f3n y vigilancia de las medidas de contingencia ambiental, a un grupo de 300 inspectores sanitarios capacitados en medio ambiente que pertenecen a la Secretar\u00eda de Salud, para que coadyuven a preservar la salud de los habitantes de la Zona Metropolitana del Valle de M\u00e9xico, lo que coloca al Edomex a la vanguardia a nivel nacional en el combate a la contaminaci\u00f3n.<\/p>\n<p>\u201cCon esto, el gobernador Eruviel \u00c1vila Villegas da un paso m\u00e1s en la serie de medidas adicionales emergentes que ha tomado el gobierno del Estado de M\u00e9xico para contribuir a mejorar la calidad del aire\u201d, afirm\u00f3 Ra\u00fal Vargas Herrera, secretario del Medio Ambiente.<\/p>\n<p>&nbsp;<\/p>\n<blockquote>\n<h2 style=\"text-align: center;\">Sancionan a m\u00e1s de 5 mil automovilistas<br \/>\npor violar disposici\u00f3n<\/h2>\n<ul>\n<li><strong><em>Multas parejas para autos y motocicletas<\/em><\/strong><\/li>\n<\/ul>\n<p>Del 5 de abril al 3 de mayo han sido infraccionados cinco mil 30 automovilistas que incumplieron el Programa Hoy No Circula, inform\u00f3 la Secretaria de Seguridad P\u00fablica capitalina.<\/p>\n<p>La dependencia del gobierno de la Ciudad de M\u00e9xico detall\u00f3 que de total de los sancionados, cuatro mil 997 son veh\u00edculos y 33 motocicletas, y que todos los veh\u00edculos fueron enviados a los dep\u00f3sitos. Asimismo, indic\u00f3 que desde la disposici\u00f3n para restringir la circulaci\u00f3n de transporte de carga en vialidades de la ciudad de las 06:00 a las 10:00 horas, infraccion\u00f3 a 257 conductores, entre el 18 y el 30 de abril, y a 41 choferes, del 1 al 3 de mayo, por infringir la norma.<\/p>\n<p>En el periodo comprendido del 18 de abril al 3 de mayo, la secretar\u00eda tambi\u00e9n infraccion\u00f3 a 498 conductores de transporte de carga por trasgredir el Art\u00edculo 25 de las normas generales para circulaci\u00f3n de veh\u00edculos, que ordena: circular en las v\u00edas y horarios establecidos.<\/p>\n<p>As\u00ed como circular por carril de la extrema derecha y usar el izquierdo s\u00f3lo para rebasar y realizar maniobras de carga y descarga en lugares seguros sin afectar el tr\u00e1nsito vehicular.<\/p>\n<p>El Art\u00edculo 26 proh\u00edbe a estos mismos conductores, circular por carriles centrales y segundos niveles de las v\u00edas de acceso controlado; hacer base o estacionar el veh\u00edculo fuera de un lugar autorizado o de los sitios de encierro o guarda correspondientes.<\/p>\n<p>Si trasportan sustancias t\u00f3xicas o peligrosas deben sujetarse estrictamente a circular por las rutas en horarios e itinerarios de carga y descarga autorizados.<\/p>\n<p>En caso de congestionamiento vehicular que interrumpa la circulaci\u00f3n, el conductor deber\u00e1 solicitar a los agentes prioridad para continuar su marcha, mostr\u00e1ndoles la documentaci\u00f3n que ampare el riesgo sobre el producto que transporta.<\/p>\n<p>Tambi\u00e9n deber\u00e1n cumplir con los lineamientos en materia de sustancias peligrosas que para tal efecto expidan las autoridades competentes, record\u00f3 la Secretar\u00eda de Seguridad P\u00fablica capitalina.<\/p><\/blockquote>\n","protected":false},"excerpt":{"rendered":"<p><span style=\"color: #005497;\">Jos\u00e9 Luis Monta\u00f1ez<\/span><br \/>\n<br \/>\nLa Comisi\u00f3n Ambiental de la Megal\u00f3polis (Came) determin\u00f3 mantener la Fase 1 de Contingencia Ambiental en el Valle de M\u00e9xico ante los altos \u00edndices de contaminaci\u00f3n, por lo que este jueves no podr\u00e1n circular los veh\u00edculos con engomados verde y amarillo y terminaci\u00f3n de placas 1 y 2 y 5 y 6.<\/p>\n","protected":false},"author":5,"featured_media":267715,"comment_status":"open","ping_status":"open","sticky":false,"template":"","format":"standard","meta":{"_monsterinsights_skip_tracking":false,"_monsterinsights_sitenote_active":false,"_monsterinsights_sitenote_note":"","_monsterinsights_sitenote_category":0,"footnotes":""},"categories":[6],"tags":[49073,49632],"class_list":["post-267714","post","type-post","status-publish","format-standard","has-post-thumbnail","hentry","category-cd-de-mexico","tag-came","tag-contingencia-ambiental"],"_links":{"self":[{"href":"https:\/\/www.diarioimagen.net\/index.php?rest_route=\/wp\/v2\/posts\/267714","targetHints":{"allow":["GET"]}}],"collection":[{"href":"https:\/\/www.diarioimagen.net\/index.php?rest_route=\/wp\/v2\/posts"}],"about":[{"href":"https:\/\/www.diarioimagen.net\/index.php?rest_route=\/wp\/v2\/types\/post"}],"author":[{"embeddable":true,"href":"https:\/\/www.diarioimagen.net\/index.php?rest_route=\/wp\/v2\/users\/5"}],"replies":[{"embeddable":true,"href":"https:\/\/www.diarioimagen.net\/index.php?rest_route=%2Fwp%2Fv2%2Fcomments&post=267714"}],"version-history":[{"count":0,"href":"https:\/\/www.diarioimagen.net\/index.php?rest_route=\/wp\/v2\/posts\/267714\/revisions"}],"wp:featuredmedia":[{"embeddable":true,"href":"https:\/\/www.diarioimagen.net\/index.php?rest_route=\/wp\/v2\/media\/267715"}],"wp:attachment":[{"href":"https:\/\/www.diarioimagen.net\/index.php?rest_route=%2Fwp%2Fv2%2Fmedia&parent=267714"}],"wp:term":[{"taxonomy":"category","embeddable":true,"href":"https:\/\/www.diarioimagen.net\/index.php?rest_route=%2Fwp%2Fv2%2Fcategories&post=267714"},{"taxonomy":"post_tag","embeddable":true,"href":"https:\/\/www.diarioimagen.net\/index.php?rest_route=%2Fwp%2Fv2%2Ftags&post=267714"}],"curies":[{"name":"wp","href":"https:\/\/api.w.org\/{rel}","templated":true}]}}