{"id":267808,"date":"2016-05-05T00:02:14","date_gmt":"2016-05-05T05:02:14","guid":{"rendered":"http:\/\/www.diarioimagen.net\/?p=267808"},"modified":"2016-05-06T00:23:21","modified_gmt":"2016-05-06T05:23:21","slug":"inconformidad-de-conductores-por-no-circula","status":"publish","type":"post","link":"https:\/\/www.diarioimagen.net\/?p=267808","title":{"rendered":"Inconformidad de conductores por \u201cNo Circula\u201d"},"content":{"rendered":"<ul>\n<li><strong><em>Sigue contaminaci\u00f3n<\/em><\/strong><\/li>\n<\/ul>\n<p>&nbsp;<\/p>\n<div id=\"attachment_267901\" style=\"width: 430px\" class=\"wp-caption aligncenter\"><a href=\"http:\/\/www.diarioimagen.net\/?attachment_id=267901\" rel=\"attachment wp-att-267901\"><img loading=\"lazy\" decoding=\"async\" aria-describedby=\"caption-attachment-267901\" class=\"size-large wp-image-267901\" src=\"http:\/\/www.diarioimagen.net\/wp-content\/uploads\/2016\/05\/conductores-2860-420x236.jpg\" alt=\"En el segundo d\u00eda consecutivo de la Fase I de Contingencia Ambiental, la circulaci\u00f3n vehicular en diversas zonas de la Ciudad de M\u00e9xico es lenta.\" width=\"420\" height=\"236\" srcset=\"https:\/\/www.diarioimagen.net\/wp-content\/uploads\/2016\/05\/conductores-2860-420x236.jpg 420w, https:\/\/www.diarioimagen.net\/wp-content\/uploads\/2016\/05\/conductores-2860-240x135.jpg 240w, https:\/\/www.diarioimagen.net\/wp-content\/uploads\/2016\/05\/conductores-2860-235x132.jpg 235w, https:\/\/www.diarioimagen.net\/wp-content\/uploads\/2016\/05\/conductores-2860-202x114.jpg 202w, https:\/\/www.diarioimagen.net\/wp-content\/uploads\/2016\/05\/conductores-2860-350x196.jpg 350w, https:\/\/www.diarioimagen.net\/wp-content\/uploads\/2016\/05\/conductores-2860-220x123.jpg 220w, https:\/\/www.diarioimagen.net\/wp-content\/uploads\/2016\/05\/conductores-2860-237x132.jpg 237w, https:\/\/www.diarioimagen.net\/wp-content\/uploads\/2016\/05\/conductores-2860.jpg 480w\" sizes=\"auto, (max-width: 420px) 100vw, 420px\" \/><\/a><p id=\"caption-attachment-267901\" class=\"wp-caption-text\">En el segundo d\u00eda consecutivo de la Fase I de Contingencia Ambiental, la circulaci\u00f3n vehicular en diversas zonas de la Ciudad de M\u00e9xico es lenta.<\/p><\/div>\n<p>&nbsp;<\/p>\n<p>Con una molestia reflejada en sus rostros y en sus palabras, la mayor\u00eda de los automovilistas que circulan en las calles y avenidas de la Ciudad de M\u00e9xico se quejaron de la aplicaci\u00f3n del Hoy No Circula ampliado por la Fase 1 de Contingencia Ambiental.<\/p>\n<p>\u201cLa verdad esta situaci\u00f3n me ha llevado a buscarle en otras chambas para sacar para la comida y los gastos\u201d, refiri\u00f3 Paulino Mart\u00ednez, taxista desde hace 20 a\u00f1os y quien debido a esta medida tendr\u00e1 que dejar estacionado su veh\u00edculo en la cochera de su casa dos d\u00edas de esta semana.<\/p>\n<p>En un recorrido por calles y avenidas del norte de la Ciudad de M\u00e9xico se pudo observar que el aforo vehicular se redujo muy poco, pese a la restricci\u00f3n para circular a los autom\u00f3viles con engomado rojo y azul y terminaci\u00f3n de placa 3 y 4, 9 y 0, respectivamente; y en cambio, s\u00ed aument\u00f3 la demanda de transporte p\u00fablico.<\/p>\n<p>La Polic\u00eda Ambiental instal\u00f3 retenes para vigilar que la norma no fuera violada, y al menos en tres de ellos no hab\u00eda automovilistas detenidos.<\/p>\n<p>\u201cA nosotros no nos dejan circular dos o tres d\u00edas, pero el transporte p\u00fablico y las f\u00e1bricas contaminan m\u00e1s\u201d, indic\u00f3 Mauricio Torres, un odont\u00f3logo que dedica una hora para trasladarse desde su hogar en el Estado de M\u00e9xico hasta la delegaci\u00f3n Venustiano Carranza.<\/p>\n<p>La misma queja fue secundada por Omar Rivera, un trabajador del volante que hace base en Transval y Ocean\u00eda, y quien se\u00f1al\u00f3 que la disminuci\u00f3n en la velocidad, producto del nuevo Reglamento de Tr\u00e1nsito y las marchas que de todos los d\u00edas en la capital contribuyen a los altos \u00edndices de contaminaci\u00f3n.<\/p>\n<p>Las motocicletas con igual terminaci\u00f3n de matr\u00edcula tampoco podr\u00e1n transitar, mientras que para establecer la restricci\u00f3n de circulaci\u00f3n a los veh\u00edculos con placas federales se tomar\u00e1 el tercer d\u00edgito num\u00e9rico.<\/p>\n<p>La restricci\u00f3n para circular en el Valle de M\u00e9xico para los automotores con esas caracter\u00edsticas se aplica de las 5:00 a las 22:00 horas.<\/p>\n<p>En el segundo d\u00eda consecutivo de la Fase I de Contingencia Ambiental, la circulaci\u00f3n vehicular en diversas zonas de la capital del pa\u00eds es lenta, inform\u00f3 el Centro de Comando, Control, C\u00f3mputo y Comunicaciones de la Ciudad de M\u00e9xico (Caepccm).<\/p>\n<p>&nbsp;<\/p>\n<blockquote>\n<h1 style=\"text-align: center;\">Aumentan 15% usuarios del<br \/>\nMetro por contingencia<\/h1>\n<p>El director del Sistema de Transporte Colectivo Metro, Jorge Gavi\u00f1o, dijo que se increment\u00f3 entre 7 y 15 por ciento en el n\u00famero de usuarios, ante la aplicaci\u00f3n de la Fase 1 de Contingencia Ambiental en la Ciudad de M\u00e9xico.<\/p>\n<p>En el marco de la presentaci\u00f3n del programa para promover el uso de escaleras fijas en el Metro, a\u00f1adi\u00f3 que para atender el incremento de usuarios el Sistema de Transporte Colectivo adelant\u00f3 el inicio de salida de trenes y la frecuencia de paso para evitar saturaci\u00f3n.<\/p>\n<p>Necesitamos m\u00e1s trenes, pero no los tenemos. \u00bfQu\u00e9 estamos haciendo?, menores frecuencias en horarios m\u00e1s tempranos, explic\u00f3.<\/p>\n<p>De esta manera, detall\u00f3, en lugar de empezar con horas pico a las 6:00 de la ma\u00f1ana se est\u00e1 iniciando a las 5:00, con el prop\u00f3sito de dar un mejor servicio.<\/p>\n<p>Abund\u00f3 que el incremento de usuarios por la contingencia ambiental implica m\u00e1s energ\u00eda el\u00e9ctrica, por movimiento de trenes; el pago de tiempo extra para trabajadores, y mayor vigilancia de los pasajeros en las diferentes l\u00edneas, pues se requieren 600 elementos m\u00e1s para la separaci\u00f3n correcta.<\/p>\n<p style=\"text-align: center;\"><strong>Uso de escaleras<\/strong><\/p>\n<p>El director general del Metro lanz\u00f3 la campa\u00f1a \u201cLa seguridad la hacemos todos\u201d para evitar accidentes en las 466 escaleras el\u00e9ctricas que tiene esa red, de las cuales todav\u00eda 89 se consideran en estado cr\u00edtico, es decir, que requieren reparaci\u00f3n urgente o sustituci\u00f3n.<\/p>\n<p>Indic\u00f3 que la campa\u00f1a, apoyada por algunos deportistas, entre ellos ex boxeadores, es para que la gente no corra el riesgo de accidentes al respetar las indicaciones en instalaciones de ese medio de transporte.<\/p>\n<p>En la campa\u00f1a que apoyan ex boxeadores como Guadalupe Pintor y Carlos Z\u00e1rate, as\u00ed como la \u201cBarby\u201d Ju\u00e1rez, se invita a los usuarios a cumplir con algunas recomendaciones como sujetarse del barandal, revisar las agujetas de los zapatos, subir los bultos para evitar que puedan ser jalados y no correr en las escaleras.<\/p>\n<p>De acuerdo con un diagn\u00f3stico del Metro sobre sus escaleras el\u00e9ctricas, hay 89 en estado cr\u00edtico, es decir, requieren reparaci\u00f3n urgente o sustituci\u00f3n.<\/p>\n<p>\u00c9stas se ubican en Pino Su\u00e1rez, Tasque\u00f1a, Hidalgo, Miguel \u00c1ngel de Quevedo, Santa Anita, Auditorio, Barranca del Muerto y Polanco.<\/p>\n<p>Tambi\u00e9n tienen problemas escaleras el\u00e9ctricas en Mixcoac, Chabacano, Salto del Agua, Centro M\u00e9dico, Chilpancingo, Tacubaya y Guerrero. Gavi\u00f1o dijo que se tienen 120 millones de pesos para dar mantenimiento a las escaleras.<\/p><\/blockquote>\n<p>&nbsp;<\/p>\n","protected":false},"excerpt":{"rendered":"<p>Con una molestia reflejada en sus rostros y en sus palabras, la mayor\u00eda de los automovilistas que circulan en las calles y avenidas de la Ciudad de M\u00e9xico se quejaron de la aplicaci\u00f3n del Hoy No Circula ampliado por la Fase 1 de Contingencia Ambiental.<\/p>\n","protected":false},"author":3,"featured_media":267901,"comment_status":"open","ping_status":"open","sticky":false,"template":"","format":"standard","meta":{"_monsterinsights_skip_tracking":false,"_monsterinsights_sitenote_active":false,"_monsterinsights_sitenote_note":"","_monsterinsights_sitenote_category":0,"footnotes":""},"categories":[6],"tags":[204,27005,50635,163],"class_list":["post-267808","post","type-post","status-publish","format-standard","has-post-thumbnail","hentry","category-cd-de-mexico","tag-ciudad-de-mexico","tag-hoy-no-circula","tag-inconformidad","tag-metro"],"_links":{"self":[{"href":"https:\/\/www.diarioimagen.net\/index.php?rest_route=\/wp\/v2\/posts\/267808","targetHints":{"allow":["GET"]}}],"collection":[{"href":"https:\/\/www.diarioimagen.net\/index.php?rest_route=\/wp\/v2\/posts"}],"about":[{"href":"https:\/\/www.diarioimagen.net\/index.php?rest_route=\/wp\/v2\/types\/post"}],"author":[{"embeddable":true,"href":"https:\/\/www.diarioimagen.net\/index.php?rest_route=\/wp\/v2\/users\/3"}],"replies":[{"embeddable":true,"href":"https:\/\/www.diarioimagen.net\/index.php?rest_route=%2Fwp%2Fv2%2Fcomments&post=267808"}],"version-history":[{"count":0,"href":"https:\/\/www.diarioimagen.net\/index.php?rest_route=\/wp\/v2\/posts\/267808\/revisions"}],"wp:featuredmedia":[{"embeddable":true,"href":"https:\/\/www.diarioimagen.net\/index.php?rest_route=\/wp\/v2\/media\/267901"}],"wp:attachment":[{"href":"https:\/\/www.diarioimagen.net\/index.php?rest_route=%2Fwp%2Fv2%2Fmedia&parent=267808"}],"wp:term":[{"taxonomy":"category","embeddable":true,"href":"https:\/\/www.diarioimagen.net\/index.php?rest_route=%2Fwp%2Fv2%2Fcategories&post=267808"},{"taxonomy":"post_tag","embeddable":true,"href":"https:\/\/www.diarioimagen.net\/index.php?rest_route=%2Fwp%2Fv2%2Ftags&post=267808"}],"curies":[{"name":"wp","href":"https:\/\/api.w.org\/{rel}","templated":true}]}}