{"id":267812,"date":"2016-05-05T00:03:13","date_gmt":"2016-05-05T05:03:13","guid":{"rendered":"http:\/\/www.diarioimagen.net\/?p=267812"},"modified":"2016-05-06T00:23:24","modified_gmt":"2016-05-06T05:23:24","slug":"deuda-publica-del-pais-se-redujo-0-5-videgaray","status":"publish","type":"post","link":"https:\/\/www.diarioimagen.net\/?p=267812","title":{"rendered":"Deuda p\u00fablica del pa\u00eds se redujo 0.5%: Videgaray"},"content":{"rendered":"<ul>\n<li><strong><em>Gracias a recompra de valores<\/em><\/strong><\/li>\n<\/ul>\n<p>&nbsp;<\/p>\n<div id=\"attachment_267897\" style=\"width: 430px\" class=\"wp-caption aligncenter\"><a href=\"http:\/\/www.diarioimagen.net\/?attachment_id=267897\" rel=\"attachment wp-att-267897\"><img loading=\"lazy\" decoding=\"async\" aria-describedby=\"caption-attachment-267897\" class=\"size-large wp-image-267897\" src=\"http:\/\/www.diarioimagen.net\/wp-content\/uploads\/2016\/05\/videgaray-2860-420x236.jpg\" alt=\"Luis Videgaray Caso destac\u00f3 la recompra de valores gubernamentales por casi 98 mil millones de pesos por parte del gobierno federal.\" width=\"420\" height=\"236\" srcset=\"https:\/\/www.diarioimagen.net\/wp-content\/uploads\/2016\/05\/videgaray-2860-420x236.jpg 420w, https:\/\/www.diarioimagen.net\/wp-content\/uploads\/2016\/05\/videgaray-2860-240x135.jpg 240w, https:\/\/www.diarioimagen.net\/wp-content\/uploads\/2016\/05\/videgaray-2860-235x132.jpg 235w, https:\/\/www.diarioimagen.net\/wp-content\/uploads\/2016\/05\/videgaray-2860-202x114.jpg 202w, https:\/\/www.diarioimagen.net\/wp-content\/uploads\/2016\/05\/videgaray-2860-350x196.jpg 350w, https:\/\/www.diarioimagen.net\/wp-content\/uploads\/2016\/05\/videgaray-2860-220x123.jpg 220w, https:\/\/www.diarioimagen.net\/wp-content\/uploads\/2016\/05\/videgaray-2860-237x132.jpg 237w, https:\/\/www.diarioimagen.net\/wp-content\/uploads\/2016\/05\/videgaray-2860.jpg 480w\" sizes=\"auto, (max-width: 420px) 100vw, 420px\" \/><\/a><p id=\"caption-attachment-267897\" class=\"wp-caption-text\">Luis Videgaray Caso destac\u00f3 la recompra de valores gubernamentales por casi 98 mil millones de pesos por parte del gobierno federal.<\/p><\/div>\n<p>&nbsp;<\/p>\n<p>Con la recompra de valores gubernamentales por casi 98 mil millones de pesos hecha por el gobierno federal, la deuda p\u00fablica de M\u00e9xico se redujo en 0.5 por ciento del Producto Interno Bruto (PIB), destac\u00f3 el secretario de Hacienda, Luis Videgaray Caso.<\/p>\n<p>El encargado de las finanzas p\u00fablicas del pa\u00eds explic\u00f3 que esta recompra de t\u00edtulos gubernamentales significa una reducci\u00f3n de la deuda p\u00fablica por casi 98 mil millones de pesos y se realiz\u00f3 a partir de los recursos que el gobierno federal recibi\u00f3 como remanente de operaci\u00f3n del Banco de M\u00e9xico (Banxico) de 2015, por un total de 239 mil 093.8 millones de pesos.<\/p>\n<p>\u201cEsto representa que el d\u00eda de hoy se ha reducido en medio punto porcentual del Producto Interno Bruto la deuda p\u00fablica mexicana\u201d, destac\u00f3 durante un evento en Tabasco, en el cual el presidente Enrique Pe\u00f1a Nieto anunci\u00f3 el Programa de Reactivaci\u00f3n Econ\u00f3mica y Desarrollo Productivo de esa entidad y Campeche.<\/p>\n<p>Videgaray Caso se\u00f1al\u00f3 que esta es una acci\u00f3n de responsabilidad que deriva de una iniciativa presentada por el jefe del Ejecutivo federal ante el Congreso de la Uni\u00f3n el a\u00f1o pasado, para reformar la Ley Federal de Presupuesto y Responsabilidad Hacendaria.<\/p>\n<p>Esta reforma, agreg\u00f3, permite que los recursos no previstos y no presupuestados, como el remanente de operaci\u00f3n del Banxico, se dediquen a mejorar el balance p\u00fablico y, por lo tanto, \u201ca preservar la estabilidad, y eso es lo que estamos haciendo\u201d.<\/p>\n<p>De acuerdo con los resultados de la subasta de compra de valores gubernamentales realizada a trav\u00e9s del Banxico en su car\u00e1cter de agente financiero del gobierno federal, se recompraron t\u00edtulos por 97 mil 954.19 millones de pesos, utilizando parte del remante de operaci\u00f3n del banco central.<\/p>\n<p>Del monto recomprado, 60 mil 702.59 millones de pesos fueron en Bonos, y seis mil 845.1 millones de Udibonos, equivalente a 37 mil 251 millones de pesos, considerando el valor por Udi (Unidad de Inversi\u00f3n) de 5.4420 pesos.<\/p>\n<p>El Banxico refiri\u00f3 que el monto total solicitado en esta subasta de compra de valores gubernamentales fue de 208 mil 029.30 millones de pesos.<\/p>\n<p>El 29 de abril pasado, la Secretar\u00eda de Hacienda anunci\u00f3 que de los 239 mil 093.8 millones de pesos que el Banxico le transfiri\u00f3 al gobierno federal el 11 de abril por concepto de su remanente de operaci\u00f3n de 2015, el 70 por ciento (167 mil millones de pesos) se destinar\u00edan a disminuir deuda.<\/p>\n<p>&nbsp;<\/p>\n","protected":false},"excerpt":{"rendered":"<p>Con la recompra de valores gubernamentales por casi 98 mil millones de pesos hecha por el gobierno federal, la deuda p\u00fablica de M\u00e9xico se redujo en 0.5 por ciento del Producto Interno Bruto (PIB), destac\u00f3 el secretario de Hacienda, Luis Videgaray Caso.<\/p>\n","protected":false},"author":3,"featured_media":267897,"comment_status":"open","ping_status":"open","sticky":false,"template":"","format":"standard","meta":{"_monsterinsights_skip_tracking":false,"_monsterinsights_sitenote_active":false,"_monsterinsights_sitenote_note":"","_monsterinsights_sitenote_category":0,"footnotes":""},"categories":[8],"tags":[43678,7517,2806],"class_list":["post-267812","post","type-post","status-publish","format-standard","has-post-thumbnail","hentry","category-finanzas","tag-finanzas","tag-luis-videgaray-caso","tag-pib"],"_links":{"self":[{"href":"https:\/\/www.diarioimagen.net\/index.php?rest_route=\/wp\/v2\/posts\/267812","targetHints":{"allow":["GET"]}}],"collection":[{"href":"https:\/\/www.diarioimagen.net\/index.php?rest_route=\/wp\/v2\/posts"}],"about":[{"href":"https:\/\/www.diarioimagen.net\/index.php?rest_route=\/wp\/v2\/types\/post"}],"author":[{"embeddable":true,"href":"https:\/\/www.diarioimagen.net\/index.php?rest_route=\/wp\/v2\/users\/3"}],"replies":[{"embeddable":true,"href":"https:\/\/www.diarioimagen.net\/index.php?rest_route=%2Fwp%2Fv2%2Fcomments&post=267812"}],"version-history":[{"count":0,"href":"https:\/\/www.diarioimagen.net\/index.php?rest_route=\/wp\/v2\/posts\/267812\/revisions"}],"wp:featuredmedia":[{"embeddable":true,"href":"https:\/\/www.diarioimagen.net\/index.php?rest_route=\/wp\/v2\/media\/267897"}],"wp:attachment":[{"href":"https:\/\/www.diarioimagen.net\/index.php?rest_route=%2Fwp%2Fv2%2Fmedia&parent=267812"}],"wp:term":[{"taxonomy":"category","embeddable":true,"href":"https:\/\/www.diarioimagen.net\/index.php?rest_route=%2Fwp%2Fv2%2Fcategories&post=267812"},{"taxonomy":"post_tag","embeddable":true,"href":"https:\/\/www.diarioimagen.net\/index.php?rest_route=%2Fwp%2Fv2%2Ftags&post=267812"}],"curies":[{"name":"wp","href":"https:\/\/api.w.org\/{rel}","templated":true}]}}