{"id":267818,"date":"2016-05-05T00:09:22","date_gmt":"2016-05-05T05:09:22","guid":{"rendered":"http:\/\/www.diarioimagen.net\/?p=267818"},"modified":"2016-05-05T05:10:05","modified_gmt":"2016-05-05T10:10:05","slug":"en-junio-la-cumbre-mexico-estados-unidos-canada","status":"publish","type":"post","link":"https:\/\/www.diarioimagen.net\/?p=267818","title":{"rendered":"En junio, la cumbre M\u00e9xico-Estados Unidos-Canad\u00e1"},"content":{"rendered":"<ul>\n<li><strong><em>Definir\u00e1n l\u00ednea de acci\u00f3n<\/em><\/strong><\/li>\n<\/ul>\n<p>&nbsp;<\/p>\n<div id=\"attachment_267905\" style=\"width: 430px\" class=\"wp-caption aligncenter\"><a href=\"http:\/\/www.diarioimagen.net\/?attachment_id=267905\" rel=\"attachment wp-att-267905\"><img loading=\"lazy\" decoding=\"async\" aria-describedby=\"caption-attachment-267905\" class=\"wp-image-267905 size-large\" src=\"http:\/\/www.diarioimagen.net\/wp-content\/uploads\/2016\/05\/america-norte-2860-420x236.jpg\" alt=\"Enrique Pe\u00f1a Nieto, Justin Trudeau y Barack Obama se reunir\u00e1n en la ciudad de Ottawa, Canad\u00e1, el 29 de junio.\" width=\"420\" height=\"236\" srcset=\"https:\/\/www.diarioimagen.net\/wp-content\/uploads\/2016\/05\/america-norte-2860-420x236.jpg 420w, https:\/\/www.diarioimagen.net\/wp-content\/uploads\/2016\/05\/america-norte-2860-240x135.jpg 240w, https:\/\/www.diarioimagen.net\/wp-content\/uploads\/2016\/05\/america-norte-2860-235x132.jpg 235w, https:\/\/www.diarioimagen.net\/wp-content\/uploads\/2016\/05\/america-norte-2860-202x114.jpg 202w, https:\/\/www.diarioimagen.net\/wp-content\/uploads\/2016\/05\/america-norte-2860-350x196.jpg 350w, https:\/\/www.diarioimagen.net\/wp-content\/uploads\/2016\/05\/america-norte-2860-220x123.jpg 220w, https:\/\/www.diarioimagen.net\/wp-content\/uploads\/2016\/05\/america-norte-2860-237x132.jpg 237w, https:\/\/www.diarioimagen.net\/wp-content\/uploads\/2016\/05\/america-norte-2860.jpg 480w\" sizes=\"auto, (max-width: 420px) 100vw, 420px\" \/><\/a><p id=\"caption-attachment-267905\" class=\"wp-caption-text\">Enrique Pe\u00f1a Nieto, Justin Trudeau y Barack Obama se reunir\u00e1n en la ciudad de Ottawa, Canad\u00e1, el 29 de junio.<\/p><\/div>\n<p>&nbsp;<\/p>\n<p>El Presidente de la Rep\u00fablica, Enrique Pe\u00f1a Nieto, el primer ministro de Canad\u00e1, Justin Trudeau, y el mandatario de Estados Unidos de Am\u00e9rica, Barack Obama, se reunir\u00e1n en la ciudad de Ottawa, Canad\u00e1, donde se llevar\u00e1 a cabo la octava edici\u00f3n de la Cumbre de L\u00edderes de Am\u00e9rica del Norte (CLAN), el 29 de junio pr\u00f3ximo.<\/p>\n<p>En el encuentro dar\u00e1n seguimiento a los temas trilaterales clave y reafirmar\u00e1n su compromiso para hacer de Am\u00e9rica del Norte la regi\u00f3n m\u00e1s competitiva e integrada del mundo.<\/p>\n<p>La Cumbre de L\u00edderes de Am\u00e9rica del Norte es el mecanismo de alto nivel m\u00e1s importante que existe actualmente entre los tres pa\u00edses. Permite a la regi\u00f3n identificar las prioridades comunes, acordar objetivos clave y definir l\u00edneas de acci\u00f3n espec\u00edficas. Se ha celebrado de forma peri\u00f3dica desde 2007, siendo la \u00faltima Cumbre la efectuada en Toluca, en febrero de 2014.<\/p>\n<p>La octava edici\u00f3n establecer\u00e1 nuevos lineamientos en cuatro pilares principales de cooperaci\u00f3n: 1) cambio clim\u00e1tico, energ\u00edas limpias y medio ambiente; 2) competitividad comercial y fronteriza; 3) seguridad y defensa, y 4) cooperaci\u00f3n en asuntos regionales y globales.<\/p>\n<p>A trav\u00e9s de CLAN, M\u00e9xico, Estados Unidos y Canad\u00e1 comparten la visi\u00f3n de un futuro basado en un fuerte compromiso por continuar trabajando por el bienestar de las tres naciones.<\/p>\n<p style=\"text-align: center;\"><strong>Visita de Estado a Canad\u00e1<\/strong><\/p>\n<p>El Presidente realizar\u00e1 una Visita de Estado a Canad\u00e1 del 26 al 28 de junio, con el objetivo de relanzar la relaci\u00f3n bilateral y darle un enfoque m\u00e1s estrat\u00e9gico. Se reunir\u00e1 con el primer ministro Justin Trudeau y con el gobernador general de ese pa\u00eds, D\u00adavid Johnston, y sostendr\u00e1 encuentros con actores clave de los sectores empresarial, acad\u00e9mico y cultural.<\/p>\n<p>Se prev\u00e9 que la visita permita profundizar la colaboraci\u00f3n bilateral en acciones prioritarias en las que existen amplias coincidencias como cambio clim\u00e1tico, medio ambiente y energ\u00eda, competitividad econ\u00f3mica, facilitaci\u00f3n del movimiento de personas, intercambios educativos y acad\u00e9micos, cooperaci\u00f3n en ciencia, tecnolog\u00eda e innovaci\u00f3n, y seguridad.<\/p>\n<p>&nbsp;<\/p>\n","protected":false},"excerpt":{"rendered":"<p>El Presidente de la Rep\u00fablica, Enrique Pe\u00f1a Nieto, el primer ministro de Canad\u00e1, Justin Trudeau, y el mandatario de Estados Unidos de Am\u00e9rica, Barack Obama, se reunir\u00e1n en la ciudad de Ottawa, Canad\u00e1, donde se llevar\u00e1 a cabo la octava edici\u00f3n de la Cumbre de L\u00edderes de Am\u00e9rica del Norte (CLAN), el 29 de junio pr\u00f3ximo.<\/p>\n","protected":false},"author":3,"featured_media":267905,"comment_status":"open","ping_status":"open","sticky":false,"template":"","format":"standard","meta":{"_monsterinsights_skip_tracking":false,"_monsterinsights_sitenote_active":false,"_monsterinsights_sitenote_note":"","_monsterinsights_sitenote_category":0,"footnotes":""},"categories":[3],"tags":[431,46228,177,44],"class_list":["post-267818","post","type-post","status-publish","format-standard","has-post-thumbnail","hentry","category-nacional","tag-canada","tag-cumbre","tag-estados-unidos","tag-mexico"],"_links":{"self":[{"href":"https:\/\/www.diarioimagen.net\/index.php?rest_route=\/wp\/v2\/posts\/267818","targetHints":{"allow":["GET"]}}],"collection":[{"href":"https:\/\/www.diarioimagen.net\/index.php?rest_route=\/wp\/v2\/posts"}],"about":[{"href":"https:\/\/www.diarioimagen.net\/index.php?rest_route=\/wp\/v2\/types\/post"}],"author":[{"embeddable":true,"href":"https:\/\/www.diarioimagen.net\/index.php?rest_route=\/wp\/v2\/users\/3"}],"replies":[{"embeddable":true,"href":"https:\/\/www.diarioimagen.net\/index.php?rest_route=%2Fwp%2Fv2%2Fcomments&post=267818"}],"version-history":[{"count":0,"href":"https:\/\/www.diarioimagen.net\/index.php?rest_route=\/wp\/v2\/posts\/267818\/revisions"}],"wp:featuredmedia":[{"embeddable":true,"href":"https:\/\/www.diarioimagen.net\/index.php?rest_route=\/wp\/v2\/media\/267905"}],"wp:attachment":[{"href":"https:\/\/www.diarioimagen.net\/index.php?rest_route=%2Fwp%2Fv2%2Fmedia&parent=267818"}],"wp:term":[{"taxonomy":"category","embeddable":true,"href":"https:\/\/www.diarioimagen.net\/index.php?rest_route=%2Fwp%2Fv2%2Fcategories&post=267818"},{"taxonomy":"post_tag","embeddable":true,"href":"https:\/\/www.diarioimagen.net\/index.php?rest_route=%2Fwp%2Fv2%2Ftags&post=267818"}],"curies":[{"name":"wp","href":"https:\/\/api.w.org\/{rel}","templated":true}]}}