{"id":268028,"date":"2016-05-06T00:06:15","date_gmt":"2016-05-06T05:06:15","guid":{"rendered":"http:\/\/www.diarioimagen.net\/?p=268028"},"modified":"2016-05-08T22:32:12","modified_gmt":"2016-05-09T03:32:12","slug":"levantan-contingencia-y-el-doble-hoy-no-circula","status":"publish","type":"post","link":"https:\/\/www.diarioimagen.net\/?p=268028","title":{"rendered":"Levantan contingencia y el doble Hoy No Circula"},"content":{"rendered":"<ul>\n<li><strong><em>Mejora aire ante desplazamiento del sistema de alta presi\u00f3n<\/em><\/strong><\/li>\n<\/ul>\n<p>&nbsp;<\/p>\n<div id=\"attachment_268121\" style=\"width: 430px\" class=\"wp-caption aligncenter\"><a href=\"http:\/\/www.diarioimagen.net\/?attachment_id=268121\" rel=\"attachment wp-att-268121\"><img loading=\"lazy\" decoding=\"async\" aria-describedby=\"caption-attachment-268121\" class=\"size-large wp-image-268121\" src=\"http:\/\/www.diarioimagen.net\/wp-content\/uploads\/2016\/05\/ambiente-2861-420x236.jpg\" alt=\"Los gobiernos que integran la Comisi\u00f3n Ambiental de la Megal\u00f3polis determinaron suspender la contingencia ambiental.\" width=\"420\" height=\"236\" srcset=\"https:\/\/www.diarioimagen.net\/wp-content\/uploads\/2016\/05\/ambiente-2861-420x236.jpg 420w, https:\/\/www.diarioimagen.net\/wp-content\/uploads\/2016\/05\/ambiente-2861-240x135.jpg 240w, https:\/\/www.diarioimagen.net\/wp-content\/uploads\/2016\/05\/ambiente-2861-235x132.jpg 235w, https:\/\/www.diarioimagen.net\/wp-content\/uploads\/2016\/05\/ambiente-2861-202x114.jpg 202w, https:\/\/www.diarioimagen.net\/wp-content\/uploads\/2016\/05\/ambiente-2861-350x196.jpg 350w, https:\/\/www.diarioimagen.net\/wp-content\/uploads\/2016\/05\/ambiente-2861-220x123.jpg 220w, https:\/\/www.diarioimagen.net\/wp-content\/uploads\/2016\/05\/ambiente-2861-237x132.jpg 237w, https:\/\/www.diarioimagen.net\/wp-content\/uploads\/2016\/05\/ambiente-2861.jpg 480w\" sizes=\"auto, (max-width: 420px) 100vw, 420px\" \/><\/a><p id=\"caption-attachment-268121\" class=\"wp-caption-text\">Los gobiernos que integran la Comisi\u00f3n Ambiental de la Megal\u00f3polis determinaron suspender la contingencia ambiental.<\/p><\/div>\n<p>&nbsp;<\/p>\n<p>Debido a una mejor\u00eda en la calidad del aire en el Valle de M\u00e9xico, los gobiernos que integran la Comisi\u00f3n Ambiental de la Megal\u00f3polis (CAMe) determinaron suspender la contingencia ambiental, por lo que este viernes el programa Hoy No Circula aplica s\u00f3lo para veh\u00edculos con engomado azul.<\/p>\n<p>La Came detall\u00f3 que el sistema de alta presi\u00f3n que afect\u00f3 durante los \u00faltimos d\u00edas la regi\u00f3n central se desplaza hacia el oeste del pa\u00eds, favoreciendo una menor estabilidad atmosf\u00e9rica y viento de intensidad moderada en superficie.<\/p>\n<p>Por otra parte, los modelos meteorol\u00f3gicos indican que la situaci\u00f3n continuar\u00e1 mejorando en el transcurso de las siguientes horas. Por lo anterior se suspende la Fase 1 de Contingencia Ambiental Atmosf\u00e9rica por ozono.<\/p>\n<p>Por lo anterior, se recuerda a la poblaci\u00f3n lo siguiente:<\/p>\n<p>Con base en la modificaci\u00f3n temporal al Programa Hoy No Circula, este viernes 6 de mayo, sin considerar tipo de holograma, todos los veh\u00edculos con engomado azul o terminaci\u00f3n de placa 9 y 0, permisos y matr\u00edcula sin n\u00fameros deber\u00e1n suspender su circulaci\u00f3n.<\/p>\n<p style=\"text-align: center;\"><strong>En tres semanas, la nueva norma vehicular<\/strong><\/p>\n<p>A m\u00e1s tardar en tres semanas se dar\u00e1 a conocer la nueva norma vehicular que regir\u00e1 al Valle de M\u00e9xico, adelant\u00f3 el titular de la Secretar\u00eda de Medio Ambiente y Recursos Naturales, Rafael Pacchiano Alam\u00e1n.<\/p>\n<p>\u201cEn cuanto a la norma vehicular vamos muy avanzados, estamos en las \u00faltimas revisiones con la Ciudad de M\u00e9xico y los estados miembros de la Comisi\u00f3n Ambiental de la Megal\u00f3polis, para que entren en vigor el primero de julio. Y estamos trabajando con el comit\u00e9 cient\u00edfico para establecer las medidas a largo plazo para presentarlas en el segundo semestre del a\u00f1o\u201d.<\/p>\n<p>Explic\u00f3 que en el paquete de medidas ambientales de mediano plazo hay 26 normas que van a ser revisadas y actualizadas.<\/p>\n<p>Record\u00f3 que la Profepa ya est\u00e1 inspeccionando las industrias que contaminan y aquellas que no hagan caso a las restricciones o no dejen entrar a los inspectores, ser\u00e1n clausuradas.<\/p>\n<p>Dijo que es importante que la ciudadan\u00eda entienda que se est\u00e1n fortaleciendo las medidas y \u201cqueremos ser m\u00e1s estrictos con los umbrales de contaminaci\u00f3n para mejorar la salud y prevenir males a quienes son m\u00e1s vulnerables\u201d.<\/p>\n<p>Pacchiano Alam\u00e1n pronostic\u00f3 que para esta tarde habr\u00e1 una mejor dispersi\u00f3n de contaminantes debido a los vientos que prevalecer\u00e1n en la regi\u00f3n y que a las 15:00 horas habr\u00e1 un nuevo reporte, \u201cpara ver si podemos levantar la contingencia\u201d.<\/p>\n<p>&nbsp;<\/p>\n","protected":false},"excerpt":{"rendered":"<p>Debido a una mejor\u00eda en la calidad del aire en el Valle de M\u00e9xico, los gobiernos que integran la Comisi\u00f3n Ambiental de la Megal\u00f3polis (CAMe) determinaron suspender la contingencia ambiental, por lo que este viernes el programa Hoy No Circula aplica s\u00f3lo para veh\u00edculos con engomado azul.<\/p>\n","protected":false},"author":3,"featured_media":268121,"comment_status":"open","ping_status":"open","sticky":false,"template":"","format":"standard","meta":{"_monsterinsights_skip_tracking":false,"_monsterinsights_sitenote_active":false,"_monsterinsights_sitenote_note":"","_monsterinsights_sitenote_category":0,"footnotes":""},"categories":[6],"tags":[204,49072,16796,27005,50707],"class_list":["post-268028","post","type-post","status-publish","format-standard","has-post-thumbnail","hentry","category-cd-de-mexico","tag-ciudad-de-mexico","tag-comision-ambiental-de-la-megalopolis","tag-contingencia","tag-hoy-no-circula","tag-levantan"],"_links":{"self":[{"href":"https:\/\/www.diarioimagen.net\/index.php?rest_route=\/wp\/v2\/posts\/268028","targetHints":{"allow":["GET"]}}],"collection":[{"href":"https:\/\/www.diarioimagen.net\/index.php?rest_route=\/wp\/v2\/posts"}],"about":[{"href":"https:\/\/www.diarioimagen.net\/index.php?rest_route=\/wp\/v2\/types\/post"}],"author":[{"embeddable":true,"href":"https:\/\/www.diarioimagen.net\/index.php?rest_route=\/wp\/v2\/users\/3"}],"replies":[{"embeddable":true,"href":"https:\/\/www.diarioimagen.net\/index.php?rest_route=%2Fwp%2Fv2%2Fcomments&post=268028"}],"version-history":[{"count":0,"href":"https:\/\/www.diarioimagen.net\/index.php?rest_route=\/wp\/v2\/posts\/268028\/revisions"}],"wp:featuredmedia":[{"embeddable":true,"href":"https:\/\/www.diarioimagen.net\/index.php?rest_route=\/wp\/v2\/media\/268121"}],"wp:attachment":[{"href":"https:\/\/www.diarioimagen.net\/index.php?rest_route=%2Fwp%2Fv2%2Fmedia&parent=268028"}],"wp:term":[{"taxonomy":"category","embeddable":true,"href":"https:\/\/www.diarioimagen.net\/index.php?rest_route=%2Fwp%2Fv2%2Fcategories&post=268028"},{"taxonomy":"post_tag","embeddable":true,"href":"https:\/\/www.diarioimagen.net\/index.php?rest_route=%2Fwp%2Fv2%2Ftags&post=268028"}],"curies":[{"name":"wp","href":"https:\/\/api.w.org\/{rel}","templated":true}]}}