{"id":268058,"date":"2016-05-06T00:09:44","date_gmt":"2016-05-06T05:09:44","guid":{"rendered":"http:\/\/www.diarioimagen.net\/?p=268058"},"modified":"2016-05-06T05:14:09","modified_gmt":"2016-05-06T10:14:09","slug":"empresarios-piden-reforzar-medidas-contra-contaminacion","status":"publish","type":"post","link":"https:\/\/www.diarioimagen.net\/?p=268058","title":{"rendered":"Empresarios piden reforzar medidas contra contaminaci\u00f3n"},"content":{"rendered":"<ul>\n<li><strong><em>A corto plazo<\/em><\/strong><\/li>\n<\/ul>\n<p>&nbsp;<\/p>\n<p><a href=\"http:\/\/www.diarioimagen.net\/?attachment_id=268140\" rel=\"attachment wp-att-268140\"><img loading=\"lazy\" decoding=\"async\" class=\"aligncenter size-large wp-image-268140\" src=\"http:\/\/www.diarioimagen.net\/wp-content\/uploads\/2016\/05\/coparmex-2861-420x236.jpg\" alt=\"coparmex-2861\" width=\"420\" height=\"236\" srcset=\"https:\/\/www.diarioimagen.net\/wp-content\/uploads\/2016\/05\/coparmex-2861-420x236.jpg 420w, https:\/\/www.diarioimagen.net\/wp-content\/uploads\/2016\/05\/coparmex-2861-240x135.jpg 240w, https:\/\/www.diarioimagen.net\/wp-content\/uploads\/2016\/05\/coparmex-2861-480x270.jpg 480w, https:\/\/www.diarioimagen.net\/wp-content\/uploads\/2016\/05\/coparmex-2861-235x132.jpg 235w, https:\/\/www.diarioimagen.net\/wp-content\/uploads\/2016\/05\/coparmex-2861-202x114.jpg 202w, https:\/\/www.diarioimagen.net\/wp-content\/uploads\/2016\/05\/coparmex-2861-350x196.jpg 350w, https:\/\/www.diarioimagen.net\/wp-content\/uploads\/2016\/05\/coparmex-2861-220x123.jpg 220w, https:\/\/www.diarioimagen.net\/wp-content\/uploads\/2016\/05\/coparmex-2861-237x132.jpg 237w, https:\/\/www.diarioimagen.net\/wp-content\/uploads\/2016\/05\/coparmex-2861.jpg 700w\" sizes=\"auto, (max-width: 420px) 100vw, 420px\" \/><\/a><\/p>\n<p>&nbsp;<\/p>\n<p>El trabajo en casa representa una soluci\u00f3n efectiva en el corto plazo para promover en el \u00e1mbito empresarial que los empleados dejen el autom\u00f3vil y laboren a distancia para reducir los niveles de contaminaci\u00f3n, se\u00f1al\u00f3 la presidenta de la Comisi\u00f3n de Movilidad de Coparmex, Maite Ramos G\u00f3mez.<\/p>\n<p>En un comunicado, la Confederaci\u00f3n Patronal de la Rep\u00fablica Mexicana en la Ciudad de M\u00e9xico (Coparmex) explic\u00f3 que para reducir los niveles de contaminaci\u00f3n son necesarias acciones paralelas que solucionen dicha problem\u00e1tica en el largo y corto plazos.<\/p>\n<p>En ese sentido, a\u00f1adi\u00f3 que a casi un mes de la implementaci\u00f3n de medidas emergentes al programa Hoy No Circula, son escasos los resultados para mejorar la calidad del aire, lo que refleja la necesidad de acciones alternas.<\/p>\n<p>\u201cEl Hoy No Circula ha demostrado a casi un mes de su implementaci\u00f3n que no funciona por s\u00ed solo, apenas entramos un ciclo climatol\u00f3gico c\u00e1lido-seco y los niveles de contaminaci\u00f3n se elevan\u201d, se\u00f1al\u00f3 Ramos.<\/p>\n<p>A su vez, se\u00f1al\u00f3 la necesidad de acelerar la implementaci\u00f3n de sistemas de transporte masivo, \u201cdebido a que el parque vehicular sigue incrementando a diferencia del lento crecimiento del sistema transporte de nuestra ciudad\u201d.<\/p>\n<p>As\u00ed, subray\u00f3 la importancia de que el gobierno impulse el desarrollo e incremento de sistemas de transporte p\u00fablico masivo y concesionado, los cuales se colocan como la columna vertebral de la movilidad.<\/p>\n<p>Lo anterior, aunado al trabajo en casa, tambi\u00e9n conocido como home-office, el cual contribuir\u00eda en la reducci\u00f3n de contaminantes, mejorar\u00eda la movilidad en las calles e incrementar\u00eda la productividad.<\/p>\n<p>Ello, aunado a que cada d\u00eda se dejar\u00edan de ejecutar el equivalente a 412 mil jornadas laborales debido a la inversi\u00f3n de tiempo que las personas dedican a desplazarse.<\/p>\n<p>\u201cEn Coparmex hemos impulsado y hecho un llamado a que se eval\u00faen acciones como el home-office (trabajo desde casa), carpooling (veh\u00edculo compartido) y uso de la bicicleta\u201do.<\/p>\n<p>A\u00f1adi\u00f3 que un estudio realizado por especialistas revel\u00f3 que empleados que realizaron home-office encuentran diferentes beneficios y 35 por ciento considera que mejor\u00f3 su retenci\u00f3n y moral, al tener un mejor balance entre vida laboral y profesional.<\/p>\n<p>En tanto, el 28 por ciento dijo ser m\u00e1s productivo al evitar los traslados que implica asistir a una oficina, mientras que 15 por ciento coment\u00f3 que ahorra dinero.<\/p>\n<p>\u201cEn junio debemos hacer un an\u00e1lisis para evaluar si el programa Hoy No Circula debe de continuar, y a la par buscar medidas que representen una verdadera soluci\u00f3n para reducir la contaminaci\u00f3n y mejorar la movilidad\u201d.<\/p>\n","protected":false},"excerpt":{"rendered":"<p>El trabajo en casa representa una soluci\u00f3n efectiva en el corto plazo para promover en el \u00e1mbito empresarial que los empleados dejen el autom\u00f3vil y laboren a distancia para reducir los niveles de contaminaci\u00f3n, se\u00f1al\u00f3 la presidenta de la Comisi\u00f3n de Movilidad de Coparmex, Maite Ramos G\u00f3mez.<\/p>\n","protected":false},"author":3,"featured_media":268140,"comment_status":"open","ping_status":"open","sticky":false,"template":"","format":"standard","meta":{"_monsterinsights_skip_tracking":false,"_monsterinsights_sitenote_active":false,"_monsterinsights_sitenote_note":"","_monsterinsights_sitenote_category":0,"footnotes":""},"categories":[3],"tags":[15420,308,43673],"class_list":["post-268058","post","type-post","status-publish","format-standard","has-post-thumbnail","hentry","category-nacional","tag-contaminacion","tag-coparmex","tag-nacional"],"_links":{"self":[{"href":"https:\/\/www.diarioimagen.net\/index.php?rest_route=\/wp\/v2\/posts\/268058","targetHints":{"allow":["GET"]}}],"collection":[{"href":"https:\/\/www.diarioimagen.net\/index.php?rest_route=\/wp\/v2\/posts"}],"about":[{"href":"https:\/\/www.diarioimagen.net\/index.php?rest_route=\/wp\/v2\/types\/post"}],"author":[{"embeddable":true,"href":"https:\/\/www.diarioimagen.net\/index.php?rest_route=\/wp\/v2\/users\/3"}],"replies":[{"embeddable":true,"href":"https:\/\/www.diarioimagen.net\/index.php?rest_route=%2Fwp%2Fv2%2Fcomments&post=268058"}],"version-history":[{"count":0,"href":"https:\/\/www.diarioimagen.net\/index.php?rest_route=\/wp\/v2\/posts\/268058\/revisions"}],"wp:featuredmedia":[{"embeddable":true,"href":"https:\/\/www.diarioimagen.net\/index.php?rest_route=\/wp\/v2\/media\/268140"}],"wp:attachment":[{"href":"https:\/\/www.diarioimagen.net\/index.php?rest_route=%2Fwp%2Fv2%2Fmedia&parent=268058"}],"wp:term":[{"taxonomy":"category","embeddable":true,"href":"https:\/\/www.diarioimagen.net\/index.php?rest_route=%2Fwp%2Fv2%2Fcategories&post=268058"},{"taxonomy":"post_tag","embeddable":true,"href":"https:\/\/www.diarioimagen.net\/index.php?rest_route=%2Fwp%2Fv2%2Ftags&post=268058"}],"curies":[{"name":"wp","href":"https:\/\/api.w.org\/{rel}","templated":true}]}}