{"id":268098,"date":"2016-05-06T00:03:57","date_gmt":"2016-05-06T05:03:57","guid":{"rendered":"http:\/\/www.diarioimagen.net\/?p=268098"},"modified":"2016-05-06T04:11:38","modified_gmt":"2016-05-06T09:11:38","slug":"fox-se-rinde-ante-trump","status":"publish","type":"post","link":"https:\/\/www.diarioimagen.net\/?p=268098","title":{"rendered":"Fox se rinde ante Trump"},"content":{"rendered":"<h2>Desde el portal<\/h2>\n<h5>\u00c1ngel Soriano<\/h5>\n<p>&nbsp;<\/p>\n<p>En tanto el ex presidente Vicente Fox se disculp\u00f3 con el virtual candidato republicano a la presidencia de Estados Unidos, Donald Trump, el magnate inmobiliario confirm\u00f3 que asistir\u00e1 a la pelea del mexicano Sa\u00fal \u201cCanelo\u201d \u00c1lvarez y el brit\u00e1nico Amir Khan este s\u00e1bado en Las Vegas.<\/p>\n<p>Fox retir\u00f3 sus comentarios negativos -\u201cloco\u201d, \u201ctonto\u201d, ignorante\u201d- hacia el acaudalado neoyorquino, luego que \u00e9ste se enfilara solo rumbo a la Casa Blanca, donde piensa gobernar por ocho a\u00f1os.<\/p>\n<p>Oscar de la Hoya, a su vez, confirm\u00f3 que invit\u00f3 y recibi\u00f3 la confirmaci\u00f3n de que Trump asistir\u00e1 al encuentro entre el mexicano y el musulm\u00e1n, razas a las que ha insultado durante su campa\u00f1a presidencial y que le han valido infinidad de comentarios por su actitud racista.<\/p>\n<p>Trump, una vez que gan\u00f3 holgadamente las primarias en Indiana y renunciaron a sus candidaturas sus m\u00e1s cercanos adversarios, se prepara ahora para vencer a la dem\u00f3crata Hillary Clinton en los comicios de noviembre pr\u00f3ximo, en lo que ser\u00e1 una gran campa\u00f1a en busca de la presidencia de Estados Unidos.<\/p>\n<p>Ante el poder, como lo ha demostrado Fox, hay sumisi\u00f3n; no hay esp\u00edritu de lucha, sino de servilismo. Falta a\u00fan la decisi\u00f3n de los estadunidenses, mientras, el magnate come tacos como muestra que \u201cama a los latinos\u201d. En realidad, la embestida contra M\u00e9xico ha sido todo un ardid publicitario y logr\u00f3 su objetivo. Los que tienen temor son los funcionarios mexicanos\u2026<\/p>\n<p style=\"text-align: center;\"><strong>TURBULENCIAS<br \/>\nEl 5 de mayo, orgullo mexicano: Pe\u00f1a Nieto<\/strong><\/p>\n<p>El presidente Pe\u00f1a Nieto record\u00f3 ayer que en Estados Unidos y Canad\u00e1 se re\u00fanen a miles de personas para celebrar el 5 de mayo, fecha emblem\u00e1tica. Nuestras comunidades en el exterior festejan el orgullo de ser mexicanos, por su historia y por sus ra\u00edces, dijo en la toma de Protesta de Bandera a la clase 1997 del Servicio Militar Nacional en el auditorio del Heroico Colegio Militar, debido a la contingencia ambiental. Subray\u00f3 que \u201cservir a M\u00e9xico desde las filas del Ej\u00e9rcito, la Armada o la Fuerza A\u00e9rea constituye un privilegio y tambi\u00e9n una responsabilidad, pues portar el uniforme de la Patria conlleva el imperativo moral de mantener una conducta intachable; implica el deber de conducirse con total apego a la ley, y trae consigo la obligaci\u00f3n de actuar con absoluto respeto a los derechos humanos. S\u00f3lo as\u00ed se pueden preservar y acrecentar el honor, la estima social y la autoridad moral de nuestras fuerzas armadas. Una prueba fehaciente de la integridad y honorabilidad de nuestro Ej\u00e9rcito, es que ante faltas graves de algunos de sus integrantes, su Alto Mando ofreci\u00f3 una disculpa p\u00fablica a la sociedad. Este hecho refleja la cultura en favor de los derechos humanos que hoy prevalece en nuestros institutos armados\u2026Como Presidente de la Rep\u00fablica y Comandante Supremo de las Fuerzas Armadas, expreso mi m\u00e1s amplio reconocimiento al general secretario Salvador Cienfuegos y al almirante secretario Vidal Francisco Sober\u00f3n, por una visi\u00f3n y convicci\u00f3n compartida de promover decididamente la protecci\u00f3n y defensa de los derechos humanos. Record\u00f3 que la Batalla del 5 de Mayo de 1862 \u201cdemostr\u00f3 al mundo que los mexicanos somos los due\u00f1os de nuestro propio destino, y que unidos podemos vencer a cualquier enemigo y superar toda adversidad. A m\u00e1s de siglo y medio de distancia, esta gloriosa haza\u00f1a sigue siendo motivo de identidad para los mexicanos. Es una conmemoraci\u00f3n que nos hermana dentro y fuera del territorio nacional.<\/p>\n<p><em><a href=\"http:\/\/www.revista-brecha.com\/\" target=\"_blank\">www.revista-brecha.com<br \/>\n<\/a><a href=\"mailto:asorianodesdelportalo@hotmail.com\" target=\"_blank\">asorianodesdelportalo@hotmail.com<\/a><\/em><\/p>\n","protected":false},"excerpt":{"rendered":"<p><span style=\"color: #005497;\"><strong>\u00c1ngel Soriano<\/strong><\/span><\/p>\n","protected":false},"author":3,"featured_media":0,"comment_status":"open","ping_status":"open","sticky":false,"template":"","format":"standard","meta":{"_monsterinsights_skip_tracking":false,"_monsterinsights_sitenote_active":false,"_monsterinsights_sitenote_note":"","_monsterinsights_sitenote_category":0,"footnotes":""},"categories":[135],"tags":[85,86,43674],"class_list":["post-268098","post","type-post","status-publish","format-standard","hentry","category-angel-soriano-opinion","tag-angel-soriano","tag-desde-el-portal","tag-opinion"],"_links":{"self":[{"href":"https:\/\/www.diarioimagen.net\/index.php?rest_route=\/wp\/v2\/posts\/268098","targetHints":{"allow":["GET"]}}],"collection":[{"href":"https:\/\/www.diarioimagen.net\/index.php?rest_route=\/wp\/v2\/posts"}],"about":[{"href":"https:\/\/www.diarioimagen.net\/index.php?rest_route=\/wp\/v2\/types\/post"}],"author":[{"embeddable":true,"href":"https:\/\/www.diarioimagen.net\/index.php?rest_route=\/wp\/v2\/users\/3"}],"replies":[{"embeddable":true,"href":"https:\/\/www.diarioimagen.net\/index.php?rest_route=%2Fwp%2Fv2%2Fcomments&post=268098"}],"version-history":[{"count":0,"href":"https:\/\/www.diarioimagen.net\/index.php?rest_route=\/wp\/v2\/posts\/268098\/revisions"}],"wp:attachment":[{"href":"https:\/\/www.diarioimagen.net\/index.php?rest_route=%2Fwp%2Fv2%2Fmedia&parent=268098"}],"wp:term":[{"taxonomy":"category","embeddable":true,"href":"https:\/\/www.diarioimagen.net\/index.php?rest_route=%2Fwp%2Fv2%2Fcategories&post=268098"},{"taxonomy":"post_tag","embeddable":true,"href":"https:\/\/www.diarioimagen.net\/index.php?rest_route=%2Fwp%2Fv2%2Ftags&post=268098"}],"curies":[{"name":"wp","href":"https:\/\/api.w.org\/{rel}","templated":true}]}}