{"id":268109,"date":"2016-05-06T00:02:10","date_gmt":"2016-05-06T05:02:10","guid":{"rendered":"http:\/\/www.diarioimagen.net\/?p=268109"},"modified":"2016-05-06T04:47:17","modified_gmt":"2016-05-06T09:47:17","slug":"por-que-veracruz-es-fundamental-para-los-panrredistas","status":"publish","type":"post","link":"https:\/\/www.diarioimagen.net\/?p=268109","title":{"rendered":"Por qu\u00e9 Veracruz es fundamental para los \u201cpanrredistas\u201d"},"content":{"rendered":"<h2>Poder y dinero<\/h2>\n<h5>V\u00edctor S\u00e1nchez Ba\u00f1os<\/h5>\n<p>&nbsp;<\/p>\n<p style=\"text-align: right;\"><em>Yo no hablo de venganzas ni perdones, el olvido es la \u00fanica venganza y el \u00fanico perd\u00f3n.<br \/>\n<strong>Jorge Luis Borges (1899-1986) Escritor argentino<\/strong><\/em><\/p>\n<p>&nbsp;<\/p>\n<p>Las \u00faltimas encuetas dan un empate t\u00e9cnico a Miguel \u00c1ngel Yunes del PAN-PRD y a H\u00e9ctor Yunes, del PRI. La disputa no es menor. Se trata del tercer bot\u00edn (perd\u00f3n capital electoral), del pa\u00eds. Despu\u00e9s del Edomex y la CDMX, cuenta con m\u00e1s de 5.6 millones de electores.<\/p>\n<p>Para la dupla panperrista, es el respiro que los coloca en una posici\u00f3n c\u00f3moda para las elecciones presidenciales del 2018.\u00a0 Por ello, sus dirigentes Ricardo Anaya, del azul, y Agust\u00edn Basave del amarillo, lo disputar\u00e1n a\u00fan en contra de la voluntad del electorado, si es que pierde, el pr\u00f3ximo 5 de junio.<\/p>\n<p>No importa la calidad moral de su candidato y si cometi\u00f3 traiciones graves durante las elecciones presidenciales del 2012 en contra de la candidata a la Presidencia, Josefina V\u00e1zquez Mota.<\/p>\n<p>Ni importa su enriquecimiento desmedido y explicable durante el paso que recorri\u00f3 en instancias gubernamentales y con el uso de recursos p\u00fablicos. Todo es defenderlo para que se entronice como gobernador.<\/p>\n<p>Para Anaya, poco importa que sirva como ariete para las aspiraciones de Margarita Zavala para su candidatura presidencial, ni que el gobernador de Puebla, Rafael Moreno Valle, le inyecte recursos a su campa\u00f1a, como lo hace a la de Carlos Joaqu\u00edn de la misma dupla anti natura, en Quintana Roo.<\/p>\n<p>El objetivo es el poder y el jugoso presupuesto que tiene Veracruz. Ah, y de servir a los veracruzanos, mejor ni hablamos. Los candidatos del PAN-PRD se distinguen de traicionar sus \u201cprincipios\u201d.<\/p>\n<p>Esto ocurre con varios de los candidatos que supieron venderse muy a pesar de ser frutos podridos en su partido de origen: el PRI.<\/p>\n<p>El caso de Miguel \u00c1ngel Yunes en Veracruz es ic\u00f3nico.<\/p>\n<p>Otro caso es el de Jos\u00e9 Estefan Garf\u00edas, que bajo el amparo de gobiernos pri\u00edstas creci\u00f3 en la burocracia. Ahora con la alianza PAN-PRD, y bajo la sombra protectora de otro ex priista, convertido al panismo, Gabino Cu\u00e9, busca el gobierno de Oaxaca.<\/p>\n<p>Ambos quieren perpetuarse en el gobierno de ese sufrido estado.<\/p>\n<p>Panistas y perredistas escrupulosos e ideol\u00f3gicamente firmes con sus convicciones, se sienten traicionados por los dirigentes de esos partidos.<\/p>\n<p>No se trata del poder por el poder, sino de cambiar la sociedad de acuerdo a la ideolog\u00eda que dio vida a esos partidos. En la pr\u00f3xima entrega de esta columna, les hablar\u00e9 de las ovejas blancas y la otra oveja negra que aspiran a la gubernatura.<\/p>\n<p>Panistas que podr\u00e1n estar equivocados, pero tiene firmes convicciones y c\u00f3mo un ex pri\u00edsta, de familia priista y que vivi\u00f3 del priismo, ahora es el aspirante al gobierno de Quintana Roo.<\/p>\n<p><strong>PODEROSOS CABALLEROS<\/strong>.- Y ya que hablamos de Quintana Roo, hay una buena noticia. La Agencia HR Ratings, al calificar la capacidad crediticia de Quintana Roo reconoci\u00f3 que la entidad gobernada por Roberto Borge ofrece seguridad para el pago oportuno de sus obligaciones de deuda. Valor\u00f3 que en materia de gasto, Quintana Roo, acertadamente destin\u00f3 una mayor cantidad de recursos a la Inversi\u00f3n P\u00fablica y contuvo el Gasto Corriente, a pesar de la inflaci\u00f3n y de los crecientes requerimientos del Sector P\u00fablico. Esa entidad tiene estabilidad financiera ya que sus ingresos locales que promedian una tasa anual de crecimiento 2012-2015 del 35%. Tambi\u00e9n destin\u00f3 m\u00e1s recursos a la Inversi\u00f3n P\u00fablica y contuvo el Gasto Corriente, a pesar de la inflaci\u00f3n y de los crecientes requerimientos del Sector P\u00fablico, de acuerdo a HR Ratings.<\/p>\n<p>*** Con la participaci\u00f3n de 12 mil personas que acudieron de 55 municipios del estado de Hidalgo, se llev\u00f3 a cabo el pasado domingo el Encuentro Anual del Pueblo I\u00f1ah\u00f1\u00fa. Es un evento cultural que tiene como principal objetivo rescatar y difundir los valores esenciales de la cultura I\u00f1ah\u00f1\u00fa.<\/p>\n<p>Al evento organizado por Roberto Pedraza Mart\u00ednez, actual secretario de Turismo de la entidad, quien lleva 36 a\u00f1os como impulsor de los I\u00f1ah\u00f1\u00fa, asisti\u00f3 el gobernador hidalguense Jos\u00e9 Francisco Olvera.<\/p>\n<p><strong>RESPONSABILIDAD SOCIAL CORPORATIVA<\/strong>.- La Universidad de las Am\u00e9ricas Puebla, bajo la rector\u00eda de Arturo Cherbowski, y Universia, con los auspicios de Banco Santander que en M\u00e9xico lo encabeza Marcos Mart\u00ednez, firmaron la renovaci\u00f3n del convenio de becas de movilidad internacional para estudiantes y catedr\u00e1ticos que deseen instruirse en cualquier \u00e1rea de conocimiento en alguna de las 1,345 instituciones de educaci\u00f3n superior socias a nivel mundial. Con este convenio cualquier alumno puede aplicar sin importar el \u00e1rea de conocimiento a la que est\u00e9 enfocado y puede elegir la universidad que aspire.<\/p>\n<p><a href=\"mailto:vsanchezb@gmail.com\" target=\"_blank\"><em>vsanchezb@gmail.com<\/em><\/a><\/p>\n<p><em>Twitter, Facebook y Printerest:<strong>\u00a0vsanchezbano<\/strong><\/em><\/p>\n","protected":false},"excerpt":{"rendered":"<p><span style=\"color: #005497;\"><strong>V\u00edctor S\u00e1nchez Ba\u00f1os<\/strong><\/span><\/p>\n","protected":false},"author":3,"featured_media":0,"comment_status":"open","ping_status":"open","sticky":false,"template":"","format":"standard","meta":{"_monsterinsights_skip_tracking":false,"_monsterinsights_sitenote_active":false,"_monsterinsights_sitenote_note":"","_monsterinsights_sitenote_category":0,"footnotes":""},"categories":[38844],"tags":[43674,38847,38848],"class_list":["post-268109","post","type-post","status-publish","format-standard","hentry","category-victor-sanchez-banos","tag-opinion","tag-poder-y-dinero","tag-victor-sanchez-banos"],"_links":{"self":[{"href":"https:\/\/www.diarioimagen.net\/index.php?rest_route=\/wp\/v2\/posts\/268109","targetHints":{"allow":["GET"]}}],"collection":[{"href":"https:\/\/www.diarioimagen.net\/index.php?rest_route=\/wp\/v2\/posts"}],"about":[{"href":"https:\/\/www.diarioimagen.net\/index.php?rest_route=\/wp\/v2\/types\/post"}],"author":[{"embeddable":true,"href":"https:\/\/www.diarioimagen.net\/index.php?rest_route=\/wp\/v2\/users\/3"}],"replies":[{"embeddable":true,"href":"https:\/\/www.diarioimagen.net\/index.php?rest_route=%2Fwp%2Fv2%2Fcomments&post=268109"}],"version-history":[{"count":0,"href":"https:\/\/www.diarioimagen.net\/index.php?rest_route=\/wp\/v2\/posts\/268109\/revisions"}],"wp:attachment":[{"href":"https:\/\/www.diarioimagen.net\/index.php?rest_route=%2Fwp%2Fv2%2Fmedia&parent=268109"}],"wp:term":[{"taxonomy":"category","embeddable":true,"href":"https:\/\/www.diarioimagen.net\/index.php?rest_route=%2Fwp%2Fv2%2Fcategories&post=268109"},{"taxonomy":"post_tag","embeddable":true,"href":"https:\/\/www.diarioimagen.net\/index.php?rest_route=%2Fwp%2Fv2%2Ftags&post=268109"}],"curies":[{"name":"wp","href":"https:\/\/api.w.org\/{rel}","templated":true}]}}