{"id":268160,"date":"2016-05-06T00:01:42","date_gmt":"2016-05-06T05:01:42","guid":{"rendered":"http:\/\/www.diarioimagen.net\/?p=268160"},"modified":"2016-05-06T05:41:36","modified_gmt":"2016-05-06T10:41:36","slug":"ante-contaminacion-urge-colaboracion","status":"publish","type":"post","link":"https:\/\/www.diarioimagen.net\/?p=268160","title":{"rendered":"Ante contaminaci\u00f3n, urge colaboraci\u00f3n"},"content":{"rendered":"<h2>Acta P\u00fablica<\/h2>\n<h5>Claudia Rodr\u00edguez<\/h5>\n<p>&nbsp;<\/p>\n<p>Cierto que en el pa\u00eds, todo urge.\u00a0Hay una gran cantidad de asuntos y eventos que requieren trabajo y acci\u00f3n inmediata de la administraci\u00f3n federal y de los gobiernos e instituciones locales, pero lo que tambi\u00e9n es bien cierto, es que los niveles de contaminaci\u00f3n que todos los que habitamos, en la ahora llamada Megal\u00f3polis, requieren acciones inmediatas que contrarresten esta terrible situaci\u00f3n y no s\u00f3lo la implementaci\u00f3n de medidas paliativas.<\/p>\n<p>Sigo escuchando por aqu\u00ed y por all\u00e1, que el jefe de gobierno de la Ciudad de M\u00e9xico, Miguel \u00c1ngel Mancera, es el \u00fanico responsable de la aplicaci\u00f3n del programa Hoy No Circula recargado, y mucho me temo que la administraci\u00f3n federal igual lo percibe y prefiere abonar a la mala calidad del aire, principalmente en las 16 delegaciones de la capital y los municipios mexiquenses colindantes a la Ciudad de M\u00e9xico, por un asunto meramente de capital pol\u00edtico.<\/p>\n<p>Estos \u00faltimos dos d\u00edas, han sido de verdad, una olla de humo letal para quienes vivimos en el Valle de M\u00e9xico, mismo que se percibe con la vista y con las molestias que causa a los ojos, la garganta y hasta la piel.\u00a0 El aire se siente pesado, y nadie dice nada.\u00a0La queja extrema es que dejamos de circular quienes tenemos un veh\u00edculo.<\/p>\n<p>Este es un asunto sociol\u00f3gico tambi\u00e9n. El lugar que habitamos y en d\u00f3nde nos movemos \u2014la Megal\u00f3polis\u2014, es un peligro para nuestra salud y unos por intereses pol\u00edticos y otros por comodidad o desidia, hemos preferido tener un villano antes que accionar.<\/p>\n<p>Los veh\u00edculos, la industria, las empresas, los negocios y hasta los hogares contribuyen de alguna manera a la contaminaci\u00f3n atmosf\u00e9rica y del agua, por m\u00e1s verdes que sean.\u00a0 Es por eso necesario que todos, absolutamente todos hagamos nuestra tarea y dejemos de recrear villanos.<\/p>\n<p>Es urgente, toral, indispensable o como se quiera entender, la intervenci\u00f3n del gobierno federal para combatir la contaminaci\u00f3n en el Valle de M\u00e9xico, porque no creo que estemos dispuestos a que el siguiente paso, como lo ha dicho el coordinador ejecutivo de la Comisi\u00f3n Ambiental de la Megal\u00f3polis (CAMe), Mart\u00edn Alberto Guti\u00e9rrez Lacayo, sea el cierre de las escuelas de educaci\u00f3n b\u00e1sica ante la gravedad de la contingencia ambiental, asunto que han considerado seriamente. No se trata de no circular, se trata de lo qu\u00e9 respiramos y contacta nuestra piel.<\/p>\n<p><strong><em>Acta Divina\u2026<\/em><\/strong> \u201cUna vez que el sector salud y la Secretar\u00eda de Educaci\u00f3n P\u00fablica determinen que no hay condiciones adecuadas para tener actividad en las escuelas, se podr\u00e1n\u2026\u201d: Guti\u00e9rrez Lacayo, coordinador ejecutivo de la CAMe.<\/p>\n<p><strong><em>Para advertir\u2026 <\/em><\/strong>\u00a0Falta que nos encierren en nuestras casas o centros de trabajo, no vaya a ser, con tal de operar las fobias.<\/p>\n<p><em><a href=\"mailto:actapublica@gmail.com\" target=\"_blank\">actapublica@gmail.com<\/a><\/em><\/p>\n","protected":false},"excerpt":{"rendered":"<p><span style=\"color: #005497;\"><strong>Claudia Rodr\u00edguez<\/strong><\/span><\/p>\n","protected":false},"author":3,"featured_media":0,"comment_status":"open","ping_status":"open","sticky":false,"template":"","format":"standard","meta":{"_monsterinsights_skip_tracking":false,"_monsterinsights_sitenote_active":false,"_monsterinsights_sitenote_note":"","_monsterinsights_sitenote_category":0,"footnotes":""},"categories":[1281],"tags":[46350,43674],"class_list":["post-268160","post","type-post","status-publish","format-standard","hentry","category-claudia-rodriguez","tag-acta-publica","tag-opinion"],"_links":{"self":[{"href":"https:\/\/www.diarioimagen.net\/index.php?rest_route=\/wp\/v2\/posts\/268160","targetHints":{"allow":["GET"]}}],"collection":[{"href":"https:\/\/www.diarioimagen.net\/index.php?rest_route=\/wp\/v2\/posts"}],"about":[{"href":"https:\/\/www.diarioimagen.net\/index.php?rest_route=\/wp\/v2\/types\/post"}],"author":[{"embeddable":true,"href":"https:\/\/www.diarioimagen.net\/index.php?rest_route=\/wp\/v2\/users\/3"}],"replies":[{"embeddable":true,"href":"https:\/\/www.diarioimagen.net\/index.php?rest_route=%2Fwp%2Fv2%2Fcomments&post=268160"}],"version-history":[{"count":0,"href":"https:\/\/www.diarioimagen.net\/index.php?rest_route=\/wp\/v2\/posts\/268160\/revisions"}],"wp:attachment":[{"href":"https:\/\/www.diarioimagen.net\/index.php?rest_route=%2Fwp%2Fv2%2Fmedia&parent=268160"}],"wp:term":[{"taxonomy":"category","embeddable":true,"href":"https:\/\/www.diarioimagen.net\/index.php?rest_route=%2Fwp%2Fv2%2Fcategories&post=268160"},{"taxonomy":"post_tag","embeddable":true,"href":"https:\/\/www.diarioimagen.net\/index.php?rest_route=%2Fwp%2Fv2%2Ftags&post=268160"}],"curies":[{"name":"wp","href":"https:\/\/api.w.org\/{rel}","templated":true}]}}