{"id":268193,"date":"2016-05-09T00:08:14","date_gmt":"2016-05-09T05:08:14","guid":{"rendered":"http:\/\/www.diarioimagen.net\/?p=268193"},"modified":"2016-05-10T00:16:23","modified_gmt":"2016-05-10T05:16:23","slug":"el-chapo-guzman-a-un-paso-de-la-extradicion-luego-de-su-traslado","status":"publish","type":"post","link":"https:\/\/www.diarioimagen.net\/?p=268193","title":{"rendered":"<em>El Chapo<\/em>, a un paso de la extradici\u00f3n, luego de su traslado"},"content":{"rendered":"<ul>\n<li><strong><em>Refuerzan vigilancia en el Cefereso 9<\/em><\/strong><\/li>\n<\/ul>\n<p>&nbsp;<\/p>\n<div id=\"attachment_268194\" style=\"width: 430px\" class=\"wp-caption aligncenter\"><a href=\"http:\/\/www.diarioimagen.net\/?attachment_id=268194\" rel=\"attachment wp-att-268194\"><img loading=\"lazy\" decoding=\"async\" aria-describedby=\"caption-attachment-268194\" class=\"wp-image-268194 size-large\" src=\"http:\/\/www.diarioimagen.net\/wp-content\/uploads\/2016\/05\/dos-portal-2-420x236.jpg\" alt=\"Joaqu\u00edn \u201cEl Chapo&quot; Guzm\u00e1n arrib\u00f3 al Aeropuerto Internacional Abraham Gonz\u00e1lez en un jet y posteriormente fue enviado en un helic\u00f3ptero al Cefereso n\u00famero 9 a las 2:00 horas del s\u00e1bado, procedente del penal del Altiplano.\" width=\"420\" height=\"236\" srcset=\"https:\/\/www.diarioimagen.net\/wp-content\/uploads\/2016\/05\/dos-portal-2-420x236.jpg 420w, https:\/\/www.diarioimagen.net\/wp-content\/uploads\/2016\/05\/dos-portal-2-240x135.jpg 240w, https:\/\/www.diarioimagen.net\/wp-content\/uploads\/2016\/05\/dos-portal-2-235x132.jpg 235w, https:\/\/www.diarioimagen.net\/wp-content\/uploads\/2016\/05\/dos-portal-2-202x114.jpg 202w, https:\/\/www.diarioimagen.net\/wp-content\/uploads\/2016\/05\/dos-portal-2-350x196.jpg 350w, https:\/\/www.diarioimagen.net\/wp-content\/uploads\/2016\/05\/dos-portal-2-220x123.jpg 220w, https:\/\/www.diarioimagen.net\/wp-content\/uploads\/2016\/05\/dos-portal-2-237x132.jpg 237w, https:\/\/www.diarioimagen.net\/wp-content\/uploads\/2016\/05\/dos-portal-2.jpg 480w\" sizes=\"auto, (max-width: 420px) 100vw, 420px\" \/><\/a><p id=\"caption-attachment-268194\" class=\"wp-caption-text\">Joaqu\u00edn \u201cEl Chapo\u201d Guzm\u00e1n arrib\u00f3 al Aeropuerto Internacional Abraham Gonz\u00e1lez en un jet y posteriormente fue enviado en helic\u00f3ptero al Cefereso n\u00famero 9, a las 2:00 horas del s\u00e1bado, procedente del penal del Altiplano.<\/p><\/div>\n<p>&nbsp;<\/p>\n<p>Luego que el juez Tercero de Distrito en Materia de Procesos Penales determinara la noche del viernes la procedencia de M\u00e9xico de extraditar a Joaqu\u00edn \u201cEl Chapo\u201d Guzm\u00e1n a Estados Unidos, tres horas despu\u00e9s el l\u00edder del C\u00e1rtel de Sinaloa era trasladado al Cefereso n\u00famero 9, con sede en Ciudad Ju\u00e1rez, Chihuahua.<\/p>\n<p>La Comisi\u00f3n Nacional de Seguridad (CNS) se\u00f1al\u00f3 que el cambio de penal se realiz\u00f3 con \u201cpleno apego a los derechos humanos del interno y obedece estrictamente a la pol\u00edtica penitenciaria federal que forma parte de los protocolos de seguridad\u201d.<\/p>\n<p>Por su parte, la Secretar\u00eda de Gobernaci\u00f3n indic\u00f3 que el traslado se llev\u00f3 a cabo \u201cen raz\u00f3n de distintas obras que se realizan en el Cefereso n\u00famero 1 del Altiplano, para reforzar la seguridad del penal\u201d.<\/p>\n<p>Ante los hechos, los abogados del narcotraficante se movilizaron de inmediato a Ciudad Ju\u00e1rez para solicitar un nuevo amparo, ahora al Tribunal Colegiado, para tratar de impedir la salida de \u201cEl Chapo\u201d del pa\u00eds y uno de los litigantes encargados de esos amparos, Jos\u00e9 Refugio Rodr\u00edguez, inform\u00f3 que el traslado de su cliente a Ciudad Ju\u00e1rez, fue ilegal.<\/p>\n<p>El lunes 2 y martes 3 de mayo fueron suspendidas las visitas en el este centro penitenciario del Estado de M\u00e9xico, lo que incluy\u00f3 a \u201cEl Chapo\u201d, debido a \u201cuna falla el\u00e9ctrica en los tableros del penal\u201d, explic\u00f3 entonces el comisionado del \u00d3rgano Administrativo Desconcentrado de Prevenci\u00f3n y Readaptaci\u00f3n Social, Eduardo Guerrero, quien conoce a la perfecci\u00f3n el Cefereso 9, el cual administr\u00f3.<\/p>\n<p>El penal donde ya durmi\u00f3 el s\u00e1bado \u201cEl Chapo\u201d Guzm\u00e1n tiene dificultades para imponer sanciones disciplinarias, clasificaci\u00f3n entre procesados y sentenciados, sus actividades laborales y de capacitaci\u00f3n. Forma parte de las 20 prisiones peor calificadas por la CNDH en 2015. Tiene capacidad para 934 reos y el a\u00f1o pasado ten\u00eda una sobrepoblaci\u00f3n del 44 por ciento.<\/p>\n<p>Por ejemplo, el 14 de marzo de 2014, cinco reos federales brincaron la barda de ese penal por la torre n\u00famero 8 y utilizaron cuerdas y ganchos para bajar a la libertad y tras una persecuci\u00f3n se logr\u00f3 la recaptura de tres de ellos.<\/p>\n<p style=\"text-align: center;\"><strong>Refuerzan vigilancia<\/strong><\/p>\n<p>Autoridades federales extendieron la vigilancia al exterior del Centro Federal de Readaptaci\u00f3n, a donde fue trasladado Guzm\u00e1n Loera, l\u00edder del C\u00e1rtel de Sinaloa.<\/p>\n<p>Este domingo, elementos del Ej\u00e9rcito mexicano se apostaron en el entronque que conduce al penal, a la altura del kil\u00f3metro 33 de la carretera federal 45, que conecta a Ciudad Ju\u00e1rez con la capital de Chihuahua.<\/p>\n<p>Con cerca de una decena de veh\u00edculos, los efectivos castrenses colocaron un punto de revisi\u00f3n al inicio del camino que dirige al reclusorio, por lo que los automovilistas deben descender de sus veh\u00edculos para la inspecci\u00f3n de \u00e9stos, a fin de ubicar armas u otros objetos peligrosos.<\/p>\n<p>De acuerdo con elementos, no se ha restringido el acceso a quienes ten\u00edan programado acudir este domingo a realizar alguna actividad en el centro penitenciario, ya sean familiares, abogados o personas relacionadas con la seguridad del inmueble.<\/p>\n<p>Adem\u00e1s de estos puntos de revisi\u00f3n, un helic\u00f3ptero de la Polic\u00eda Federal realiza desde el mediod\u00eda sobrevuelos en torno al penal y alrededores.<\/p>\n<p>Aunque el gobernador C\u00e9sar Duarte dijo que no se hab\u00eda implementado un operativo de vigilancia especial en la ciudad por el traslado de \u201cEl Chapo\u201d, en el exterior del centro penitenciario se mantiene el operativo, que ha llamado la atenci\u00f3n de los conductores que circulan por la zona.<\/p>\n","protected":false},"excerpt":{"rendered":"<p>Luego que el juez Tercero de Distrito en Materia de Procesos Penales determinara la noche del viernes la procedencia de M\u00e9xico de extraditar a Joaqu\u00edn \u201cEl Chapo\u201d Guzm\u00e1n a Estados Unidos, tres horas despu\u00e9s el l\u00edder del C\u00e1rtel de Sinaloa era trasladado al Cefereso n\u00famero 9, con sede en Ciudad Ju\u00e1rez, Chihuahua.<\/p>\n","protected":false},"author":5,"featured_media":268194,"comment_status":"open","ping_status":"open","sticky":false,"template":"","format":"standard","meta":{"_monsterinsights_skip_tracking":false,"_monsterinsights_sitenote_active":false,"_monsterinsights_sitenote_note":"","_monsterinsights_sitenote_category":0,"footnotes":""},"categories":[7],"tags":[574,177,6821,2765],"class_list":["post-268193","post","type-post","status-publish","format-standard","has-post-thumbnail","hentry","category-seguridad","tag-ciudad-juarez","tag-estados-unidos","tag-extradicion","tag-joaquin-el-chapo-guzman-loera"],"_links":{"self":[{"href":"https:\/\/www.diarioimagen.net\/index.php?rest_route=\/wp\/v2\/posts\/268193","targetHints":{"allow":["GET"]}}],"collection":[{"href":"https:\/\/www.diarioimagen.net\/index.php?rest_route=\/wp\/v2\/posts"}],"about":[{"href":"https:\/\/www.diarioimagen.net\/index.php?rest_route=\/wp\/v2\/types\/post"}],"author":[{"embeddable":true,"href":"https:\/\/www.diarioimagen.net\/index.php?rest_route=\/wp\/v2\/users\/5"}],"replies":[{"embeddable":true,"href":"https:\/\/www.diarioimagen.net\/index.php?rest_route=%2Fwp%2Fv2%2Fcomments&post=268193"}],"version-history":[{"count":0,"href":"https:\/\/www.diarioimagen.net\/index.php?rest_route=\/wp\/v2\/posts\/268193\/revisions"}],"wp:featuredmedia":[{"embeddable":true,"href":"https:\/\/www.diarioimagen.net\/index.php?rest_route=\/wp\/v2\/media\/268194"}],"wp:attachment":[{"href":"https:\/\/www.diarioimagen.net\/index.php?rest_route=%2Fwp%2Fv2%2Fmedia&parent=268193"}],"wp:term":[{"taxonomy":"category","embeddable":true,"href":"https:\/\/www.diarioimagen.net\/index.php?rest_route=%2Fwp%2Fv2%2Fcategories&post=268193"},{"taxonomy":"post_tag","embeddable":true,"href":"https:\/\/www.diarioimagen.net\/index.php?rest_route=%2Fwp%2Fv2%2Ftags&post=268193"}],"curies":[{"name":"wp","href":"https:\/\/api.w.org\/{rel}","templated":true}]}}