{"id":268257,"date":"2016-05-09T00:12:50","date_gmt":"2016-05-09T05:12:50","guid":{"rendered":"http:\/\/www.diarioimagen.net\/?p=268257"},"modified":"2016-05-09T01:53:57","modified_gmt":"2016-05-09T06:53:57","slug":"rehabilitaran-777-escuelas-en-zonas-de-bajos-recursos","status":"publish","type":"post","link":"https:\/\/www.diarioimagen.net\/?p=268257","title":{"rendered":"Rehabilitar\u00e1n 777 escuelas en zonas de bajos recursos"},"content":{"rendered":"<ul>\n<li><strong><em>En la primera etapa se construir\u00e1n y equipar\u00e1n 56 comedores escolares<\/em><\/strong><\/li>\n<\/ul>\n<p>&nbsp;<\/p>\n<div id=\"attachment_268330\" style=\"width: 430px\" class=\"wp-caption aligncenter\"><a href=\"http:\/\/www.diarioimagen.net\/?attachment_id=268330\" rel=\"attachment wp-att-268330\"><img loading=\"lazy\" decoding=\"async\" aria-describedby=\"caption-attachment-268330\" class=\"size-large wp-image-268330\" src=\"http:\/\/www.diarioimagen.net\/wp-content\/uploads\/2016\/05\/eruviel-2862-420x236.jpg\" alt=\"El gobernador Eruviel \u00c1vila, durante el inicio del Programa de Comedores, Impermeabilizaci\u00f3n y Pinturas de Escuelas de Educaci\u00f3n B\u00e1sica.\" width=\"420\" height=\"236\" srcset=\"https:\/\/www.diarioimagen.net\/wp-content\/uploads\/2016\/05\/eruviel-2862-420x236.jpg 420w, https:\/\/www.diarioimagen.net\/wp-content\/uploads\/2016\/05\/eruviel-2862-240x135.jpg 240w, https:\/\/www.diarioimagen.net\/wp-content\/uploads\/2016\/05\/eruviel-2862-235x132.jpg 235w, https:\/\/www.diarioimagen.net\/wp-content\/uploads\/2016\/05\/eruviel-2862-202x114.jpg 202w, https:\/\/www.diarioimagen.net\/wp-content\/uploads\/2016\/05\/eruviel-2862-350x196.jpg 350w, https:\/\/www.diarioimagen.net\/wp-content\/uploads\/2016\/05\/eruviel-2862-220x123.jpg 220w, https:\/\/www.diarioimagen.net\/wp-content\/uploads\/2016\/05\/eruviel-2862-237x132.jpg 237w, https:\/\/www.diarioimagen.net\/wp-content\/uploads\/2016\/05\/eruviel-2862.jpg 480w\" sizes=\"auto, (max-width: 420px) 100vw, 420px\" \/><\/a><p id=\"caption-attachment-268330\" class=\"wp-caption-text\">El gobernador Eruviel \u00c1vila, durante el inicio del Programa de Comedores, Impermeabilizaci\u00f3n y Pinturas de Escuelas de Educaci\u00f3n B\u00e1sica.<\/p><\/div>\n<p>&nbsp;<\/p>\n<p><strong>Almoloya de Ju\u00e1rez, Estado de M\u00e9xico<\/strong>.- Para mejorar las instalaciones y condiciones de estudio de jardines de ni\u00f1os, primarias y secundarias del Estado de M\u00e9xico, el gobernador Eruviel \u00c1vila Villegas inici\u00f3 el Programa de Comedores, Impermeabilizaci\u00f3n y Pinturas de Escuelas de Educaci\u00f3n B\u00e1sica, que beneficiar\u00e1 a 777 escuelas ubicadas en zonas de bajos recursos en 19 municipios.<\/p>\n<p>\u201cEstamos lanzando un programa especial, en donde vamos a equipar y apoyar 777 escuelas con pintura, impermeabilizante, con vidrios, y una serie de acciones tambi\u00e9n para equipar desayunadores y reconstruirlos y estaremos apoyando a escuelas de 19 municipios que est\u00e1n dentro de zonas prioritarias, que el Coneval, que el INEGI, nos ha orientado en base a estudios que han realizado y que requieren apoyos extraordinarios\u201d, se\u00f1al\u00f3.<\/p>\n<p>En la Universidad Polit\u00e9cnica del Valle de Toluca, en el marco de las Acciones por la Educaci\u00f3n, el gobernador detall\u00f3 que en la primera etapa se construir\u00e1n y equipar\u00e1n 56 comedores escolares que empezar\u00e1n a funcionar en el inicio del pr\u00f3ximo ciclo escolar, y la impermeabilizaci\u00f3n, pintura y cambio en 173 planteles, que estar\u00e1n listos a finales del presente a\u00f1o.<\/p>\n<p>Los municipios en donde se construir\u00e1n los comedores y planteles a rehabilitar son Chalco, Cuautitl\u00e1n Izcalli, Ecatepec, Huixquilucan, Ixtlahuaca, La Paz, Lerma, Naucalpan, Nezahualc\u00f3yotl, Nicol\u00e1s Romero, Tec\u00e1mac, Texcoco, Tlalnepantla, Toluca, Tultitl\u00e1n, Valle de Chalco, Villa Victoria y Zinacantepec.<\/p>\n<p>En este evento, el gobernador Eruviel \u00c1vila entreg\u00f3 becas a integrantes de escoltas escolares, pelucas oncol\u00f3gicas a ni\u00f1as que padecen c\u00e1ncer, apoyos del programa de titulaci\u00f3n simplificada, computadoras tiflot\u00e9cnicas a ni\u00f1os con ceguera, as\u00ed como p\u00f3lizas del Seguro para Mujeres Jefas de Familia, material did\u00e1ctico para Centros de Atenci\u00f3n M\u00faltiple, entre otros.<\/p>\n","protected":false},"excerpt":{"rendered":"<p>Para mejorar las instalaciones y condiciones de estudio de jardines de ni\u00f1os, primarias y secundarias del Estado de M\u00e9xico, el gobernador Eruviel \u00c1vila Villegas inici\u00f3 el Programa de Comedores, Impermeabilizaci\u00f3n y Pinturas de Escuelas de Educaci\u00f3n B\u00e1sica, que beneficiar\u00e1 a 777 escuelas ubicadas en zonas de bajos recursos en 19 municipios.<\/p>\n","protected":false},"author":3,"featured_media":268330,"comment_status":"open","ping_status":"open","sticky":false,"template":"","format":"standard","meta":{"_monsterinsights_skip_tracking":false,"_monsterinsights_sitenote_active":false,"_monsterinsights_sitenote_note":"","_monsterinsights_sitenote_category":0,"footnotes":""},"categories":[5],"tags":[1046,207,43675,47869],"class_list":["post-268257","post","type-post","status-publish","format-standard","has-post-thumbnail","hentry","category-estado-de-mexico","tag-almoloya-de-juarez","tag-escuelas","tag-estado-de-mexico","tag-rehabilitan"],"_links":{"self":[{"href":"https:\/\/www.diarioimagen.net\/index.php?rest_route=\/wp\/v2\/posts\/268257","targetHints":{"allow":["GET"]}}],"collection":[{"href":"https:\/\/www.diarioimagen.net\/index.php?rest_route=\/wp\/v2\/posts"}],"about":[{"href":"https:\/\/www.diarioimagen.net\/index.php?rest_route=\/wp\/v2\/types\/post"}],"author":[{"embeddable":true,"href":"https:\/\/www.diarioimagen.net\/index.php?rest_route=\/wp\/v2\/users\/3"}],"replies":[{"embeddable":true,"href":"https:\/\/www.diarioimagen.net\/index.php?rest_route=%2Fwp%2Fv2%2Fcomments&post=268257"}],"version-history":[{"count":0,"href":"https:\/\/www.diarioimagen.net\/index.php?rest_route=\/wp\/v2\/posts\/268257\/revisions"}],"wp:featuredmedia":[{"embeddable":true,"href":"https:\/\/www.diarioimagen.net\/index.php?rest_route=\/wp\/v2\/media\/268330"}],"wp:attachment":[{"href":"https:\/\/www.diarioimagen.net\/index.php?rest_route=%2Fwp%2Fv2%2Fmedia&parent=268257"}],"wp:term":[{"taxonomy":"category","embeddable":true,"href":"https:\/\/www.diarioimagen.net\/index.php?rest_route=%2Fwp%2Fv2%2Fcategories&post=268257"},{"taxonomy":"post_tag","embeddable":true,"href":"https:\/\/www.diarioimagen.net\/index.php?rest_route=%2Fwp%2Fv2%2Ftags&post=268257"}],"curies":[{"name":"wp","href":"https:\/\/api.w.org\/{rel}","templated":true}]}}