{"id":268271,"date":"2016-05-09T00:05:48","date_gmt":"2016-05-09T05:05:48","guid":{"rendered":"http:\/\/www.diarioimagen.net\/?p=268271"},"modified":"2016-05-09T01:20:51","modified_gmt":"2016-05-09T06:20:51","slug":"toma-de-protesta-del-grupo-parlamentario-para-el-habitat-mexiquense","status":"publish","type":"post","link":"https:\/\/www.diarioimagen.net\/?p=268271","title":{"rendered":"Toma de protesta del grupo parlamentario para el H\u00e1bitat mexiquense"},"content":{"rendered":"<p><a href=\"http:\/\/www.diarioimagen.net\/?attachment_id=268327\" rel=\"attachment wp-att-268327\"><img loading=\"lazy\" decoding=\"async\" class=\"aligncenter size-large wp-image-268327\" src=\"http:\/\/www.diarioimagen.net\/wp-content\/uploads\/2016\/05\/habitat-2862-420x236.jpg\" alt=\"habitat-2862\" width=\"420\" height=\"236\" srcset=\"https:\/\/www.diarioimagen.net\/wp-content\/uploads\/2016\/05\/habitat-2862-420x236.jpg 420w, https:\/\/www.diarioimagen.net\/wp-content\/uploads\/2016\/05\/habitat-2862-240x135.jpg 240w, https:\/\/www.diarioimagen.net\/wp-content\/uploads\/2016\/05\/habitat-2862-235x132.jpg 235w, https:\/\/www.diarioimagen.net\/wp-content\/uploads\/2016\/05\/habitat-2862-202x114.jpg 202w, https:\/\/www.diarioimagen.net\/wp-content\/uploads\/2016\/05\/habitat-2862-350x196.jpg 350w, https:\/\/www.diarioimagen.net\/wp-content\/uploads\/2016\/05\/habitat-2862-220x123.jpg 220w, https:\/\/www.diarioimagen.net\/wp-content\/uploads\/2016\/05\/habitat-2862-237x132.jpg 237w, https:\/\/www.diarioimagen.net\/wp-content\/uploads\/2016\/05\/habitat-2862.jpg 480w\" sizes=\"auto, (max-width: 420px) 100vw, 420px\" \/><\/a><\/p>\n<p>&nbsp;<\/p>\n<p>El diputado Pablo Peralta refrend\u00f3 su compromiso con la sociedad del Estado de M\u00e9xico, para construir propuestas normativas que permitan instrumentar nuevas pol\u00edticas p\u00fablicas que permitan un desarrollo urbano ordenado, seguro, inclusivo y sostenible en las ciudades y asentamientos humanos, luego de la toma de protesta del grupo parlamentario para el H\u00e1bitat mexiquense, acompa\u00f1ado en el acto por la senadora Ana Lilia Herrera Anzaldo.<\/p>\n<p>&nbsp;<\/p>\n","protected":false},"excerpt":{"rendered":"<p>El diputado Pablo Peralta refrend\u00f3 su compromiso con la sociedad del Estado de M\u00e9xico, para construir propuestas normativas que permitan instrumentar nuevas pol\u00edticas p\u00fablicas que permitan un desarrollo urbano ordenado, seguro, inclusivo y sostenible en las ciudades y asentamientos humanos, luego de la toma de protesta del grupo parlamentario para el H\u00e1bitat mexiquense, acompa\u00f1ado en el acto por la senadora Ana Lilia Herrera Anzaldo.<\/p>\n","protected":false},"author":3,"featured_media":268327,"comment_status":"open","ping_status":"open","sticky":false,"template":"","format":"standard","meta":{"_monsterinsights_skip_tracking":false,"_monsterinsights_sitenote_active":false,"_monsterinsights_sitenote_note":"","_monsterinsights_sitenote_category":0,"footnotes":""},"categories":[35155],"tags":[43675],"class_list":["post-268271","post","type-post","status-publish","format-standard","has-post-thumbnail","hentry","category-estado-de-mexico-estado-de-mexico","tag-estado-de-mexico"],"_links":{"self":[{"href":"https:\/\/www.diarioimagen.net\/index.php?rest_route=\/wp\/v2\/posts\/268271","targetHints":{"allow":["GET"]}}],"collection":[{"href":"https:\/\/www.diarioimagen.net\/index.php?rest_route=\/wp\/v2\/posts"}],"about":[{"href":"https:\/\/www.diarioimagen.net\/index.php?rest_route=\/wp\/v2\/types\/post"}],"author":[{"embeddable":true,"href":"https:\/\/www.diarioimagen.net\/index.php?rest_route=\/wp\/v2\/users\/3"}],"replies":[{"embeddable":true,"href":"https:\/\/www.diarioimagen.net\/index.php?rest_route=%2Fwp%2Fv2%2Fcomments&post=268271"}],"version-history":[{"count":0,"href":"https:\/\/www.diarioimagen.net\/index.php?rest_route=\/wp\/v2\/posts\/268271\/revisions"}],"wp:featuredmedia":[{"embeddable":true,"href":"https:\/\/www.diarioimagen.net\/index.php?rest_route=\/wp\/v2\/media\/268327"}],"wp:attachment":[{"href":"https:\/\/www.diarioimagen.net\/index.php?rest_route=%2Fwp%2Fv2%2Fmedia&parent=268271"}],"wp:term":[{"taxonomy":"category","embeddable":true,"href":"https:\/\/www.diarioimagen.net\/index.php?rest_route=%2Fwp%2Fv2%2Fcategories&post=268271"},{"taxonomy":"post_tag","embeddable":true,"href":"https:\/\/www.diarioimagen.net\/index.php?rest_route=%2Fwp%2Fv2%2Ftags&post=268271"}],"curies":[{"name":"wp","href":"https:\/\/api.w.org\/{rel}","templated":true}]}}