{"id":268282,"date":"2016-05-09T00:10:39","date_gmt":"2016-05-09T05:10:39","guid":{"rendered":"http:\/\/www.diarioimagen.net\/?p=268282"},"modified":"2016-05-09T02:32:34","modified_gmt":"2016-05-09T07:32:34","slug":"vuelca-autobus-en-san-felipe-del-progreso","status":"publish","type":"post","link":"https:\/\/www.diarioimagen.net\/?p=268282","title":{"rendered":"Vuelca autob\u00fas en San Felipe del Progreso"},"content":{"rendered":"<ul>\n<li><strong><em>Hay 14 heridos<\/em><\/strong><\/li>\n<\/ul>\n<p>&nbsp;<\/p>\n<p><a href=\"http:\/\/www.diarioimagen.net\/?attachment_id=268339\" rel=\"attachment wp-att-268339\"><img loading=\"lazy\" decoding=\"async\" class=\"aligncenter size-large wp-image-268339\" src=\"http:\/\/www.diarioimagen.net\/wp-content\/uploads\/2016\/05\/volcadura-2862-420x236.jpg\" alt=\"volcadura-2862\" width=\"420\" height=\"236\" srcset=\"https:\/\/www.diarioimagen.net\/wp-content\/uploads\/2016\/05\/volcadura-2862-420x236.jpg 420w, https:\/\/www.diarioimagen.net\/wp-content\/uploads\/2016\/05\/volcadura-2862-240x135.jpg 240w, https:\/\/www.diarioimagen.net\/wp-content\/uploads\/2016\/05\/volcadura-2862-235x132.jpg 235w, https:\/\/www.diarioimagen.net\/wp-content\/uploads\/2016\/05\/volcadura-2862-202x114.jpg 202w, https:\/\/www.diarioimagen.net\/wp-content\/uploads\/2016\/05\/volcadura-2862-350x196.jpg 350w, https:\/\/www.diarioimagen.net\/wp-content\/uploads\/2016\/05\/volcadura-2862-220x123.jpg 220w, https:\/\/www.diarioimagen.net\/wp-content\/uploads\/2016\/05\/volcadura-2862-237x132.jpg 237w, https:\/\/www.diarioimagen.net\/wp-content\/uploads\/2016\/05\/volcadura-2862.jpg 480w\" sizes=\"auto, (max-width: 420px) 100vw, 420px\" \/><\/a><\/p>\n<p>&nbsp;<\/p>\n<p><strong>San Felipe del Progreso, Estado de M\u00e9xico<\/strong>.- Ayer se volc\u00f3 un autob\u00fas de pasajeros que dej\u00f3 al menos 14 personas lesionadas, dos de ellas de gravedad que fueron trasladadas a Toluca por Rel\u00e1mpagos. La volcadura se produjo en el libramiento \u201cMariposa Monarca\u201d, a la altura de la colonia El Calvario, cuando el autob\u00fas de la l\u00ednea \u201c5 de Mayo\u201d, que cubre la ruta San Felipe del Progreso a la Concepci\u00f3n de Los Ba\u00f1os, se volc\u00f3 por exceso de velocidad.<\/p>\n","protected":false},"excerpt":{"rendered":"<p>Ayer se volc\u00f3 un autob\u00fas de pasajeros que dej\u00f3 al menos 14 personas lesionadas, dos de ellas de gravedad que fueron trasladadas a Toluca por Rel\u00e1mpagos. La volcadura se produjo en el libramiento \u201cMariposa Monarca\u201d, a la altura de la colonia El Calvario, cuando el autob\u00fas de la l\u00ednea \u201c5 de Mayo\u201d, que cubre la ruta San Felipe del Progreso a la Concepci\u00f3n de Los Ba\u00f1os, se volc\u00f3 por exceso de velocidad.<\/p>\n","protected":false},"author":3,"featured_media":268339,"comment_status":"open","ping_status":"open","sticky":false,"template":"","format":"standard","meta":{"_monsterinsights_skip_tracking":false,"_monsterinsights_sitenote_active":false,"_monsterinsights_sitenote_note":"","_monsterinsights_sitenote_category":0,"footnotes":""},"categories":[7],"tags":[11362,43675,6710,13021],"class_list":["post-268282","post","type-post","status-publish","format-standard","has-post-thumbnail","hentry","category-seguridad","tag-autobus","tag-estado-de-mexico","tag-san-felipe-del-progreso","tag-volcadura"],"_links":{"self":[{"href":"https:\/\/www.diarioimagen.net\/index.php?rest_route=\/wp\/v2\/posts\/268282","targetHints":{"allow":["GET"]}}],"collection":[{"href":"https:\/\/www.diarioimagen.net\/index.php?rest_route=\/wp\/v2\/posts"}],"about":[{"href":"https:\/\/www.diarioimagen.net\/index.php?rest_route=\/wp\/v2\/types\/post"}],"author":[{"embeddable":true,"href":"https:\/\/www.diarioimagen.net\/index.php?rest_route=\/wp\/v2\/users\/3"}],"replies":[{"embeddable":true,"href":"https:\/\/www.diarioimagen.net\/index.php?rest_route=%2Fwp%2Fv2%2Fcomments&post=268282"}],"version-history":[{"count":0,"href":"https:\/\/www.diarioimagen.net\/index.php?rest_route=\/wp\/v2\/posts\/268282\/revisions"}],"wp:featuredmedia":[{"embeddable":true,"href":"https:\/\/www.diarioimagen.net\/index.php?rest_route=\/wp\/v2\/media\/268339"}],"wp:attachment":[{"href":"https:\/\/www.diarioimagen.net\/index.php?rest_route=%2Fwp%2Fv2%2Fmedia&parent=268282"}],"wp:term":[{"taxonomy":"category","embeddable":true,"href":"https:\/\/www.diarioimagen.net\/index.php?rest_route=%2Fwp%2Fv2%2Fcategories&post=268282"},{"taxonomy":"post_tag","embeddable":true,"href":"https:\/\/www.diarioimagen.net\/index.php?rest_route=%2Fwp%2Fv2%2Ftags&post=268282"}],"curies":[{"name":"wp","href":"https:\/\/api.w.org\/{rel}","templated":true}]}}