{"id":268350,"date":"2016-05-09T00:10:35","date_gmt":"2016-05-09T05:10:35","guid":{"rendered":"http:\/\/www.diarioimagen.net\/?p=268350"},"modified":"2016-05-10T00:16:33","modified_gmt":"2016-05-10T05:16:33","slug":"eav-peligran-planes-academicos-con-trump","status":"publish","type":"post","link":"https:\/\/www.diarioimagen.net\/?p=268350","title":{"rendered":"EAV: peligran planes acad\u00e9micos con Trump"},"content":{"rendered":"<ul>\n<li><em><strong>El republicano odia y desprecia a mexicanos<\/strong><\/em><\/li>\n<li><em><strong>Becas para intercambios acad\u00e9micos y el Proyecta100Mil, para perfeccionar el ingl\u00e9s, corren el riesgo de ser canceladas<\/strong><\/em><\/li>\n<\/ul>\n<p>&nbsp;<\/p>\n<p><b>Jos\u00e9 Luis Monta\u00f1ez<\/b><\/p>\n<p>&nbsp;<\/p>\n<div id=\"attachment_268351\" style=\"width: 430px\" class=\"wp-caption aligncenter\"><a href=\"http:\/\/www.diarioimagen.net\/?attachment_id=268351\" rel=\"attachment wp-att-268351\"><img loading=\"lazy\" decoding=\"async\" aria-describedby=\"caption-attachment-268351\" class=\"size-large wp-image-268351\" src=\"http:\/\/www.diarioimagen.net\/wp-content\/uploads\/2016\/05\/eruviel-trump-2862-420x236.jpg\" alt=\"Eruviel \u00c1vila anunci\u00f3 m\u00e1s acciones para mejorar instalaciones de escuelas en Edomex.\" width=\"420\" height=\"236\" srcset=\"https:\/\/www.diarioimagen.net\/wp-content\/uploads\/2016\/05\/eruviel-trump-2862-420x236.jpg 420w, https:\/\/www.diarioimagen.net\/wp-content\/uploads\/2016\/05\/eruviel-trump-2862-240x135.jpg 240w, https:\/\/www.diarioimagen.net\/wp-content\/uploads\/2016\/05\/eruviel-trump-2862-768x432.jpg 768w, https:\/\/www.diarioimagen.net\/wp-content\/uploads\/2016\/05\/eruviel-trump-2862-480x270.jpg 480w, https:\/\/www.diarioimagen.net\/wp-content\/uploads\/2016\/05\/eruviel-trump-2862-235x132.jpg 235w, https:\/\/www.diarioimagen.net\/wp-content\/uploads\/2016\/05\/eruviel-trump-2862-202x114.jpg 202w, https:\/\/www.diarioimagen.net\/wp-content\/uploads\/2016\/05\/eruviel-trump-2862-350x196.jpg 350w, https:\/\/www.diarioimagen.net\/wp-content\/uploads\/2016\/05\/eruviel-trump-2862-220x123.jpg 220w, https:\/\/www.diarioimagen.net\/wp-content\/uploads\/2016\/05\/eruviel-trump-2862-237x132.jpg 237w, https:\/\/www.diarioimagen.net\/wp-content\/uploads\/2016\/05\/eruviel-trump-2862.jpg 1200w\" sizes=\"auto, (max-width: 420px) 100vw, 420px\" \/><\/a><p id=\"caption-attachment-268351\" class=\"wp-caption-text\">Eruviel \u00c1vila anunci\u00f3 m\u00e1s acciones para mejorar instalaciones de escuelas en Edomex.<\/p><\/div>\n<p>&nbsp;<\/p>\n<p>Ante un posible triunfo de Donald Trump como presidente de Estados Unidos, programas como el de becas para intercambios acad\u00e9micos y el <em>Proyecta 100Mil<\/em>, para estudiar y perfeccionar la ense\u00f1anza del idioma ingl\u00e9s, corren el riesgo de ser cancelados; tan s\u00f3lo en el caso del Estado de M\u00e9xico alrededor de 2 mil alumnos y profesores podr\u00edan verse afectados, afirm\u00f3 el gobernador Eruviel \u00c1vila.<\/p>\n<p>Manifest\u00f3\u00a0su rechazo a las aseveraciones del\u00a0virtual candidato republicano por ser de\u00a0odio y desprecio hacia los mexicanos y latinoamericanos, sin\u00a0embargo, asegur\u00f3 que el Gobierno del Estado de M\u00e9xico continuar\u00e1 estableciendo una buena relaci\u00f3n con los gobiernos locales de Estados Unidos, generando convenios para que los ni\u00f1os y j\u00f3venes mexiquenses puedan seguir prepar\u00e1ndose acad\u00e9micamente con este tipo de programas.<\/p>\n<p>\u201cEs importante que impulsemos una campa\u00f1a de informaci\u00f3n, una campa\u00f1a de reflexi\u00f3n, de concientizaci\u00f3n, de la importancia de que nuestros hermanos hispanos, latinoamericanos, mexicanos y mexiquenses, reflexionemos respecto a la posible candidatura del se\u00f1or Trump, que se ha declarado pr\u00e1cticamente enemigo de los mexicanos, que nos ha insultado, que nos ha vejado, y no nos vamos a dejar, se corre el riesgo amigas, amigos, que estas becas del Programa Proyecta 100Mil, que son becas Estados Unidos-M\u00e9xico, se vaya por la borda este programa, se caiga y se cancele. Vamos todos a cerrar filas por M\u00e9xico y por nuestros hermanos migrantes que dan lo mejor de s\u00ed all\u00e1 en los Estados Unidos de Am\u00e9rica\u201d, expres\u00f3.<\/p>\n<p>&nbsp;<\/p>\n","protected":false},"excerpt":{"rendered":"<p>Programas como el de becas para intercambios acad\u00e9micos y el Proyecta 100Mil, para estudiar y perfeccionar la ense\u00f1anza del idioma ingl\u00e9s, que se vienen realizando con autoridades estadounidenses en beneficio de estudiantes mexicanos, corren el riesgo de ser cancelados ante un posible triunfo como presidente de Estados Unidos de Donald Trump, y tan s\u00f3lo en el caso del Estado de M\u00e9xico alrededor de 2 mil alumnos y profesores podr\u00edan verse afectados, afirm\u00f3 el gobernador Eruviel \u00c1vila Villegas.<\/p>\n","protected":false},"author":1,"featured_media":268351,"comment_status":"open","ping_status":"open","sticky":false,"template":"","format":"standard","meta":{"_monsterinsights_skip_tracking":false,"_monsterinsights_sitenote_active":false,"_monsterinsights_sitenote_note":"","_monsterinsights_sitenote_category":0,"footnotes":""},"categories":[5],"tags":[41813,5828,43675],"class_list":["post-268350","post","type-post","status-publish","format-standard","has-post-thumbnail","hentry","category-estado-de-mexico","tag-donald-trump","tag-eruviel-avila-villegas","tag-estado-de-mexico"],"_links":{"self":[{"href":"https:\/\/www.diarioimagen.net\/index.php?rest_route=\/wp\/v2\/posts\/268350","targetHints":{"allow":["GET"]}}],"collection":[{"href":"https:\/\/www.diarioimagen.net\/index.php?rest_route=\/wp\/v2\/posts"}],"about":[{"href":"https:\/\/www.diarioimagen.net\/index.php?rest_route=\/wp\/v2\/types\/post"}],"author":[{"embeddable":true,"href":"https:\/\/www.diarioimagen.net\/index.php?rest_route=\/wp\/v2\/users\/1"}],"replies":[{"embeddable":true,"href":"https:\/\/www.diarioimagen.net\/index.php?rest_route=%2Fwp%2Fv2%2Fcomments&post=268350"}],"version-history":[{"count":0,"href":"https:\/\/www.diarioimagen.net\/index.php?rest_route=\/wp\/v2\/posts\/268350\/revisions"}],"wp:featuredmedia":[{"embeddable":true,"href":"https:\/\/www.diarioimagen.net\/index.php?rest_route=\/wp\/v2\/media\/268351"}],"wp:attachment":[{"href":"https:\/\/www.diarioimagen.net\/index.php?rest_route=%2Fwp%2Fv2%2Fmedia&parent=268350"}],"wp:term":[{"taxonomy":"category","embeddable":true,"href":"https:\/\/www.diarioimagen.net\/index.php?rest_route=%2Fwp%2Fv2%2Fcategories&post=268350"},{"taxonomy":"post_tag","embeddable":true,"href":"https:\/\/www.diarioimagen.net\/index.php?rest_route=%2Fwp%2Fv2%2Ftags&post=268350"}],"curies":[{"name":"wp","href":"https:\/\/api.w.org\/{rel}","templated":true}]}}