{"id":268369,"date":"2016-05-09T00:08:08","date_gmt":"2016-05-09T05:08:08","guid":{"rendered":"http:\/\/www.diarioimagen.net\/?p=268369"},"modified":"2016-05-09T02:46:46","modified_gmt":"2016-05-09T07:46:46","slug":"seran-los-unicos","status":"publish","type":"post","link":"https:\/\/www.diarioimagen.net\/?p=268369","title":{"rendered":"\u00bfSer\u00e1n los \u00fanicos?"},"content":{"rendered":"<h2>De frente y de perfil<\/h2>\n<h5>Ram\u00f3n Zurita Sahag\u00fan<\/h5>\n<p>&nbsp;<\/p>\n<p>Sorprendi\u00f3 la decisi\u00f3n de bajas a tres candidatos pri\u00edstas a alcaldes en Tamaulipas, ya que no es com\u00fan ver que los partidos asuman sus realidades y procedan en consecuencia.<\/p>\n<p>Esta vez fue el PRI, pero no es el \u00fanico partido que se equivoca, enviando como candidatos a personajes con oscuros pasados o que son se\u00f1alados abiertamente por v\u00ednculos con la delincuencia organizada.<\/p>\n<p>Hay muchos ejemplos de lo anterior, pero, regularmente, los partidos reaccionan a toro pasado, cuando las pruebas se hacen evidentes y no les queda m\u00e1s remedio que asumir las consecuencias de esos actos.<\/p>\n<p>No es solamente el caso de los Abarca y el PRD, todos los partidos han incurrido en ese tipo de errores, lo que sucede es que en muchos de los casos los candidatos propuestos no han triunfado en las urnas.<\/p>\n<p>La diputada supuestamente vinculada a \u201cEl Chapo\u201d Guzm\u00e1n es la estrella de los blanquiazules y Jes\u00fas Reyna, el ex gobernador de Michoac\u00e1n, recluido en prisi\u00f3n es la de los pri\u00edstas.<\/p>\n<p>Esos son los personajes m\u00e1s recientes vinculados con los organismos y personajes delictivos, pero detr\u00e1s de ello hay toda una historia de componendas entre pol\u00edticos y delincuentes, algunos de los cuales han sido sacados a la luz p\u00fablica y otros simplemente se comentan, ya no en voz baja, sino alta.<\/p>\n<p>Comprobarlo es tarea de las autoridades, pero tampoco asumen su papel ni ellos, ni los partidos que los proponen como candidatos.<\/p>\n<p>Los dirigentes del PAN y del PRD exigieron, recientemente, que la PGR investigara a los candidatos propuestos por todos los partidos, deslig\u00e1ndose de una tarea que les corresponde directamente a \u00e9stos.<\/p>\n<p>En el caso de Tamaulipas, la preocupaci\u00f3n es mayor, por tratarse de un estado infestado desde hace varios lustros por los grupos de la delincuencia organizada, ante la apat\u00eda de las autoridades por otorgarle seguridad a los ciudadanos y desterrar la violencia.<\/p>\n<p>Los gobiernos estatales recurren a la b\u00fasqueda del auxilio del gobierno federal, argumentando que es tarea de ellos y no de los estatales, pero la situaci\u00f3n no mejora.<\/p>\n<p>Es Tamaulipas conjuntamente con Michoac\u00e1n y Guerrero, las entidades en las que m\u00e1s se refleja la violencia y donde hay zonas en que reina la impunidad y los cotos de poder del crimen organizado.<\/p>\n<p>Una y otra vez las fuerzas federales y los militares acuden en auxilio de la poblaci\u00f3n y cuando de retiran se recrudece la violencia. Reynosa, Matamoros, Tampico, Ciudad Victoria y otras poblaciones de importancia dan muestra de ello.<\/p>\n<p>Se intenta blindar una y otra vez el estado, pero al poco tiempo el blindaje muestra sus deficiencias.<\/p>\n<p>Es Tamaulipas, uno de los estados llamados \u201ccalientes\u201d del pa\u00eds, pero a diferencia de otros, aqu\u00ed se produjo el asesinato de un candidato a gobernador, que se encontraba muchos puntos arriba de sus adversarios hace seis a\u00f1os, una semana antes de los comicios.<\/p>\n<p>Rodolfo Torre Cant\u00fa, candidato del PRI, fue masacrado junto con varios de sus principales colaboradores, en un crimen achacado al crimen organizado, pero del que, curiosamente, no se supo m\u00e1s.<\/p>\n<p>Como medida de emergencia, los pri\u00edstas decidieron que el candidato ser\u00eda otro de la misma familia Torre Cant\u00fa, Egidio, alcalde suplente de la capital, Ciudad Victoria, seis a\u00f1os antes y quien cosech\u00f3 los votos que eran para su hermano Rodolfo.<\/p>\n<p>El experimento result\u00f3 malo para los pri\u00edstas, aunque se gan\u00f3 el gobierno estatal, ya que los grupos delincuenciales avanzaron notoriamente y Tamaulipas contin\u00faa bajo el asedio y protecci\u00f3n del crimen organizado.<\/p>\n<p>Pero en Tamaulipas se han gestado los principales grupos delincuenciales y varios de los m\u00e1s representativos jefes de los c\u00e1rteles, algunos presos y otros muertos.<\/p>\n<p>La pol\u00edtica siempre ha estado vinculada con estos personajes, aunque en muchos de los casos no se han comprobado la participaci\u00f3n de unos con los otros.<\/p>\n<p>Tres gobernadores han sido escrutados por supuesta vinculaci\u00f3n o protecci\u00f3n a esos grupos y dos de ellos corrieron con la suerte de no ser enjuiciados, mientras que el tercero se encuentra pr\u00f3fugo.<\/p>\n<p>Desde el arribo del hoy senador Manuel Cavazos Lerma y los siguientes gobiernos estatales de Tom\u00e1s Yarrington Ruvalcaba y Eugenio Hern\u00e1ndez Flores, se mantuvieron sospechas de posibles v\u00ednculos de los mandatarios con la delincuencia organizada, en su modo de protecci\u00f3n.<\/p>\n<p>Manuel y Eugenio no tuvieron problemas despu\u00e9s de ser investigados, pero Tom\u00e1s s\u00ed y hoy es pr\u00f3fugo del gobierno mexicano, con una alerta mundial por parte de la Interpol.<\/p>\n<p>Los tres personajes fueron claves en los gobiernos de Tamaulipas, ya que Manuel dej\u00f3 a su \u201cdelf\u00edn\u201d Tom\u00e1s y este a su vez hizo lo propio con Eugenio, aunque uno y otro pagaron mal a sus apoyadores como tambi\u00e9n lo hizo Egidio con Eugenio, quien incluso lo dej\u00f3 como alcalde de la capital cuando \u00e9l fue que promovi\u00f3 a la candidatura al gobierno estatal.<\/p>\n<p>Se dice que Egidio siempre ha mantenido la sospecha de que fueron personajes cercanos a Eugenio los que ejecutaron a su hermano Rodolfo y a varios colaboradores.<\/p>\n<p>Hoy Tamaulipas puede vivir la alternancia, ya que el candidato del PRI, Baltasar Hinojosa Ochoa, no logra prender en el \u00e1nimo de los ciudadanos y el avance del candidato panista Francisco Javier Garc\u00eda Cabeza de Vaca es sumamente notorio.<\/p>\n<p>Incluso, se habla que la decisi\u00f3n de bajar a los candidatos a alcalde fue parte de una medida desesperada de los pri\u00edstas por revertir esa tendencia.<\/p>\n<p>Y es que Tamaulipas siempre form\u00f3 parte de esos tres estados que el PRI tiene presupuestado perder desde el inicio de la contienda electoral, a la par de recuperar Oaxaca y Sinaloa.<\/p>\n<p><em><a href=\"mailto:ramonzurita44@hotmail.com\" target=\"_blank\">ramonzurita44@hotmail.com<\/a><\/em><br \/>\n<a href=\"mailto:%20zurita_sahagun@hotmail.com\" target=\"_blank\"><em>zurita_sahagun@hotmail.com<\/em><\/a><\/p>\n","protected":false},"excerpt":{"rendered":"<p><span style=\"color: #005497;\"><strong>Ram\u00f3n Zurita Sahag\u00fan<\/strong><\/span><\/p>\n","protected":false},"author":1,"featured_media":0,"comment_status":"open","ping_status":"open","sticky":false,"template":"","format":"standard","meta":{"_monsterinsights_skip_tracking":false,"_monsterinsights_sitenote_active":false,"_monsterinsights_sitenote_note":"","_monsterinsights_sitenote_category":0,"footnotes":""},"categories":[234],"tags":[304,43674,43687],"class_list":["post-268369","post","type-post","status-publish","format-standard","hentry","category-ramon-zurita-sahagun","tag-de-frente-y-de-perfil","tag-opinion","tag-ramon-zurita-sahagun"],"_links":{"self":[{"href":"https:\/\/www.diarioimagen.net\/index.php?rest_route=\/wp\/v2\/posts\/268369","targetHints":{"allow":["GET"]}}],"collection":[{"href":"https:\/\/www.diarioimagen.net\/index.php?rest_route=\/wp\/v2\/posts"}],"about":[{"href":"https:\/\/www.diarioimagen.net\/index.php?rest_route=\/wp\/v2\/types\/post"}],"author":[{"embeddable":true,"href":"https:\/\/www.diarioimagen.net\/index.php?rest_route=\/wp\/v2\/users\/1"}],"replies":[{"embeddable":true,"href":"https:\/\/www.diarioimagen.net\/index.php?rest_route=%2Fwp%2Fv2%2Fcomments&post=268369"}],"version-history":[{"count":0,"href":"https:\/\/www.diarioimagen.net\/index.php?rest_route=\/wp\/v2\/posts\/268369\/revisions"}],"wp:attachment":[{"href":"https:\/\/www.diarioimagen.net\/index.php?rest_route=%2Fwp%2Fv2%2Fmedia&parent=268369"}],"wp:term":[{"taxonomy":"category","embeddable":true,"href":"https:\/\/www.diarioimagen.net\/index.php?rest_route=%2Fwp%2Fv2%2Fcategories&post=268369"},{"taxonomy":"post_tag","embeddable":true,"href":"https:\/\/www.diarioimagen.net\/index.php?rest_route=%2Fwp%2Fv2%2Ftags&post=268369"}],"curies":[{"name":"wp","href":"https:\/\/api.w.org\/{rel}","templated":true}]}}