{"id":268450,"date":"2016-05-10T00:07:50","date_gmt":"2016-05-10T05:07:50","guid":{"rendered":"http:\/\/www.diarioimagen.net\/?p=268450"},"modified":"2016-05-10T02:50:12","modified_gmt":"2016-05-10T07:50:12","slug":"entrega-alcaldesa-de-atizapan-fronton-municipal-remodelado","status":"publish","type":"post","link":"https:\/\/www.diarioimagen.net\/?p=268450","title":{"rendered":"Entrega alcaldesa de Atizap\u00e1n front\u00f3n municipal remodelado"},"content":{"rendered":"<ul>\n<li><strong><em>Compromiso con ciudadanos<\/em><\/strong><\/li>\n<\/ul>\n<p>&nbsp;<\/p>\n<div id=\"attachment_268501\" style=\"width: 430px\" class=\"wp-caption aligncenter\"><a href=\"http:\/\/www.diarioimagen.net\/?attachment_id=268501\" rel=\"attachment wp-att-268501\"><img loading=\"lazy\" decoding=\"async\" aria-describedby=\"caption-attachment-268501\" class=\"size-large wp-image-268501\" src=\"http:\/\/www.diarioimagen.net\/wp-content\/uploads\/2016\/05\/ATIZAPAN-2863-420x236.jpg\" alt=\"La alcaldesa Ana Mar\u00eda Balderas Trejo realiz\u00f3 la entrega de la remodelaci\u00f3n del front\u00f3n de la Alameda Central Mar\u00eda Luisa Campos de J\u00edm\u00e9nez Cant\u00fa.\" width=\"420\" height=\"236\" srcset=\"https:\/\/www.diarioimagen.net\/wp-content\/uploads\/2016\/05\/ATIZAPAN-2863-420x236.jpg 420w, https:\/\/www.diarioimagen.net\/wp-content\/uploads\/2016\/05\/ATIZAPAN-2863-240x135.jpg 240w, https:\/\/www.diarioimagen.net\/wp-content\/uploads\/2016\/05\/ATIZAPAN-2863-235x132.jpg 235w, https:\/\/www.diarioimagen.net\/wp-content\/uploads\/2016\/05\/ATIZAPAN-2863-202x114.jpg 202w, https:\/\/www.diarioimagen.net\/wp-content\/uploads\/2016\/05\/ATIZAPAN-2863-350x196.jpg 350w, https:\/\/www.diarioimagen.net\/wp-content\/uploads\/2016\/05\/ATIZAPAN-2863-220x123.jpg 220w, https:\/\/www.diarioimagen.net\/wp-content\/uploads\/2016\/05\/ATIZAPAN-2863-237x132.jpg 237w, https:\/\/www.diarioimagen.net\/wp-content\/uploads\/2016\/05\/ATIZAPAN-2863.jpg 480w\" sizes=\"auto, (max-width: 420px) 100vw, 420px\" \/><\/a><p id=\"caption-attachment-268501\" class=\"wp-caption-text\">La alcaldesa Ana Mar\u00eda Balderas Trejo realiz\u00f3 la entrega de la remodelaci\u00f3n del front\u00f3n de la Alameda Central Mar\u00eda Luisa Campos de J\u00edm\u00e9nez Cant\u00fa.<\/p><\/div>\n<p>&nbsp;<\/p>\n<p><strong>Atizap\u00e1n, Estado de M\u00e9xico<\/strong>.- La presidenta municipal, Ana Mar\u00eda Balderas Trejo, realiz\u00f3 la entrega de la remodelaci\u00f3n del front\u00f3n de la Alameda Central Mar\u00eda Luisa Campos de J\u00edm\u00e9nez Cant\u00fa, ubicada en Atizap\u00e1n Centro, misma que es parte del compromiso que adquiri\u00f3 con los ciudadanos y en especial con los jugadores que se re\u00fanen diariamente a convivir y que tuvo una inversi\u00f3n superior a 1 mill\u00f3n 560 mil pesos<\/p>\n<p>En la inauguraci\u00f3n, la alcaldesa expuso que \u00e9sta es una obra pensada para el sano esparcimiento de todos los asistentes y es uno de los compromisos que ten\u00eda y tiene con la cabecera municipal, toda vez que destac\u00f3 la importancia que tiene esta inauguraci\u00f3n, debido a que es en una fecha muy especial, cuando se realizan las tradicionales Fiestas de Mayo.<\/p>\n<p>La edil, acompa\u00f1ada de integrantes de la administraci\u00f3n local, recorri\u00f3 este restaurado front\u00f3n, en donde pudo corroborar los trabajos realizados y convivi\u00f3 con los asistentes, quienes le expresaron su agradecimiento y que haya tomado en cuenta la necesidad de una mejor iluminaci\u00f3n en la cabecera municipal, destacando tambi\u00e9n el nuevo alumbrado que se ha puesto en la Plaza Adolfo L\u00f3pez Mateos, en donde se ubica el kiosco municipal.<\/p>\n<p>Los trabajos realizados consistieron en el desmontaje de 58 metros lineales de la malla cicl\u00f3nica existente, la colocaci\u00f3n de una reja de acero de 2.50 metros de altura y 58 metros lineales, cambio de 84 metros cuadrados de l\u00e1minass en el \u00e1rea de gradas, aplicaci\u00f3n de pintura esmalte en gradas, reparaci\u00f3n de 470 metros cuadrados de piso en la cancha del front\u00f3n.<\/p>\n<p>Adem\u00e1s de 684 metros cuadrados para la aplicaci\u00f3n de pintura esmalte en muros de la cancha de front\u00f3n, aplicaci\u00f3n de 470 metros cuadrados de pintura eslastom\u00e9rica en cancha del front\u00f3n, colocaci\u00f3n de 457 metros cuadrados de arcotecho de l\u00e1mina calibre 22, colocaci\u00f3n de 60 metros de canal\u00f3n de l\u00e1mina y colocaci\u00f3n de 12 luminarias.<\/p>\n<p>&nbsp;<\/p>\n","protected":false},"excerpt":{"rendered":"<p>La presidenta municipal, Ana Mar\u00eda Balderas Trejo, realiz\u00f3 la entrega de la remodelaci\u00f3n del front\u00f3n de la Alameda Central Mar\u00eda Luisa Campos de J\u00edm\u00e9nez Cant\u00fa, ubicada en Atizap\u00e1n Centro, misma que es parte del compromiso que adquiri\u00f3 con los ciudadanos y en especial con los jugadores que se re\u00fanen diariamente a convivir y que tuvo una inversi\u00f3n superior a 1 mill\u00f3n 560 mil pesos<\/p>\n","protected":false},"author":3,"featured_media":268501,"comment_status":"open","ping_status":"open","sticky":false,"template":"","format":"standard","meta":{"_monsterinsights_skip_tracking":false,"_monsterinsights_sitenote_active":false,"_monsterinsights_sitenote_note":"","_monsterinsights_sitenote_category":0,"footnotes":""},"categories":[35155],"tags":[969,24769,43675],"class_list":["post-268450","post","type-post","status-publish","format-standard","has-post-thumbnail","hentry","category-estado-de-mexico-estado-de-mexico","tag-atizapan","tag-entrega","tag-estado-de-mexico"],"_links":{"self":[{"href":"https:\/\/www.diarioimagen.net\/index.php?rest_route=\/wp\/v2\/posts\/268450","targetHints":{"allow":["GET"]}}],"collection":[{"href":"https:\/\/www.diarioimagen.net\/index.php?rest_route=\/wp\/v2\/posts"}],"about":[{"href":"https:\/\/www.diarioimagen.net\/index.php?rest_route=\/wp\/v2\/types\/post"}],"author":[{"embeddable":true,"href":"https:\/\/www.diarioimagen.net\/index.php?rest_route=\/wp\/v2\/users\/3"}],"replies":[{"embeddable":true,"href":"https:\/\/www.diarioimagen.net\/index.php?rest_route=%2Fwp%2Fv2%2Fcomments&post=268450"}],"version-history":[{"count":0,"href":"https:\/\/www.diarioimagen.net\/index.php?rest_route=\/wp\/v2\/posts\/268450\/revisions"}],"wp:featuredmedia":[{"embeddable":true,"href":"https:\/\/www.diarioimagen.net\/index.php?rest_route=\/wp\/v2\/media\/268501"}],"wp:attachment":[{"href":"https:\/\/www.diarioimagen.net\/index.php?rest_route=%2Fwp%2Fv2%2Fmedia&parent=268450"}],"wp:term":[{"taxonomy":"category","embeddable":true,"href":"https:\/\/www.diarioimagen.net\/index.php?rest_route=%2Fwp%2Fv2%2Fcategories&post=268450"},{"taxonomy":"post_tag","embeddable":true,"href":"https:\/\/www.diarioimagen.net\/index.php?rest_route=%2Fwp%2Fv2%2Ftags&post=268450"}],"curies":[{"name":"wp","href":"https:\/\/api.w.org\/{rel}","templated":true}]}}