{"id":268452,"date":"2016-05-10T00:06:20","date_gmt":"2016-05-10T05:06:20","guid":{"rendered":"http:\/\/www.diarioimagen.net\/?p=268452"},"modified":"2016-05-10T02:51:18","modified_gmt":"2016-05-10T07:51:18","slug":"tultepec-firma-convenio-con-la-fesc-de-unam","status":"publish","type":"post","link":"https:\/\/www.diarioimagen.net\/?p=268452","title":{"rendered":"Tultepec firma convenio con la FESC de UNAM"},"content":{"rendered":"<ul>\n<li><strong><em>Mejoramiento en \u00e1reas de inter\u00e9s com\u00fan<\/em><\/strong><\/li>\n<\/ul>\n<p>&nbsp;<\/p>\n<div id=\"attachment_268505\" style=\"width: 430px\" class=\"wp-caption aligncenter\"><a href=\"http:\/\/www.diarioimagen.net\/?attachment_id=268505\" rel=\"attachment wp-att-268505\"><img loading=\"lazy\" decoding=\"async\" aria-describedby=\"caption-attachment-268505\" class=\"size-large wp-image-268505\" src=\"http:\/\/www.diarioimagen.net\/wp-content\/uploads\/2016\/05\/TULTEPEC-2863-420x236.jpg\" alt=\"El alcalde Armando Portuguez Fuentes, y Jorge Alfredo Cu\u00e9llar Ordaz, director de la FESC, durante la firma del convenio.\" width=\"420\" height=\"236\" srcset=\"https:\/\/www.diarioimagen.net\/wp-content\/uploads\/2016\/05\/TULTEPEC-2863-420x236.jpg 420w, https:\/\/www.diarioimagen.net\/wp-content\/uploads\/2016\/05\/TULTEPEC-2863-240x135.jpg 240w, https:\/\/www.diarioimagen.net\/wp-content\/uploads\/2016\/05\/TULTEPEC-2863-235x132.jpg 235w, https:\/\/www.diarioimagen.net\/wp-content\/uploads\/2016\/05\/TULTEPEC-2863-202x114.jpg 202w, https:\/\/www.diarioimagen.net\/wp-content\/uploads\/2016\/05\/TULTEPEC-2863-350x196.jpg 350w, https:\/\/www.diarioimagen.net\/wp-content\/uploads\/2016\/05\/TULTEPEC-2863-220x123.jpg 220w, https:\/\/www.diarioimagen.net\/wp-content\/uploads\/2016\/05\/TULTEPEC-2863-237x132.jpg 237w, https:\/\/www.diarioimagen.net\/wp-content\/uploads\/2016\/05\/TULTEPEC-2863.jpg 480w\" sizes=\"auto, (max-width: 420px) 100vw, 420px\" \/><\/a><p id=\"caption-attachment-268505\" class=\"wp-caption-text\">El alcalde Armando Portuguez Fuentes, y Jorge Alfredo Cu\u00e9llar Ordaz, director de la FESC, durante la firma del convenio.<\/p><\/div>\n<p>&nbsp;<\/p>\n<p><strong>Tultepec, Estado de M\u00e9xico<\/strong>.- El alcalde Armando Portuguez Fuentes reconoci\u00f3 a la Facultad de Estudios Superiores Cuautitl\u00e1n (FESC), como un referente en la modernizaci\u00f3n del Valle de M\u00e9xico, durante la firma de un convenio de colaboraci\u00f3n entre ambas instituciones, a fin de contribuir en el mejoramiento en \u00e1reas de inter\u00e9s com\u00fan.<\/p>\n<p>Acompa\u00f1ado por los integrantes del Cabildo en las instalaciones de la FESC, el edil asegur\u00f3 que Tultepec recurre a la Universidad Nacional Aut\u00f3noma de M\u00e9xico (UNAM), para trabajar coordinadamente en el porvenir de este municipio, a trav\u00e9s de proyectos de detonen todo el potencial econ\u00f3mico, cultural y urbano del \u201cCerro del Tule\u201d.<\/p>\n<p>Ante Jorge Alfredo Cu\u00e9llar Ordaz, director de la FESC, el Ejecutivo municipal precis\u00f3 que con este convenio se fortalecer\u00e1n tambi\u00e9n los campos culturales, art\u00edsticos y de investigaci\u00f3n de ambas instituciones en este plantel, en el que se imparten 17 carreras y 9 posgrados en las cuatro \u00e1reas del conocimiento.<\/p>\n<p>En presencia tambi\u00e9n de Jos\u00e9 Francisco Montiel Sosa, secretario general del plantel, el alcalde dijo que con la firma de este acuerdo se consolidar\u00e1n acciones de vinculaci\u00f3n para aportar alternativas que contribuyan a la soluci\u00f3n de problemas espec\u00edficos en \u00e1reas de inter\u00e9s com\u00fan, aprovechando la potencialidad de cada una de las partes.<\/p>\n<p>\u201cSe abrir\u00e1n las puertas a la participaci\u00f3n de j\u00f3venes emprendedores, a trav\u00e9s de programas de servicio social y pr\u00e1cticas profesionales para aplicar el conocimiento tecnol\u00f3gico y cient\u00edfico en la transformaci\u00f3n de la realidad municipal\u201d.<\/p>\n<p>Ambas autoridades coincidieron en se\u00f1alar que con la firma de este convenio se promueve la superaci\u00f3n y actualizaci\u00f3n acad\u00e9mica del personal de las dos instituciones en \u00e1reas espec\u00edficas, a trav\u00e9s de diplomados, seminarios, coloquios, foros, conferencias y otros cursos de inter\u00e9s com\u00fan que se realizar\u00edan inclusive en instalaciones del Ayuntamiento.<\/p>\n<p>&nbsp;<\/p>\n","protected":false},"excerpt":{"rendered":"<p>El alcalde Armando Portuguez Fuentes reconoci\u00f3 a la Facultad de Estudios Superiores Cuautitl\u00e1n (FESC), como un referente en la modernizaci\u00f3n del Valle de M\u00e9xico, durante la firma de un convenio de colaboraci\u00f3n entre ambas instituciones, a fin de contribuir en el mejoramiento en \u00e1reas de inter\u00e9s com\u00fan.<\/p>\n","protected":false},"author":3,"featured_media":268505,"comment_status":"open","ping_status":"open","sticky":false,"template":"","format":"standard","meta":{"_monsterinsights_skip_tracking":false,"_monsterinsights_sitenote_active":false,"_monsterinsights_sitenote_note":"","_monsterinsights_sitenote_category":0,"footnotes":""},"categories":[35155],"tags":[43675,3802,570],"class_list":["post-268452","post","type-post","status-publish","format-standard","has-post-thumbnail","hentry","category-estado-de-mexico-estado-de-mexico","tag-estado-de-mexico","tag-tultepec","tag-unam"],"_links":{"self":[{"href":"https:\/\/www.diarioimagen.net\/index.php?rest_route=\/wp\/v2\/posts\/268452","targetHints":{"allow":["GET"]}}],"collection":[{"href":"https:\/\/www.diarioimagen.net\/index.php?rest_route=\/wp\/v2\/posts"}],"about":[{"href":"https:\/\/www.diarioimagen.net\/index.php?rest_route=\/wp\/v2\/types\/post"}],"author":[{"embeddable":true,"href":"https:\/\/www.diarioimagen.net\/index.php?rest_route=\/wp\/v2\/users\/3"}],"replies":[{"embeddable":true,"href":"https:\/\/www.diarioimagen.net\/index.php?rest_route=%2Fwp%2Fv2%2Fcomments&post=268452"}],"version-history":[{"count":0,"href":"https:\/\/www.diarioimagen.net\/index.php?rest_route=\/wp\/v2\/posts\/268452\/revisions"}],"wp:featuredmedia":[{"embeddable":true,"href":"https:\/\/www.diarioimagen.net\/index.php?rest_route=\/wp\/v2\/media\/268505"}],"wp:attachment":[{"href":"https:\/\/www.diarioimagen.net\/index.php?rest_route=%2Fwp%2Fv2%2Fmedia&parent=268452"}],"wp:term":[{"taxonomy":"category","embeddable":true,"href":"https:\/\/www.diarioimagen.net\/index.php?rest_route=%2Fwp%2Fv2%2Fcategories&post=268452"},{"taxonomy":"post_tag","embeddable":true,"href":"https:\/\/www.diarioimagen.net\/index.php?rest_route=%2Fwp%2Fv2%2Ftags&post=268452"}],"curies":[{"name":"wp","href":"https:\/\/api.w.org\/{rel}","templated":true}]}}