{"id":268478,"date":"2016-05-10T00:14:12","date_gmt":"2016-05-10T05:14:12","guid":{"rendered":"http:\/\/www.diarioimagen.net\/?p=268478"},"modified":"2016-05-10T03:00:23","modified_gmt":"2016-05-10T08:00:23","slug":"procedente-extradicion-de-el-chapo-judicatura","status":"publish","type":"post","link":"https:\/\/www.diarioimagen.net\/?p=268478","title":{"rendered":"Procedente, extradici\u00f3n de \u201cEl Chapo\u201d: Judicatura"},"content":{"rendered":"<ul>\n<li><strong><em>Proceso, en manos de la SRE<\/em><\/strong><\/li>\n<\/ul>\n<p>&nbsp;<\/p>\n<div id=\"attachment_268528\" style=\"width: 430px\" class=\"wp-caption aligncenter\"><a href=\"http:\/\/www.diarioimagen.net\/?attachment_id=268528\" rel=\"attachment wp-att-268528\"><img loading=\"lazy\" decoding=\"async\" aria-describedby=\"caption-attachment-268528\" class=\"size-large wp-image-268528\" src=\"http:\/\/www.diarioimagen.net\/wp-content\/uploads\/2016\/05\/chapo-2863-420x236.jpg\" alt=\"Se pueden considerar cumplidos los requisitos que establece el Tratado de Extradici\u00f3n celebrado entre M\u00e9xico y Estados Unidos para enviar a Joaqu\u00edn \u201cEl Chapo\u201d Guzm\u00e1n Loera a ese pa\u00eds.\" width=\"420\" height=\"236\" srcset=\"https:\/\/www.diarioimagen.net\/wp-content\/uploads\/2016\/05\/chapo-2863-420x236.jpg 420w, https:\/\/www.diarioimagen.net\/wp-content\/uploads\/2016\/05\/chapo-2863-240x135.jpg 240w, https:\/\/www.diarioimagen.net\/wp-content\/uploads\/2016\/05\/chapo-2863-480x270.jpg 480w, https:\/\/www.diarioimagen.net\/wp-content\/uploads\/2016\/05\/chapo-2863-235x132.jpg 235w, https:\/\/www.diarioimagen.net\/wp-content\/uploads\/2016\/05\/chapo-2863-202x114.jpg 202w, https:\/\/www.diarioimagen.net\/wp-content\/uploads\/2016\/05\/chapo-2863-350x196.jpg 350w, https:\/\/www.diarioimagen.net\/wp-content\/uploads\/2016\/05\/chapo-2863-220x123.jpg 220w, https:\/\/www.diarioimagen.net\/wp-content\/uploads\/2016\/05\/chapo-2863-237x132.jpg 237w, https:\/\/www.diarioimagen.net\/wp-content\/uploads\/2016\/05\/chapo-2863.jpg 700w\" sizes=\"auto, (max-width: 420px) 100vw, 420px\" \/><\/a><p id=\"caption-attachment-268528\" class=\"wp-caption-text\">Se pueden considerar cumplidos los requisitos que establece el Tratado de Extradici\u00f3n celebrado entre M\u00e9xico y Estados Unidos para enviar a Joaqu\u00edn \u201cEl Chapo\u201d Guzm\u00e1n Loera a ese pa\u00eds.<\/p><\/div>\n<p>&nbsp;<\/p>\n<p>El Consejo de la Judicatura Federal dio a conocer los pormenores emitidos de un juez sobre la procedencia de la extradici\u00f3n a Estados Unidos de Joaqu\u00edn \u201cEl Chapo\u201d Guzm\u00e1n.<\/p>\n<p>Funda su dictamen en el que a su vez formul\u00f3 el juez Tercero de Distrito de Procesos Penales Federales, Adri\u00e1n Rivera L\u00f3pez, que concluye que es preciso entregar al \u201ccapo\u201d, \u00fanicamente por el cargo de asociaci\u00f3n delictuosa, por importar y poseer coca\u00edna, con la intenci\u00f3n de distribuirla.<\/p>\n<p>Con ello (dice el juez) pueden considerarse cumplidos los requisitos que establece el Tratado de Extradici\u00f3n celebrado entre M\u00e9xico y Estados Unidos.<\/p>\n<p>En el expediente figuran las m\u00e1s de seis solicitudes que ha hecho la Uni\u00f3n Americana desde 1996, cuando la Corte Federal del Distrito Sur de California, con sede en San Diego, hizo la primera solicitud por cargos de narcotr\u00e1fico, misma que fue retomada en febrero de 2001.<\/p>\n<p>Se hace notar que estos tr\u00e1mites de extradici\u00f3n llevan 20 a\u00f1os, tiempo durante el cual los cargos han prescrito y s\u00f3lo uno est\u00e1 vigente, que es suficiente para abrirle juicio a Guzm\u00e1n Loera.<\/p>\n<p>Los cargos imputados de 1989 a 1996 son los de transportar drogas en latas de chiles, cajas de sopa y pollo empaquetado, por v\u00eda terrestre, a\u00e9rea y sobre todo, el expediente tiene un apartado especial por los narcot\u00faneles que le permiti\u00f3 ganancias a Guzm\u00e1n Loera por 700 millones de d\u00f3lares mensuales.<\/p>\n<p>La decisi\u00f3n adoptada por el juez Rivera L\u00f3pez no implica necesariamente la luz verde para la extradici\u00f3n y establece que salvo que el delincuente se allane a la demanda, pues ahora esta opini\u00f3n del juez ser\u00e1 turnada a la Secretar\u00eda de Relaciones Exteriores (SRE), que tiene 20 d\u00edas para emitir su resoluci\u00f3n.<\/p>\n<p>Ahora, es la SRE la que tiene la palabra para dar la autorizaci\u00f3n y que se cumpla el traslado.<\/p>\n<p>Los estadunidenses reclaman a \u201cEl Chapo\u201d por los cargos de asociaci\u00f3n delictuosa, delincuencia organizada, posesi\u00f3n e importaci\u00f3n de coca\u00edna, \u201clavado\u201d de dinero, homicidio y posesi\u00f3n de armas de fuego, y por todos ellos har\u00edan un solo juicio por econom\u00eda procesal.<\/p>\n<p>M\u00e9xico espera que los abogados de \u201cEl Chapo\u201d comuniquen por escrito que no desean litigar m\u00e1s en contra de la entrega de su cliente a Estados Unidos y que aceptan voluntariamente el traslado, pero el defensor que lleva ese tr\u00e1mite ha dicho que no lo har\u00e1 hasta que haya negociado satisfactoriamente con el Departamento de Justicia estadunidense.<\/p>\n<p>&nbsp;<\/p>\n","protected":false},"excerpt":{"rendered":"<p>El Consejo de la Judicatura Federal dio a conocer los pormenores emitidos de un juez sobre la procedencia de la extradici\u00f3n a Estados Unidos de Joaqu\u00edn \u201cEl Chapo\u201d Guzm\u00e1n. Funda su dictamen en el que a su vez formul\u00f3 el juez Tercero de Distrito de Procesos Penales Federales, Adri\u00e1n Rivera L\u00f3pez, que concluye que es preciso entregar al \u201ccapo\u201d, \u00fanicamente por el cargo de asociaci\u00f3n delictuosa, por importar y poseer coca\u00edna, con la intenci\u00f3n de distribuirla.<\/p>\n","protected":false},"author":3,"featured_media":268528,"comment_status":"open","ping_status":"open","sticky":false,"template":"","format":"standard","meta":{"_monsterinsights_skip_tracking":false,"_monsterinsights_sitenote_active":false,"_monsterinsights_sitenote_note":"","_monsterinsights_sitenote_category":0,"footnotes":""},"categories":[7],"tags":[6821,2765,9552,43677],"class_list":["post-268478","post","type-post","status-publish","format-standard","has-post-thumbnail","hentry","category-seguridad","tag-extradicion","tag-joaquin-el-chapo-guzman-loera","tag-judicatura","tag-seguridad"],"_links":{"self":[{"href":"https:\/\/www.diarioimagen.net\/index.php?rest_route=\/wp\/v2\/posts\/268478","targetHints":{"allow":["GET"]}}],"collection":[{"href":"https:\/\/www.diarioimagen.net\/index.php?rest_route=\/wp\/v2\/posts"}],"about":[{"href":"https:\/\/www.diarioimagen.net\/index.php?rest_route=\/wp\/v2\/types\/post"}],"author":[{"embeddable":true,"href":"https:\/\/www.diarioimagen.net\/index.php?rest_route=\/wp\/v2\/users\/3"}],"replies":[{"embeddable":true,"href":"https:\/\/www.diarioimagen.net\/index.php?rest_route=%2Fwp%2Fv2%2Fcomments&post=268478"}],"version-history":[{"count":0,"href":"https:\/\/www.diarioimagen.net\/index.php?rest_route=\/wp\/v2\/posts\/268478\/revisions"}],"wp:featuredmedia":[{"embeddable":true,"href":"https:\/\/www.diarioimagen.net\/index.php?rest_route=\/wp\/v2\/media\/268528"}],"wp:attachment":[{"href":"https:\/\/www.diarioimagen.net\/index.php?rest_route=%2Fwp%2Fv2%2Fmedia&parent=268478"}],"wp:term":[{"taxonomy":"category","embeddable":true,"href":"https:\/\/www.diarioimagen.net\/index.php?rest_route=%2Fwp%2Fv2%2Fcategories&post=268478"},{"taxonomy":"post_tag","embeddable":true,"href":"https:\/\/www.diarioimagen.net\/index.php?rest_route=%2Fwp%2Fv2%2Ftags&post=268478"}],"curies":[{"name":"wp","href":"https:\/\/api.w.org\/{rel}","templated":true}]}}