{"id":268490,"date":"2016-05-10T00:05:53","date_gmt":"2016-05-10T05:05:53","guid":{"rendered":"http:\/\/www.diarioimagen.net\/?p=268490"},"modified":"2016-05-10T23:49:47","modified_gmt":"2016-05-11T04:49:47","slug":"llama-osorio-a-sumar-apoyos-contra-inseguridad","status":"publish","type":"post","link":"https:\/\/www.diarioimagen.net\/?p=268490","title":{"rendered":"Llama Osorio a sumar apoyos contra inseguridad"},"content":{"rendered":"<ul>\n<li><strong><em>Encabeza instalaci\u00f3n de la Red \u201cEscudo Yucat\u00e1n\u201d<\/em><\/strong><\/li>\n<\/ul>\n<p>&nbsp;<\/p>\n<div id=\"attachment_268553\" style=\"width: 430px\" class=\"wp-caption aligncenter\"><a href=\"http:\/\/www.diarioimagen.net\/?attachment_id=268553\" rel=\"attachment wp-att-268553\"><img loading=\"lazy\" decoding=\"async\" aria-describedby=\"caption-attachment-268553\" class=\"size-large wp-image-268553\" src=\"http:\/\/www.diarioimagen.net\/wp-content\/uploads\/2016\/05\/osorio-chong-2863-420x236.jpg\" alt=\"Migue \u00c1ngel Osorio Chong afirm\u00f3 que \u201cEscudo Yucat\u00e1n\u201d ser\u00e1 un modelo nacional y se buscar\u00e1 extenderlo en todos el pa\u00eds para que se lleven a cabo medidas preventivas de seguridad.\" width=\"420\" height=\"236\" srcset=\"https:\/\/www.diarioimagen.net\/wp-content\/uploads\/2016\/05\/osorio-chong-2863-420x236.jpg 420w, https:\/\/www.diarioimagen.net\/wp-content\/uploads\/2016\/05\/osorio-chong-2863-240x135.jpg 240w, https:\/\/www.diarioimagen.net\/wp-content\/uploads\/2016\/05\/osorio-chong-2863-235x132.jpg 235w, https:\/\/www.diarioimagen.net\/wp-content\/uploads\/2016\/05\/osorio-chong-2863-202x114.jpg 202w, https:\/\/www.diarioimagen.net\/wp-content\/uploads\/2016\/05\/osorio-chong-2863-350x196.jpg 350w, https:\/\/www.diarioimagen.net\/wp-content\/uploads\/2016\/05\/osorio-chong-2863-220x123.jpg 220w, https:\/\/www.diarioimagen.net\/wp-content\/uploads\/2016\/05\/osorio-chong-2863-237x132.jpg 237w, https:\/\/www.diarioimagen.net\/wp-content\/uploads\/2016\/05\/osorio-chong-2863.jpg 480w\" sizes=\"auto, (max-width: 420px) 100vw, 420px\" \/><\/a><p id=\"caption-attachment-268553\" class=\"wp-caption-text\">Migue \u00c1ngel Osorio Chong afirm\u00f3 que \u201cEscudo Yucat\u00e1n\u201d ser\u00e1 un modelo nacional y se buscar\u00e1 extenderlo en todos el pa\u00eds para que se lleven a cabo medidas preventivas de seguridad.<\/p><\/div>\n<p>&nbsp;<\/p>\n<p>El secretario de Gobernaci\u00f3n, Miguel Angel Osorio Chong, encabez\u00f3 la instalaci\u00f3n de la Red \u201cEscudo Yucat\u00e1n\u201d, conformada por asociaciones civiles, universidades y organismos empresariales.<\/p>\n<p>El proyecto, \u00fanico hasta ahora en el pa\u00eds, est\u00e1 encaminado a fortalecer la prevenci\u00f3n del delito y fortalecer la seguridad p\u00fablica en el estado.<\/p>\n<p>En el Centro de Convenciones Siglo XXI, acompa\u00f1ado del gobernador Rolando Zapata Bello, destac\u00f3 las bondades de incluir a la sociedad en su conjunto en la toma de decisiones encaminadas a fortalecer la cultura de la paz y la participaci\u00f3n ciudadana en el tema de seguridad p\u00fablica.<\/p>\n<p>Reconoci\u00f3 que sin la participaci\u00f3n e involucramiento de la sociedad en un tema tan sensible como es la seguridad p\u00fablica, ser\u00e1 complicado alcanzar el cambio y los resultados que el pa\u00eds requiere en esa materia.<\/p>\n<p>\u201cSin la aportaci\u00f3n de la sociedad no vamos a lograr m\u00e1s que tener en calma una plaza, un pol\u00edgono, una regi\u00f3n y despu\u00e9s nos volveremos a ver unos a otros porque se nos descompuso y no hicimos lo que ten\u00edamos que hacer para garantizar esa calma en los pr\u00f3ximos cinco, 10 \u00f3 20 a\u00f1os\u201d, a\u00f1adi\u00f3.<\/p>\n<p>El funcionario federal resalt\u00f3 que en Yucat\u00e1n hoy se est\u00e1 dando un ejemplo del paso que tiene que darse de la mano de la sociedad y que debe replicarse en otros estados del pa\u00eds.<\/p>\n<p>Esta entidad, pese a ser uno de los estados con menor \u00edndice de criminalidad, secuestros y robo de veh\u00edculos, su gobierno determin\u00f3 aumentar el n\u00famero de c\u00e1maras de vigilancia de 600 a mil 800 en todo el estado, las patrullas y tener una comunicaci\u00f3n con todos los cuerpos de seguridad.<\/p>\n<p>\u201cEn este a\u00f1o, Yucat\u00e1n s\u00f3lo registr\u00f3 un secuestro que se resolvi\u00f3 en unas horas, pero se entendi\u00f3 que no hay que esperar que eso suceda nuevamente, hay que impedirlo con medidas preventivas para el presente y el futuro\u201d.<\/p>\n<p>Asegur\u00f3 que una de las mayores fortalezas de este programa es la participaci\u00f3n ciudadana, pues \u201cEscudo Yucat\u00e1n\u201d es un proyecto desarrollado de la mano y con las opiniones y sugerencias de la sociedad yucateca.<\/p>\n<p>\u201cAntes hab\u00eda autoridades reactivas haciendo su labor en el tema de la seguridad, pero dispersas, las autoridades municipales, estatales, incluso federales, hac\u00edan un gran esfuerzo pero cada quien con su estrategia y con su propia direcci\u00f3n\u201d.<\/p>\n<p>\u201cHab\u00eda grupos de la delincuencia organizada perfectamente organizados e incluso vinculados entre unos y otros, l\u00edderes de la delincuencia retando a la autoridad en videos en acciones o en enfrentamientos directos con las autoridades\u201d, se\u00f1al\u00f3.<\/p>\n<p>Es decir, ten\u00edamos autoridades comprometidas, pero no coordinadas, y sobre todo una sociedad mexicana que s\u00f3lo ve\u00eda la acci\u00f3n de las autoridades, pero que nunca hab\u00eda sido llamada a participar en la toma de decisiones en asuntos de gran inter\u00e9s para todos y todas, que es su propia seguridad.<\/p>\n<p><strong><br \/>\n<\/strong><\/p>\n<p>&nbsp;<\/p>\n","protected":false},"excerpt":{"rendered":"<p>El secretario de Gobernaci\u00f3n, Miguel Angel Osorio Chong, encabez\u00f3 la instalaci\u00f3n de la Red \u201cEscudo Yucat\u00e1n\u201d, conformada por asociaciones civiles, universidades y organismos empresariales. El proyecto, \u00fanico hasta ahora en el pa\u00eds, est\u00e1 encaminado a fortalecer la prevenci\u00f3n del delito y fortalecer la seguridad p\u00fablica en el estado.<\/p>\n","protected":false},"author":3,"featured_media":268553,"comment_status":"open","ping_status":"open","sticky":false,"template":"","format":"standard","meta":{"_monsterinsights_skip_tracking":false,"_monsterinsights_sitenote_active":false,"_monsterinsights_sitenote_note":"","_monsterinsights_sitenote_category":0,"footnotes":""},"categories":[3],"tags":[1803,3676,43673],"class_list":["post-268490","post","type-post","status-publish","format-standard","has-post-thumbnail","hentry","category-nacional","tag-inseguridad","tag-miguel-angel-osorio-chong","tag-nacional"],"_links":{"self":[{"href":"https:\/\/www.diarioimagen.net\/index.php?rest_route=\/wp\/v2\/posts\/268490","targetHints":{"allow":["GET"]}}],"collection":[{"href":"https:\/\/www.diarioimagen.net\/index.php?rest_route=\/wp\/v2\/posts"}],"about":[{"href":"https:\/\/www.diarioimagen.net\/index.php?rest_route=\/wp\/v2\/types\/post"}],"author":[{"embeddable":true,"href":"https:\/\/www.diarioimagen.net\/index.php?rest_route=\/wp\/v2\/users\/3"}],"replies":[{"embeddable":true,"href":"https:\/\/www.diarioimagen.net\/index.php?rest_route=%2Fwp%2Fv2%2Fcomments&post=268490"}],"version-history":[{"count":0,"href":"https:\/\/www.diarioimagen.net\/index.php?rest_route=\/wp\/v2\/posts\/268490\/revisions"}],"wp:featuredmedia":[{"embeddable":true,"href":"https:\/\/www.diarioimagen.net\/index.php?rest_route=\/wp\/v2\/media\/268553"}],"wp:attachment":[{"href":"https:\/\/www.diarioimagen.net\/index.php?rest_route=%2Fwp%2Fv2%2Fmedia&parent=268490"}],"wp:term":[{"taxonomy":"category","embeddable":true,"href":"https:\/\/www.diarioimagen.net\/index.php?rest_route=%2Fwp%2Fv2%2Fcategories&post=268490"},{"taxonomy":"post_tag","embeddable":true,"href":"https:\/\/www.diarioimagen.net\/index.php?rest_route=%2Fwp%2Fv2%2Ftags&post=268490"}],"curies":[{"name":"wp","href":"https:\/\/api.w.org\/{rel}","templated":true}]}}