{"id":268760,"date":"2016-05-11T00:07:57","date_gmt":"2016-05-11T05:07:57","guid":{"rendered":"http:\/\/www.diarioimagen.net\/?p=268760"},"modified":"2016-05-11T06:20:30","modified_gmt":"2016-05-11T11:20:30","slug":"mas-pobreza-en-oaxaca-2","status":"publish","type":"post","link":"https:\/\/www.diarioimagen.net\/?p=268760","title":{"rendered":"M\u00e1s pobreza en Oaxaca"},"content":{"rendered":"<h2>Punto por punto<\/h2>\n<h5>Augusto Corro<\/h5>\n<p>&nbsp;<\/p>\n<p>\u00bfAlguien se ocupar\u00e1 de frenar la pobreza en Oaxaca?<\/p>\n<p>Suponemos que nadie.<\/p>\n<p>El desfile de gobernadores en el poder s\u00f3lo atendi\u00f3 sus ambiciones de enriquecimiento.<\/p>\n<p>Con sus respectivas excepciones tienen en sus cuentas bancarias y en sus propiedades inmobiliarias, las pruebas irrefutables de su riqueza mal habida.<\/p>\n<p>Gabino Cu\u00e9, el mandatario actual, no quiso quedarse atr\u00e1s y sigui\u00f3 el camino de sus antecesores.<\/p>\n<p>Ya la Auditor\u00eda Superior de la Federaci\u00f3n (ASF) encontr\u00f3 desv\u00edos en la administraci\u00f3n de Cu\u00e9, que rebasan los 8 mil millones de pesos.<\/p>\n<p>Tiene que comprobarse el uso de esos recursos p\u00fablicos o regresarlo a las arcas de donde fue tomado.<\/p>\n<p>Sin embargo, de acuerdo con la experiencia de otras entidades y lo que en el mismo Oaxaca ocurri\u00f3, el saqueo al erario no se castiga.<\/p>\n<p>Apenas la semana pasada, en este espacio nos referimos a la riqueza mal habida de los pol\u00edticos. En Oaxaca, saturada de esc\u00e1ndalos pol\u00edticos, se inform\u00f3 que Jorge Castillo D\u00edaz, operador pol\u00edtico de Cu\u00e9, tiene una cuenta bancaria en el Broadway Bank de Estados Unidos, con un saldo de 24 millones de d\u00f3lares.<\/p>\n<p>En fin, el mandatario se encuentra a meses de dejar el poder y dedicarse a disfrutar su fortuna como lo hacen Jos\u00e9 Murat, Ulises Ruiz\u00a0 Ortiz y Di\u00f3doro Carrasco.<\/p>\n<p style=\"text-align: center;\"><b>SE AGUDIZ\u00d3\u00a0<\/b><b>LA MISERIA<\/b><\/p>\n<p>Las acusaciones contra Murat, Ruiz y Carrasco no son parte de la campa\u00f1a pol\u00edtica que se vive en las tierras oaxaque\u00f1as.<\/p>\n<p>Esos ex gobernadores fueron denunciados oportunamente del delito de enriquecimiento inexplicable, pero nadie se interes\u00f3 en llamarlos a rendir cuentas.<\/p>\n<p>Ahora, Alejandro Murat, hijo de Jos\u00e9, es el abanderado pri\u00edsta en busca de la gubernatura.<\/p>\n<p>Ese tricolor inici\u00f3 mal su lucha por el poder en Oaxaca: no es oaxaque\u00f1o, el pol\u00edtico naci\u00f3 en el Estado de M\u00e9xico y tampoco cumpli\u00f3 con los requisitos de residencia en la entidad para participar como candidato.<\/p>\n<p>Si de entrada viol\u00f3 la ley, los oaxaque\u00f1os ya sabr\u00e1n que les espera si Alejandro gana las elecciones.<\/p>\n<p>En fin, los mandatarios estatales, incluido Cu\u00e9, llevaron a Oaxaca a una situaci\u00f3n de pobreza extrema.<\/p>\n<p>Sobre este rengl\u00f3n, los estudios m\u00e1s actualizados sobre la miseria, mostraron lo siguiente:<\/p>\n<p>Dos de cada tres personas viven en pobreza. (En esta condici\u00f3n se encuentran 2 millones 662 mil 700 habitantes del estado).<\/p>\n<p>En pobreza extrema se cuenta a un mill\u00f3n 130 mil oaxaque\u00f1os. Oaxaca pas\u00f3 a ocupar el segundo lugar con mayor n\u00famero de habitantes pobres. El primero es Guerrero.<\/p>\n<p>De ah\u00ed, que las\u00a0 huelgas y paros de maestros sean tan criticados por los padres de familia en aquella entidad.<\/p>\n<p>La educaci\u00f3n es fundamental para superar la miseria, pero ni autoridades ni maestros tienen alg\u00fan inter\u00e9s por solucionar los conflictos magisteriales.<\/p>\n<p>As\u00ed, los alumnos de educaci\u00f3n primaria y secundaria, se quedan largas temporadas sin clases, con los respectivos efectos da\u00f1inos a la preparaci\u00f3n escolar.<\/p>\n<p>As\u00ed pues, en Oaxaca los problemas son m\u00faltiples y sin soluci\u00f3n. Los candidatos de los partidos pol\u00edticos que buscan la gubernatura no ofrecen ninguna esperanza de progreso. Las credenciales que presentan para ocupar el poder no los ayudan. Sus antecedentes familiares y pol\u00edticos no los avalan. El resultado de lo que ocurra en Oaxaca ya se adivina: m\u00e1s oaxaque\u00f1os pobres.<\/p>\n<p style=\"text-align: center;\"><b>QUE NO BUSCAR\u00c1 CUARTA CANDIDATURA<\/b><\/p>\n<p>El ingeniero Cuauht\u00e9moc C\u00e1rdenas Sol\u00f3rzano dijo que no participar\u00e1 en la contienda electoral de 2018.<\/p>\n<p>El michoacano busc\u00f3 tres veces la Presidencia de la Rep\u00fablica, como representante de la llamada izquierda mexicana. En la primera oportunidad se habl\u00f3 de su triunfo frente a Carlos Salinas de Gortari, pero no supo defenderlo.<\/p>\n<p>Sigui\u00f3 en la lucha pol\u00edtica al frente del Partido de la Revoluci\u00f3n Democr\u00e1tica (PRD), del cual fue fundador, pero le fue mal. Su \u00fanico triunfo considerable fue ganar el gobierno del Distrito Federal.<\/p>\n<p>Desilusionado de su partido, del que fue l\u00edder moral, renunci\u00f3 ante la alegr\u00eda de \u201cLos Chuchos\u201d, el grupo dominante en el PRD.<\/p>\n<p>Ahora, C\u00e1rdenas Sol\u00f3rzano encabeza una organizaci\u00f3n denominada \u201cPor M\u00e9xico Hoy\u201d que busca la reconstrucci\u00f3n de las relaciones con la sociedad, \u201cpues la gente est\u00e1 harta de la corrupci\u00f3n, de los privilegios de la clase pol\u00edtica y el momento de superar ese divorcio\u201d.<\/p>\n<p>En realidad, no sabemos c\u00f3mo podr\u00e1 alcanzar sus metas el ingeniero, pues con todo el poder del PRD no pudo hacer cambios importantes en M\u00e9xico.<\/p>\n<p>Con su organizaci\u00f3n \u201cPor M\u00e9xico Hoy\u201d, sin participaci\u00f3n electoral ser\u00e1 imposible la realizaci\u00f3n de sus sue\u00f1os.<\/p>\n<p>En su momento, C\u00e1rdenas Sol\u00f3rzano tuvo la oportunidad de darle un nuevo rumbo a M\u00e9xico; hoy es demasiado tarde.<\/p>\n<p><em><a href=\"mailto:aco2742@hotmail.com\" target=\"_blank\">aco2742@hotmail.com<\/a><\/em><\/p>\n","protected":false},"excerpt":{"rendered":"<p><span style=\"color: #005497;\"><strong>Augusto Corro<\/strong><\/span><\/p>\n","protected":false},"author":1,"featured_media":0,"comment_status":"open","ping_status":"open","sticky":false,"template":"","format":"standard","meta":{"_monsterinsights_skip_tracking":false,"_monsterinsights_sitenote_active":false,"_monsterinsights_sitenote_note":"","_monsterinsights_sitenote_category":0,"footnotes":""},"categories":[157],"tags":[43686,43674,11515],"class_list":["post-268760","post","type-post","status-publish","format-standard","hentry","category-augusto-corro","tag-augusto-corro","tag-opinion","tag-punto-por-punto"],"_links":{"self":[{"href":"https:\/\/www.diarioimagen.net\/index.php?rest_route=\/wp\/v2\/posts\/268760","targetHints":{"allow":["GET"]}}],"collection":[{"href":"https:\/\/www.diarioimagen.net\/index.php?rest_route=\/wp\/v2\/posts"}],"about":[{"href":"https:\/\/www.diarioimagen.net\/index.php?rest_route=\/wp\/v2\/types\/post"}],"author":[{"embeddable":true,"href":"https:\/\/www.diarioimagen.net\/index.php?rest_route=\/wp\/v2\/users\/1"}],"replies":[{"embeddable":true,"href":"https:\/\/www.diarioimagen.net\/index.php?rest_route=%2Fwp%2Fv2%2Fcomments&post=268760"}],"version-history":[{"count":0,"href":"https:\/\/www.diarioimagen.net\/index.php?rest_route=\/wp\/v2\/posts\/268760\/revisions"}],"wp:attachment":[{"href":"https:\/\/www.diarioimagen.net\/index.php?rest_route=%2Fwp%2Fv2%2Fmedia&parent=268760"}],"wp:term":[{"taxonomy":"category","embeddable":true,"href":"https:\/\/www.diarioimagen.net\/index.php?rest_route=%2Fwp%2Fv2%2Fcategories&post=268760"},{"taxonomy":"post_tag","embeddable":true,"href":"https:\/\/www.diarioimagen.net\/index.php?rest_route=%2Fwp%2Fv2%2Ftags&post=268760"}],"curies":[{"name":"wp","href":"https:\/\/api.w.org\/{rel}","templated":true}]}}