{"id":268767,"date":"2016-05-11T00:04:14","date_gmt":"2016-05-11T05:04:14","guid":{"rendered":"http:\/\/www.diarioimagen.net\/?p=268767"},"modified":"2016-05-11T06:26:58","modified_gmt":"2016-05-11T11:26:58","slug":"vigencia-de-juarez","status":"publish","type":"post","link":"https:\/\/www.diarioimagen.net\/?p=268767","title":{"rendered":"Vigencia de Ju\u00e1rez"},"content":{"rendered":"<h2>Desde el portal<\/h2>\n<h5>\u00c1ngel Soriano<\/h5>\n<p>&nbsp;<\/p>\n<p>Frente a quienes pretendieron mandar al archivo de la historia el apotegma juarista, el presidente Enrique Pe\u00f1a Nieto record\u00f3 en Rosarito, BC, ante el proceso electoral del vecino pa\u00eds, que: \u201cEntre las naciones como entre los individuos, el respeto al derecho ajeno es la paz\u201d.<\/p>\n<p>A unos kil\u00f3metros del \u201csue\u00f1o americano\u201d, el jefe de la naci\u00f3n indic\u00f3: Para el gobierno de M\u00e9xico, el proceso electoral que se sigue en Estados Unidos lo observamos y seremos respetuosos del mismo, no intervenimos en ese proceso, no habremos de meternos en los asuntos de otros como tampoco habremos de permitir que otra naci\u00f3n, ni Estados Unidos ni otra, intervenga en los procesos electorales de nuestro pa\u00eds.<\/p>\n<p>Expres\u00f3 su desacuerdo con los posicionamientos discriminatorios emitidos por algunos aspirantes a la candidatura presidencial, porque lastiman la relaci\u00f3n bilateral, y de lo que s\u00ed se va a ocupar su administraci\u00f3n, es de velar por los intereses de los mexicanos que est\u00e1n en Estados Unidos, para que tengan acceso pleno a sus derechos pol\u00edticos y que los ejerzan.<\/p>\n<p>El gobierno de la Republica buscar\u00e1 con quien resulte electo presidenta o presidente de EU, seguir teniendo una relaci\u00f3n constructiva para lograr que Norteam\u00e9rica sea una regi\u00f3n m\u00e1s productiva y competitiva, que depare a sus sociedades condiciones de mayor bienestar y quienes pretendan aislarse me parece que optan por una v\u00eda equivocada. Hoy, somos parte de una comunidad global donde las fronteras se reducen.<\/p>\n<p>Destac\u00f3 que al 2015 el intercambio comercial con Estados Unidos ascendi\u00f3 a m\u00e1s de 550 mil millones de d\u00f3lares, un mill\u00f3n de d\u00f3lares por minuto.<\/p>\n<p style=\"text-align: center;\"><b>TURBULENCIAS<br \/>\n<\/b><b>Escuela de verano;\u00a0<\/b><b>fin del paro en IPN<\/b><\/p>\n<p>En Aguascalientes, donde ratific\u00f3 a los maestros de la CNTE que si van al paro el 15 de mayo se les descontar\u00e1 el d\u00eda y al cuarto perder\u00e1n la plaza, el titular de la SEP, Aurelio Nu\u00f1o, anunci\u00f3 que en el pr\u00f3ximo periodo vacacional iniciar\u00e1 la Escuela de Verano en Educaci\u00f3n B\u00e1sica -\u201cpara que se diviertan y aprendan\u201d- a la vez que dio a conocer su benepl\u00e1cito por los acuerdos alcanzados entre el director del IPN, Enrique Fern\u00e1ndez Fassnacht y las 10 vocacionales en paro que hoy reanudan actividades. \u201cMe interesa reunirme con la comunidad polit\u00e9cnica\u201d, dijo Nu\u00f1o, al indicar que ahora s\u00ed hay di\u00e1logo una vez que levantaron el paro asegurando el semestre\u2026En tanto, en el Istmo de Tehuantepec, la Polic\u00eda Federal en un operativo coordinado con las polic\u00edas locales detuvo al l\u00edder de la secci\u00f3n 22 en la regi\u00f3n, Heriberto Magari\u00f1o L\u00f3pez, acusado de diversos delitos federales y del fuero com\u00fan, y su detenci\u00f3n se realiz\u00f3 como parte de las 26 \u00f3rdenes de aprehensi\u00f3n vigentes contra dirigentes del magisterio oaxaque\u00f1o\u202624 alumnos de la Facultad de Ingenier\u00eda de la Universidad Aut\u00f3noma del Estado de M\u00e9xico obtuvieron el primer lugar general en el Concurso Estudiantil de Puentes de Acero, organizado en la regi\u00f3n Texas-M\u00e9xico, por la American Society of Civil Engineers (ASCE); coordinados por el profesor Fernando Vera Noguez, representar\u00e1n a la Facultad, la UAEM y a M\u00e9xico en la etapa nacional de este certamen que re\u00fane a representativos de distintas universidades de Estados Unidos y otros pa\u00edses. El capit\u00e1n del Equipo Puentes de Acero UAEM\u00e9x 2016, H\u00e9ctor Mario Cort\u00e9s Varela, refiri\u00f3 que en la competencia a la que asistieron el pasado mes de abril y que tuvo como sede la ciudad de Lubbock, Texas, Estados Unidos, consiguieron excelentes resultados.<\/p>\n<p><em><a href=\"http:\/\/www.revista-brecha.com\/\" target=\"_blank\">www.revista-brecha.com<br \/>\n<\/a><a href=\"mailto:asorianodesdelportalo@hotmail.com\" target=\"_blank\">asorianodesdelportalo@hotmail.com<\/a><\/em><\/p>\n","protected":false},"excerpt":{"rendered":"<p><span style=\"color: #005497;\"><strong>\u00c1ngel Soriano<\/strong><\/span><\/p>\n","protected":false},"author":1,"featured_media":0,"comment_status":"open","ping_status":"open","sticky":false,"template":"","format":"standard","meta":{"_monsterinsights_skip_tracking":false,"_monsterinsights_sitenote_active":false,"_monsterinsights_sitenote_note":"","_monsterinsights_sitenote_category":0,"footnotes":""},"categories":[135],"tags":[85,86,43674],"class_list":["post-268767","post","type-post","status-publish","format-standard","hentry","category-angel-soriano-opinion","tag-angel-soriano","tag-desde-el-portal","tag-opinion"],"_links":{"self":[{"href":"https:\/\/www.diarioimagen.net\/index.php?rest_route=\/wp\/v2\/posts\/268767","targetHints":{"allow":["GET"]}}],"collection":[{"href":"https:\/\/www.diarioimagen.net\/index.php?rest_route=\/wp\/v2\/posts"}],"about":[{"href":"https:\/\/www.diarioimagen.net\/index.php?rest_route=\/wp\/v2\/types\/post"}],"author":[{"embeddable":true,"href":"https:\/\/www.diarioimagen.net\/index.php?rest_route=\/wp\/v2\/users\/1"}],"replies":[{"embeddable":true,"href":"https:\/\/www.diarioimagen.net\/index.php?rest_route=%2Fwp%2Fv2%2Fcomments&post=268767"}],"version-history":[{"count":0,"href":"https:\/\/www.diarioimagen.net\/index.php?rest_route=\/wp\/v2\/posts\/268767\/revisions"}],"wp:attachment":[{"href":"https:\/\/www.diarioimagen.net\/index.php?rest_route=%2Fwp%2Fv2%2Fmedia&parent=268767"}],"wp:term":[{"taxonomy":"category","embeddable":true,"href":"https:\/\/www.diarioimagen.net\/index.php?rest_route=%2Fwp%2Fv2%2Fcategories&post=268767"},{"taxonomy":"post_tag","embeddable":true,"href":"https:\/\/www.diarioimagen.net\/index.php?rest_route=%2Fwp%2Fv2%2Ftags&post=268767"}],"curies":[{"name":"wp","href":"https:\/\/api.w.org\/{rel}","templated":true}]}}