{"id":268801,"date":"2016-05-12T00:09:52","date_gmt":"2016-05-12T05:09:52","guid":{"rendered":"http:\/\/www.diarioimagen.net\/?p=268801"},"modified":"2016-05-12T03:46:59","modified_gmt":"2016-05-12T08:46:59","slug":"estado-debe-recuperar-rectoria-educativa-dice-nuno-mayer","status":"publish","type":"post","link":"https:\/\/www.diarioimagen.net\/?p=268801","title":{"rendered":"El Estado debe recuperar rector\u00eda educativa: Nu\u00f1o"},"content":{"rendered":"<ul>\n<li><strong><em>Reuni\u00f3n con gobernadores de zona occidente<\/em><\/strong><\/li>\n<\/ul>\n<p>&nbsp;<\/p>\n<div id=\"attachment_268803\" style=\"width: 430px\" class=\"wp-caption aligncenter\"><a href=\"http:\/\/www.diarioimagen.net\/?attachment_id=268803\" rel=\"attachment wp-att-268803\"><img loading=\"lazy\" decoding=\"async\" aria-describedby=\"caption-attachment-268803\" class=\"wp-image-268803 size-large\" src=\"http:\/\/www.diarioimagen.net\/wp-content\/uploads\/2016\/05\/NU\u00d1O12-portal-1-420x236.jpg\" alt=\"Aurelio Nu\u00f1o Mayer se\u00f1al\u00f3 ante gobernadores de la zona occidente que es fundamental recuperar la rector\u00eda del Estado en materia educativa.\" width=\"420\" height=\"236\" srcset=\"https:\/\/www.diarioimagen.net\/wp-content\/uploads\/2016\/05\/NU\u00d1O12-portal-1-420x236.jpg 420w, https:\/\/www.diarioimagen.net\/wp-content\/uploads\/2016\/05\/NU\u00d1O12-portal-1-240x135.jpg 240w, https:\/\/www.diarioimagen.net\/wp-content\/uploads\/2016\/05\/NU\u00d1O12-portal-1-235x132.jpg 235w, https:\/\/www.diarioimagen.net\/wp-content\/uploads\/2016\/05\/NU\u00d1O12-portal-1-202x114.jpg 202w, https:\/\/www.diarioimagen.net\/wp-content\/uploads\/2016\/05\/NU\u00d1O12-portal-1-350x196.jpg 350w, https:\/\/www.diarioimagen.net\/wp-content\/uploads\/2016\/05\/NU\u00d1O12-portal-1-220x123.jpg 220w, https:\/\/www.diarioimagen.net\/wp-content\/uploads\/2016\/05\/NU\u00d1O12-portal-1-237x132.jpg 237w, https:\/\/www.diarioimagen.net\/wp-content\/uploads\/2016\/05\/NU\u00d1O12-portal-1.jpg 480w\" sizes=\"auto, (max-width: 420px) 100vw, 420px\" \/><\/a><p id=\"caption-attachment-268803\" class=\"wp-caption-text\">Aurelio Nu\u00f1o Mayer se\u00f1al\u00f3 ante gobernadores de la zona occidente que es fundamental recuperar la rector\u00eda del Estado en materia educativa.<\/p><\/div>\n<p>&nbsp;<\/p>\n<p>Para desterrar viejas pr\u00e1cticas, como la compra y herencia de plazas es fundamental recuperar la rector\u00eda del Estado en materia educativa, afirma Aurelio Nu\u00f1o Mayer, secretario de Educaci\u00f3n P\u00fablica.<\/p>\n<p>Durante la reuni\u00f3n del Grupo de Coordinaci\u00f3n Regional Zona Occidente de la Conferencia Nacional de Gobernadores (Conago), el funcionario federal se\u00f1al\u00f3 que si bien todos tienen derecho a manifestarse, a lo que no tiene derecho es a dejar a los ni\u00f1os sin clases.<\/p>\n<p>Ante los gobernadores de Quer\u00e9taro, Colima, Aguascalientes, Michoac\u00e1n, Zacatecas, Nayarit, San Luis Potos\u00ed, Guanajuato y Jalisco, Nu\u00f1o coment\u00f3 que esas son pr\u00e1cticas que se ir\u00e1n desterrando al tiempo que el Estado vaya recuperando la rector\u00eda en materia educativa.<\/p>\n<p>Manifest\u00f3 que ese tema y otros ser\u00e1n analizados durante la segunda reuni\u00f3n del Grupo de Coordinaci\u00f3n Regional Zona Occidente de la Conago.<\/p>\n<p>El segundo tema de la transformaci\u00f3n educativa consiste en crear un nuevo modelo de escuela en M\u00e9xico, con una organizaci\u00f3n mucho m\u00e1s eficaz dando mayor autonom\u00eda de gesti\u00f3n, que permita un mejor aprovechamiento de la jornada escolar y detectar \u00e1reas de oportunidad en infraestructura.<\/p>\n<p>El tercer gran tema consiste en la profesionalizaci\u00f3n del magisterio, a trav\u00e9s de evaluaciones que permitan detectar qu\u00e9 se est\u00e1 haciendo bien y qu\u00e9 se puede mejorar.<\/p>\n<p>\u201cPor ello este a\u00f1o hemos aumentado de 200 millones de pesos a m\u00e1s de mil 800 millones de pesos para la capacitaci\u00f3n continua de los maestros\u201d, dijo Nu\u00f1o Mayer.<\/p>\n<p>Una cuarta gran transformaci\u00f3n, cuyo plan se estar\u00e1 presentando en las pr\u00f3ximas semanas, es la ruta para la actualizaci\u00f3n de planes y programas de estudio, es decir, que M\u00e9xico cuente con la pedagog\u00eda del siglo XXI.<\/p>\n<p>La quinta gran transformaci\u00f3n se refiere a un sistema educativo ciento por ciento incluyente, a fin de que todos los cambios puedan llegar con justicia a todos los mexicanos.<\/p>\n<p>Nu\u00f1o Mayer puso de manifiesto que esas transformaciones son las que habr\u00e1n de abordarse en la segunda reuni\u00f3n regional de la Conago, en el marco de la reforma educativa de corte federal.<\/p>\n","protected":false},"excerpt":{"rendered":"<p>Para desterrar viejas pr\u00e1cticas, como la compra y herencia de plazas es fundamental recuperar la rector\u00eda del Estado en materia educativa, afirma Aurelio Nu\u00f1o Mayer, secretario de Educaci\u00f3n P\u00fablica. Durante la reuni\u00f3n del Grupo de Coordinaci\u00f3n Regional Zona Occidente de la Conferencia Nacional de Gobernadores (Conago), el funcionario federal se\u00f1al\u00f3 que si bien todos tienen derecho a manifestarse, a lo que no tiene derecho es a dejar a los ni\u00f1os sin clases.<\/p>\n","protected":false},"author":5,"featured_media":268803,"comment_status":"open","ping_status":"open","sticky":false,"template":"","format":"standard","meta":{"_monsterinsights_skip_tracking":false,"_monsterinsights_sitenote_active":false,"_monsterinsights_sitenote_note":"","_monsterinsights_sitenote_category":0,"footnotes":""},"categories":[3],"tags":[30144,4277,1353,459],"class_list":["post-268801","post","type-post","status-publish","format-standard","has-post-thumbnail","hentry","category-nacional","tag-aurelio-nuno-mayer","tag-conago","tag-estado","tag-sep"],"_links":{"self":[{"href":"https:\/\/www.diarioimagen.net\/index.php?rest_route=\/wp\/v2\/posts\/268801","targetHints":{"allow":["GET"]}}],"collection":[{"href":"https:\/\/www.diarioimagen.net\/index.php?rest_route=\/wp\/v2\/posts"}],"about":[{"href":"https:\/\/www.diarioimagen.net\/index.php?rest_route=\/wp\/v2\/types\/post"}],"author":[{"embeddable":true,"href":"https:\/\/www.diarioimagen.net\/index.php?rest_route=\/wp\/v2\/users\/5"}],"replies":[{"embeddable":true,"href":"https:\/\/www.diarioimagen.net\/index.php?rest_route=%2Fwp%2Fv2%2Fcomments&post=268801"}],"version-history":[{"count":0,"href":"https:\/\/www.diarioimagen.net\/index.php?rest_route=\/wp\/v2\/posts\/268801\/revisions"}],"wp:featuredmedia":[{"embeddable":true,"href":"https:\/\/www.diarioimagen.net\/index.php?rest_route=\/wp\/v2\/media\/268803"}],"wp:attachment":[{"href":"https:\/\/www.diarioimagen.net\/index.php?rest_route=%2Fwp%2Fv2%2Fmedia&parent=268801"}],"wp:term":[{"taxonomy":"category","embeddable":true,"href":"https:\/\/www.diarioimagen.net\/index.php?rest_route=%2Fwp%2Fv2%2Fcategories&post=268801"},{"taxonomy":"post_tag","embeddable":true,"href":"https:\/\/www.diarioimagen.net\/index.php?rest_route=%2Fwp%2Fv2%2Ftags&post=268801"}],"curies":[{"name":"wp","href":"https:\/\/api.w.org\/{rel}","templated":true}]}}