{"id":268810,"date":"2016-05-12T00:03:16","date_gmt":"2016-05-12T05:03:16","guid":{"rendered":"http:\/\/www.diarioimagen.net\/?p=268810"},"modified":"2016-05-12T23:00:14","modified_gmt":"2016-05-13T04:00:14","slug":"ipn-urge-a-estudiantes-de-vocacional-5-regresar-a-clases","status":"publish","type":"post","link":"https:\/\/www.diarioimagen.net\/?p=268810","title":{"rendered":"Urge IPN a estudiantes de \u201cVocas\u201d regresar a clases"},"content":{"rendered":"<ul>\n<li><strong><em>Descartan uso de la fuerza p\u00fablica<\/em><\/strong><\/li>\n<\/ul>\n<p><strong>\u00a0<\/strong><\/p>\n<div id=\"attachment_268811\" style=\"width: 430px\" class=\"wp-caption aligncenter\"><a href=\"http:\/\/www.diarioimagen.net\/?attachment_id=268811\" rel=\"attachment wp-att-268811\"><img loading=\"lazy\" decoding=\"async\" aria-describedby=\"caption-attachment-268811\" class=\"wp-image-268811 size-large\" src=\"http:\/\/www.diarioimagen.net\/wp-content\/uploads\/2016\/05\/IPN12-portal-420x236.jpg\" alt=\"Enrique Fern\u00e1ndez Fassnacht urgi\u00f3 a los estudiantes de la Vocacional n\u00famero 5 a regresar a clases cuanto antes.\" width=\"420\" height=\"236\" srcset=\"https:\/\/www.diarioimagen.net\/wp-content\/uploads\/2016\/05\/IPN12-portal-420x236.jpg 420w, https:\/\/www.diarioimagen.net\/wp-content\/uploads\/2016\/05\/IPN12-portal-240x135.jpg 240w, https:\/\/www.diarioimagen.net\/wp-content\/uploads\/2016\/05\/IPN12-portal-235x132.jpg 235w, https:\/\/www.diarioimagen.net\/wp-content\/uploads\/2016\/05\/IPN12-portal-202x114.jpg 202w, https:\/\/www.diarioimagen.net\/wp-content\/uploads\/2016\/05\/IPN12-portal-350x196.jpg 350w, https:\/\/www.diarioimagen.net\/wp-content\/uploads\/2016\/05\/IPN12-portal-220x123.jpg 220w, https:\/\/www.diarioimagen.net\/wp-content\/uploads\/2016\/05\/IPN12-portal-237x132.jpg 237w, https:\/\/www.diarioimagen.net\/wp-content\/uploads\/2016\/05\/IPN12-portal.jpg 480w\" sizes=\"auto, (max-width: 420px) 100vw, 420px\" \/><\/a><p id=\"caption-attachment-268811\" class=\"wp-caption-text\">Enrique Fern\u00e1ndez Fassnacht urgi\u00f3 a los estudiantes de la Vocacional n\u00famero 5 a regresar a clases cuanto antes.<\/p><\/div>\n<p>&nbsp;<\/p>\n<p>El director general del Instituto Polit\u00e9cnico Nacional (IPN), Enrique Fern\u00e1ndez Fassnacht, urgi\u00f3 a los estudiantes de la Vocacional n\u00famero 5 regresar a clases para salvar el semestre.<\/p>\n<p>En conferencia de prensa, lament\u00f3 que los estudiantes no hayan cumplido con el acuerdo de reanudar sus actividades ayer y los exhort\u00f3 a honrar su palabra pues, a un mes de haber suspendido las labores escolares en ese centro, el riesgo de no poder concluir el semestre es inminente.<\/p>\n<p>En la Direcci\u00f3n General del Polit\u00e9cnico, el titular de esta casa de estudios, dijo que esa vocacional manifiesta abiertamente su poca disposici\u00f3n a cumplir con los acuerdos firmados el pasado 9 de mayo, en el que se comprometieron a reanudar las actividades acad\u00e9micas y administrativas.<\/p>\n<p>\u201cRegresar a clases es la posici\u00f3n justa y correcta, pues, a todos los que queremos la normalizaci\u00f3n de nuestras actividades nos asiste la raz\u00f3n legal, institucional y moral\u201d, puntualiz\u00f3 Fern\u00e1ndez Fasnnacht.<\/p>\n<p>Asimismo, invit\u00f3 a la comunidad del CECyT 5 y sus representantes, a reconsiderar su postura a la brevedad posible, a fin de salvar la posibilidad de concluir el actual semestre, sobre todo para aquellos que en breve tendr\u00e1n que ingresar al nivel superior en el Polit\u00e9cnico o a cualquier otra instituci\u00f3n de educaci\u00f3n superior.<\/p>\n<p>Fern\u00e1ndez Fassnacht reconoci\u00f3 a las comunidades de los CECyT 3 \u201cEstanislao Ram\u00edrez Ruiz\u201d, 8 \u201cNarciso Bassols\u201d y 14 \u201cLuis Enrique Erro\u201d, por honrar los elevados principios polit\u00e9cnicos y su palabra empe\u00f1ada al cumplir, sin cortapisa, con los acuerdos firmados la madrugada del pasado lunes y abrir sus respectivas instalaciones.<\/p>\n<p>\u201cEstoy cierto que los elevados principios y valores de la comunidad estudiantil polit\u00e9cnica est\u00e1n m\u00e1s all\u00e1 de nuestras diferencias y desencuentros. Nuestra fortaleza radica en reconocer nuestra diversidad y diferencias. Polit\u00e9cnicos, los convoco a retomar la normalidad de nuestras actividades\u201d, expres\u00f3.<\/p>\n<p>El director general invit\u00f3 a los estudiantes a respetar su palabra en prenda y a cumplir con los acuerdos de la mesa resolutiva del pasado domingo 8 y lunes 9 de mayo de 2016.<\/p>\n<p style=\"text-align: center;\"><strong>Riesgo de perder semestre, advierte Nu\u00f1o<\/strong><\/p>\n<p>Por su parte,\u00a0 el secretario de Educaci\u00f3n P\u00fablica, Aurelio Nu\u00f1o Mayer, lament\u00f3 que algunas escuelas del Instituto Polit\u00e9cnico Nacional (IPN), al parecer no hayan cumplido su palabra de regresar a clases, las cuales ahora est\u00e1n en riesgo de perder el semestre.<\/p>\n<p>En rueda de prensa, luego de los trabajos de la segunda reuni\u00f3n del Grupo de Coordinaci\u00f3n Regional Zona Occidente de la Conferencia Nacional de Gobernadores (Conago), el funcionario federal confi\u00f3 en que a la brevedad posible se regularice la situaci\u00f3n del IPN.<\/p>\n<p>\u201cParticularmente las escuelas del Polit\u00e9cnico que iniciaron el paro de labores el pasado 14 de abril y que hoy no reiniciaron clases, est\u00e1n en grave riesgo de perder el semestre\u201d, puntualiz\u00f3 el titular de la SEP.<\/p>\n<p>Nu\u00f1o Mayer hizo hincapi\u00e9 en que la consecuencia l\u00f3gica de esta situaci\u00f3n ser\u00e1 que los alumnos de vocacional que cursan el \u00faltimo semestre y pierdan el periodo, no podr\u00e1n ingresar este a\u00f1o a realizar sus estudios superiores.<\/p>\n<p>El funcionario del gobierno federal llam\u00f3 a cumplir la palabra empe\u00f1ada y regresar a clases para poder salvar el semestre interrumpido por paro de labores desde el 14 de abril.<\/p>\n<p>Por el contrario, Aurelio Nu\u00f1o Mayer felicit\u00f3 a los alumnos que regresaron a clases, tal como lo acordaron y firmaron en reuni\u00f3n llevada a cabo la madrugada del lunes pasado.<\/p>\n","protected":false},"excerpt":{"rendered":"<p>El director general del Instituto Polit\u00e9cnico Nacional (IPN), Enrique Fern\u00e1ndez Fassnacht, urgi\u00f3 a los estudiantes de la Vocacional n\u00famero 5 regresar a clases para salvar el semestre. En conferencia de prensa, lament\u00f3 que los estudiantes no hayan cumplido con el acuerdo de reanudar sus actividades ayer y los exhort\u00f3 a honrar su palabra pues, a un mes de haber suspendido las labores escolares en ese centro, el riesgo de no poder concluir el semestre es inminente.<\/p>\n","protected":false},"author":5,"featured_media":268811,"comment_status":"open","ping_status":"open","sticky":false,"template":"","format":"standard","meta":{"_monsterinsights_skip_tracking":false,"_monsterinsights_sitenote_active":false,"_monsterinsights_sitenote_note":"","_monsterinsights_sitenote_category":0,"footnotes":""},"categories":[3],"tags":[37172,314],"class_list":["post-268810","post","type-post","status-publish","format-standard","has-post-thumbnail","hentry","category-nacional","tag-enrique-fernandez-fassnacht","tag-ipn"],"_links":{"self":[{"href":"https:\/\/www.diarioimagen.net\/index.php?rest_route=\/wp\/v2\/posts\/268810","targetHints":{"allow":["GET"]}}],"collection":[{"href":"https:\/\/www.diarioimagen.net\/index.php?rest_route=\/wp\/v2\/posts"}],"about":[{"href":"https:\/\/www.diarioimagen.net\/index.php?rest_route=\/wp\/v2\/types\/post"}],"author":[{"embeddable":true,"href":"https:\/\/www.diarioimagen.net\/index.php?rest_route=\/wp\/v2\/users\/5"}],"replies":[{"embeddable":true,"href":"https:\/\/www.diarioimagen.net\/index.php?rest_route=%2Fwp%2Fv2%2Fcomments&post=268810"}],"version-history":[{"count":0,"href":"https:\/\/www.diarioimagen.net\/index.php?rest_route=\/wp\/v2\/posts\/268810\/revisions"}],"wp:featuredmedia":[{"embeddable":true,"href":"https:\/\/www.diarioimagen.net\/index.php?rest_route=\/wp\/v2\/media\/268811"}],"wp:attachment":[{"href":"https:\/\/www.diarioimagen.net\/index.php?rest_route=%2Fwp%2Fv2%2Fmedia&parent=268810"}],"wp:term":[{"taxonomy":"category","embeddable":true,"href":"https:\/\/www.diarioimagen.net\/index.php?rest_route=%2Fwp%2Fv2%2Fcategories&post=268810"},{"taxonomy":"post_tag","embeddable":true,"href":"https:\/\/www.diarioimagen.net\/index.php?rest_route=%2Fwp%2Fv2%2Ftags&post=268810"}],"curies":[{"name":"wp","href":"https:\/\/api.w.org\/{rel}","templated":true}]}}