{"id":268878,"date":"2016-05-12T00:04:12","date_gmt":"2016-05-12T05:04:12","guid":{"rendered":"http:\/\/www.diarioimagen.net\/?p=268878"},"modified":"2016-05-12T23:00:20","modified_gmt":"2016-05-13T04:00:20","slug":"elevan-a-18-anos-edad-minima-para-casarse-en-cdmx","status":"publish","type":"post","link":"https:\/\/www.diarioimagen.net\/?p=268878","title":{"rendered":"Elevan a 18 a\u00f1os edad m\u00ednima para casarse en CDMX"},"content":{"rendered":"<ul>\n<li><strong><em>Reforma al C\u00f3digo Civil<\/em><\/strong><\/li>\n<\/ul>\n<p>&nbsp;<\/p>\n<div id=\"attachment_268986\" style=\"width: 430px\" class=\"wp-caption aligncenter\"><a href=\"http:\/\/www.diarioimagen.net\/?attachment_id=268986\" rel=\"attachment wp-att-268986\"><img loading=\"lazy\" decoding=\"async\" aria-describedby=\"caption-attachment-268986\" class=\"size-large wp-image-268986\" src=\"http:\/\/www.diarioimagen.net\/wp-content\/uploads\/2016\/05\/aldf-2865-420x236.jpg\" alt=\"La ALDF aprob\u00f3 con 39 votos a favor, 0 en contra y 0 abstenciones, un dictamen que establece la edad m\u00ednima de 18 a\u00f1os para contraer matrimonio.\" width=\"420\" height=\"236\" srcset=\"https:\/\/www.diarioimagen.net\/wp-content\/uploads\/2016\/05\/aldf-2865-420x236.jpg 420w, https:\/\/www.diarioimagen.net\/wp-content\/uploads\/2016\/05\/aldf-2865-240x135.jpg 240w, https:\/\/www.diarioimagen.net\/wp-content\/uploads\/2016\/05\/aldf-2865-235x132.jpg 235w, https:\/\/www.diarioimagen.net\/wp-content\/uploads\/2016\/05\/aldf-2865-202x114.jpg 202w, https:\/\/www.diarioimagen.net\/wp-content\/uploads\/2016\/05\/aldf-2865-350x196.jpg 350w, https:\/\/www.diarioimagen.net\/wp-content\/uploads\/2016\/05\/aldf-2865-220x123.jpg 220w, https:\/\/www.diarioimagen.net\/wp-content\/uploads\/2016\/05\/aldf-2865-237x132.jpg 237w, https:\/\/www.diarioimagen.net\/wp-content\/uploads\/2016\/05\/aldf-2865.jpg 480w\" sizes=\"auto, (max-width: 420px) 100vw, 420px\" \/><\/a><p id=\"caption-attachment-268986\" class=\"wp-caption-text\">La ALDF aprob\u00f3 con 39 votos a favor, 0 en contra y 0 abstenciones, un dictamen que establece la edad m\u00ednima de 18 a\u00f1os para contraer matrimonio.<\/p><\/div>\n<p>&nbsp;<\/p>\n<p>El pleno de la Asamblea Legislativa del Distrito Federal (ALDF) aprob\u00f3 con 39 votos a favor, 0 en contra y 0 abstenciones, un dictamen por el que se reforman y derogan diversas disposiciones al C\u00f3digo Civil, que establece la edad m\u00ednima de 18 a\u00f1os para contraer matrimonio, sin excepci\u00f3n.<\/p>\n<p>La edad m\u00ednima para poder contraer matrimonio en la ciudad ahora es de 18 a\u00f1os, y ya no de 16.<\/p>\n<p>Con esta aprobaci\u00f3n se eliminan las excepciones que el ordenamiento vigente establec\u00eda, en el que se se\u00f1alaba la posibilidad de casarse a partir de los 16 a\u00f1os.<\/p>\n<p>A nombre de la Comisi\u00f3n de Administraci\u00f3n y Procuraci\u00f3n de Justicia, el diputado Jos\u00e9 Manuel Delgadillo Moreno, del PAN, destac\u00f3 que el matrimonio precoz afecta todos los aspectos de la vida de las ni\u00f1as y ni\u00f1os.<\/p>\n<p>El matrimonio a una edad temprana, abund\u00f3 el legislador, deniega a las ni\u00f1as y ni\u00f1os disfrutar su infancia, interrumpe su educaci\u00f3n, limita sus oportunidades, aumenta el riesgo de violencia y abuso, pone en peligro su salud, priva sus perspectivas de largo plazo y constituye un obst\u00e1culo para su desarrollo.<\/p>\n<p>Esta disposici\u00f3n atiende el exhorto hecho por el Senado de la Rep\u00fablica a los congresos locales para impedir que los menores de edad contrajeran matrimonio.<\/p>\n<p>Derivado de ello, el jefe de gobierno de la CDMX, Miguel \u00c1ngel Mancera, anunci\u00f3 que enviar\u00eda una iniciativa a la Asamblea Legislativa.<\/p>\n<p>Cabe mencionar que esta norma se armoniza con el C\u00f3digo Civil Federal, la Ley General de los Derechos de Ni\u00f1os, Ni\u00f1as y Adolescentes, reformada el 4 de diciembre de 2014, y la Ley de los Derechos de Ni\u00f1os, Ni\u00f1as y Adolescentes de la Ciudad de M\u00e9xico, cuya reforma fue publicada en la Gaceta Oficial el 12 de noviembre de 2015.<\/p>\n<p>Finalmente, el presidente de la mesa directiva dio instrucciones a fin de notificar al jefe de gobierno, para la promulgaci\u00f3n y publicaci\u00f3n de este dictamen en la Gaceta Oficial de esta ciudad capital.<\/p>\n<p>&nbsp;<\/p>\n","protected":false},"excerpt":{"rendered":"<p>El pleno de la Asamblea Legislativa del Distrito Federal (ALDF) aprob\u00f3 con 39 votos a favor, 0 en contra y 0 abstenciones, un dictamen por el que se reforman y derogan diversas disposiciones al C\u00f3digo Civil, que establece la edad m\u00ednima de 18 a\u00f1os para contraer matrimonio, sin excepci\u00f3n. La edad m\u00ednima para poder contraer matrimonio en la ciudad ahora es de 18 a\u00f1os, y ya no de 16.<\/p>\n","protected":false},"author":3,"featured_media":268986,"comment_status":"open","ping_status":"open","sticky":false,"template":"","format":"standard","meta":{"_monsterinsights_skip_tracking":false,"_monsterinsights_sitenote_active":false,"_monsterinsights_sitenote_note":"","_monsterinsights_sitenote_category":0,"footnotes":""},"categories":[6],"tags":[34444,204,48404],"class_list":["post-268878","post","type-post","status-publish","format-standard","has-post-thumbnail","hentry","category-cd-de-mexico","tag-cdmx","tag-ciudad-de-mexico","tag-mayoria-de-edad"],"_links":{"self":[{"href":"https:\/\/www.diarioimagen.net\/index.php?rest_route=\/wp\/v2\/posts\/268878","targetHints":{"allow":["GET"]}}],"collection":[{"href":"https:\/\/www.diarioimagen.net\/index.php?rest_route=\/wp\/v2\/posts"}],"about":[{"href":"https:\/\/www.diarioimagen.net\/index.php?rest_route=\/wp\/v2\/types\/post"}],"author":[{"embeddable":true,"href":"https:\/\/www.diarioimagen.net\/index.php?rest_route=\/wp\/v2\/users\/3"}],"replies":[{"embeddable":true,"href":"https:\/\/www.diarioimagen.net\/index.php?rest_route=%2Fwp%2Fv2%2Fcomments&post=268878"}],"version-history":[{"count":0,"href":"https:\/\/www.diarioimagen.net\/index.php?rest_route=\/wp\/v2\/posts\/268878\/revisions"}],"wp:featuredmedia":[{"embeddable":true,"href":"https:\/\/www.diarioimagen.net\/index.php?rest_route=\/wp\/v2\/media\/268986"}],"wp:attachment":[{"href":"https:\/\/www.diarioimagen.net\/index.php?rest_route=%2Fwp%2Fv2%2Fmedia&parent=268878"}],"wp:term":[{"taxonomy":"category","embeddable":true,"href":"https:\/\/www.diarioimagen.net\/index.php?rest_route=%2Fwp%2Fv2%2Fcategories&post=268878"},{"taxonomy":"post_tag","embeddable":true,"href":"https:\/\/www.diarioimagen.net\/index.php?rest_route=%2Fwp%2Fv2%2Ftags&post=268878"}],"curies":[{"name":"wp","href":"https:\/\/api.w.org\/{rel}","templated":true}]}}