{"id":268889,"date":"2016-05-12T00:02:43","date_gmt":"2016-05-12T05:02:43","guid":{"rendered":"http:\/\/www.diarioimagen.net\/?p=268889"},"modified":"2016-05-12T23:41:24","modified_gmt":"2016-05-13T04:41:24","slug":"industria-automotriz-analizara-gasolinas","status":"publish","type":"post","link":"https:\/\/www.diarioimagen.net\/?p=268889","title":{"rendered":"Industria automotriz analizar\u00e1 gasolinas"},"content":{"rendered":"<ul>\n<li><strong><em>Poluci\u00f3n<\/em><\/strong><\/li>\n<\/ul>\n<p>&nbsp;<\/p>\n<div id=\"attachment_268989\" style=\"width: 430px\" class=\"wp-caption aligncenter\"><a href=\"http:\/\/www.diarioimagen.net\/?attachment_id=268989\" rel=\"attachment wp-att-268989\"><img loading=\"lazy\" decoding=\"async\" aria-describedby=\"caption-attachment-268989\" class=\"size-large wp-image-268989\" src=\"http:\/\/www.diarioimagen.net\/wp-content\/uploads\/2016\/05\/gasolinas-2865-420x236.jpg\" alt=\"La industria automotriz considera que la calidad de los combustibles s\u00ed incide en el desempe\u00f1o de los veh\u00edculos y en las condiciones del aire.\" width=\"420\" height=\"236\" srcset=\"https:\/\/www.diarioimagen.net\/wp-content\/uploads\/2016\/05\/gasolinas-2865-420x236.jpg 420w, https:\/\/www.diarioimagen.net\/wp-content\/uploads\/2016\/05\/gasolinas-2865-240x135.jpg 240w, https:\/\/www.diarioimagen.net\/wp-content\/uploads\/2016\/05\/gasolinas-2865-235x132.jpg 235w, https:\/\/www.diarioimagen.net\/wp-content\/uploads\/2016\/05\/gasolinas-2865-202x114.jpg 202w, https:\/\/www.diarioimagen.net\/wp-content\/uploads\/2016\/05\/gasolinas-2865-350x196.jpg 350w, https:\/\/www.diarioimagen.net\/wp-content\/uploads\/2016\/05\/gasolinas-2865-220x123.jpg 220w, https:\/\/www.diarioimagen.net\/wp-content\/uploads\/2016\/05\/gasolinas-2865-237x132.jpg 237w, https:\/\/www.diarioimagen.net\/wp-content\/uploads\/2016\/05\/gasolinas-2865.jpg 480w\" sizes=\"auto, (max-width: 420px) 100vw, 420px\" \/><\/a><p id=\"caption-attachment-268989\" class=\"wp-caption-text\">La industria automotriz considera que la calidad de los combustibles s\u00ed incide en el desempe\u00f1o de los veh\u00edculos y en las condiciones del aire.<\/p><\/div>\n<p>&nbsp;<\/p>\n<p>La industria automotriz anunci\u00f3 que realizar\u00e1 un an\u00e1lisis m\u00e1s detallado a las gasolinas que se ofrecen en el pa\u00eds, pues considera que la calidad de los combustibles s\u00ed incide en el desempe\u00f1o de los veh\u00edculos y en las condiciones del aire.<\/p>\n<p>\u201cEn algunas pruebas aisladas que hemos hecho no lo hemos podido constatar todav\u00eda\u201d, por eso vamos a hacer un estudio serio y formal sobre la calidad de los combustibles, dio a conocer el presidente de la Asociaci\u00f3n Mexicana de la Industria Automotriz (AMIA), Eduardo Sol\u00eds S\u00e1nchez.<\/p>\n<p>Adelant\u00f3 que de acuerdo con Petr\u00f3leos Mexicanos (Pemex), desde febrero pasado, M\u00e9xico tiene gasolina Magna ultra bajo azufre en todo el territorio nacional.<\/p>\n<p>Indic\u00f3 que debido a que el tema de la calidad de los combustibles es fundamental para la industrial, el estudio que esperan realizar en coordinaci\u00f3n con las asociaciones Mexicana de Distribuidores de Automotores (AMDA) y Nacional de Productores de Camiones y Tractocamiones (Anpact) determinar\u00eda si efectivamente de las bombas de la gasolina sale combustible de ultra bajo azufre.<\/p>\n<p>Coment\u00f3 que el di\u00e9sel de ultrabajo azufre en M\u00e9xico est\u00e1 programado para su comercializaci\u00f3n en 2018, de acuerdo a la propia norma de emergencia de combustibles.<\/p>\n<p>\u201cDe tal manera que, por su puesto, s\u00ed incide el tema de la calidad de los combustibles en el desempe\u00f1o de los veh\u00edculos y por su puesto en la calidad del aire\u201d, expres\u00f3.<\/p>\n<p>Expres\u00f3 que para que la industria pueda avanzar en la introducci\u00f3n de alta tecnolog\u00eda en los veh\u00edculos es indispensable equipararla con la calidad del combustible que las unidades recibir\u00edan.<\/p>\n<p>\u201cHoy puedo decir que nosotros estar\u00edamos preparados para incursionar en esa revoluci\u00f3n tecnol\u00f3gica en la medida en que ya existan combustibles apropiados para el territorio nacional\u201d, agreg\u00f3 Sol\u00eds S\u00e1nchez.<\/p>\n<p>&nbsp;<\/p>\n","protected":false},"excerpt":{"rendered":"<p>La industria automotriz anunci\u00f3 que realizar\u00e1 un an\u00e1lisis m\u00e1s detallado a las gasolinas que se ofrecen en el pa\u00eds, pues considera que la calidad de los combustibles s\u00ed incide en el desempe\u00f1o de los veh\u00edculos y en las condiciones del aire.<\/p>\n","protected":false},"author":3,"featured_media":268989,"comment_status":"open","ping_status":"open","sticky":false,"template":"","format":"standard","meta":{"_monsterinsights_skip_tracking":false,"_monsterinsights_sitenote_active":false,"_monsterinsights_sitenote_note":"","_monsterinsights_sitenote_category":0,"footnotes":""},"categories":[8],"tags":[14922,198],"class_list":["post-268889","post","type-post","status-publish","format-standard","has-post-thumbnail","hentry","category-finanzas","tag-amia","tag-gasolina"],"_links":{"self":[{"href":"https:\/\/www.diarioimagen.net\/index.php?rest_route=\/wp\/v2\/posts\/268889","targetHints":{"allow":["GET"]}}],"collection":[{"href":"https:\/\/www.diarioimagen.net\/index.php?rest_route=\/wp\/v2\/posts"}],"about":[{"href":"https:\/\/www.diarioimagen.net\/index.php?rest_route=\/wp\/v2\/types\/post"}],"author":[{"embeddable":true,"href":"https:\/\/www.diarioimagen.net\/index.php?rest_route=\/wp\/v2\/users\/3"}],"replies":[{"embeddable":true,"href":"https:\/\/www.diarioimagen.net\/index.php?rest_route=%2Fwp%2Fv2%2Fcomments&post=268889"}],"version-history":[{"count":0,"href":"https:\/\/www.diarioimagen.net\/index.php?rest_route=\/wp\/v2\/posts\/268889\/revisions"}],"wp:featuredmedia":[{"embeddable":true,"href":"https:\/\/www.diarioimagen.net\/index.php?rest_route=\/wp\/v2\/media\/268989"}],"wp:attachment":[{"href":"https:\/\/www.diarioimagen.net\/index.php?rest_route=%2Fwp%2Fv2%2Fmedia&parent=268889"}],"wp:term":[{"taxonomy":"category","embeddable":true,"href":"https:\/\/www.diarioimagen.net\/index.php?rest_route=%2Fwp%2Fv2%2Fcategories&post=268889"},{"taxonomy":"post_tag","embeddable":true,"href":"https:\/\/www.diarioimagen.net\/index.php?rest_route=%2Fwp%2Fv2%2Ftags&post=268889"}],"curies":[{"name":"wp","href":"https:\/\/api.w.org\/{rel}","templated":true}]}}