{"id":268907,"date":"2016-05-12T00:07:12","date_gmt":"2016-05-12T05:07:12","guid":{"rendered":"http:\/\/www.diarioimagen.net\/?p=268907"},"modified":"2016-05-12T23:00:36","modified_gmt":"2016-05-13T04:00:36","slug":"se-acreditan-ante-epn-19-nuevos-embajadores","status":"publish","type":"post","link":"https:\/\/www.diarioimagen.net\/?p=268907","title":{"rendered":"Se acreditan ante EPN 19 nuevos embajadores"},"content":{"rendered":"<ul>\n<li><strong><em>Presentaci\u00f3n de cartas credenciales<\/em><\/strong><\/li>\n<\/ul>\n<p>&nbsp;<\/p>\n<div id=\"attachment_268995\" style=\"width: 430px\" class=\"wp-caption aligncenter\"><a href=\"http:\/\/www.diarioimagen.net\/?attachment_id=268995\" rel=\"attachment wp-att-268995\"><img loading=\"lazy\" decoding=\"async\" aria-describedby=\"caption-attachment-268995\" class=\"size-large wp-image-268995\" src=\"http:\/\/www.diarioimagen.net\/wp-content\/uploads\/2016\/05\/epn-2865-420x236.jpg\" alt=\"Enrique Pe\u00f1a Nieto recibi\u00f3 en Palacio Nacional las cartas credenciales de 19 nuevos embajadores.\" width=\"420\" height=\"236\" srcset=\"https:\/\/www.diarioimagen.net\/wp-content\/uploads\/2016\/05\/epn-2865-420x236.jpg 420w, https:\/\/www.diarioimagen.net\/wp-content\/uploads\/2016\/05\/epn-2865-240x135.jpg 240w, https:\/\/www.diarioimagen.net\/wp-content\/uploads\/2016\/05\/epn-2865-235x132.jpg 235w, https:\/\/www.diarioimagen.net\/wp-content\/uploads\/2016\/05\/epn-2865-202x114.jpg 202w, https:\/\/www.diarioimagen.net\/wp-content\/uploads\/2016\/05\/epn-2865-350x196.jpg 350w, https:\/\/www.diarioimagen.net\/wp-content\/uploads\/2016\/05\/epn-2865-220x123.jpg 220w, https:\/\/www.diarioimagen.net\/wp-content\/uploads\/2016\/05\/epn-2865-237x132.jpg 237w, https:\/\/www.diarioimagen.net\/wp-content\/uploads\/2016\/05\/epn-2865.jpg 480w\" sizes=\"auto, (max-width: 420px) 100vw, 420px\" \/><\/a><p id=\"caption-attachment-268995\" class=\"wp-caption-text\">Enrique Pe\u00f1a Nieto recibi\u00f3 en Palacio Nacional las cartas credenciales de 19 nuevos embajadores.<\/p><\/div>\n<p>&nbsp;<\/p>\n<p>El presidente Enrique Pe\u00f1a Nieto recibi\u00f3 en Palacio Nacional las cartas credenciales de 19 nuevos embajadores de pa\u00edses con los que M\u00e9xico tiene relaciones diplom\u00e1ticas.<\/p>\n<p>El primer mandatario recibi\u00f3 a los representantes de Australia, Brasil, Colombia, Ecuador, El Salvador, Eslovaquia, Filipinas, Finlandia, Georgia, Honduras, India, Israel, Kazajist\u00e1n, Malasia, Palestina, Per\u00fa, Portugal, Qatar y Venezuela.<\/p>\n<p>Se reuni\u00f3 con cada uno de ellos en el sal\u00f3n de recepciones, donde les dio la bienvenida al pa\u00eds y les reiter\u00f3 su compromiso de fortalecer sus v\u00ednculos con el mundo, al tiempo que los invit\u00f3 a conocer M\u00e9xico.<\/p>\n<p>En la ceremonia de presentaci\u00f3n de cartas credenciales, con lo que inicia legalmente la Misi\u00f3n del Embajador, cada uno de ellos presenta un mensaje por el mandatario que lo env\u00eda y sostiene una breve conversaci\u00f3n con el Ejecutivo federal.<\/p>\n<p style=\"text-align: center;\"><strong>Biden conversa con Pe\u00f1a Nieto <\/strong><\/p>\n<p>El vicepresidente de Estados Unidos, Joe Biden, dialog\u00f3 v\u00eda telef\u00f3nica con el presidente de M\u00e9xico, Enrique Pe\u00f1a Nieto, sobre los prospectos de una integraci\u00f3n energ\u00e9tica m\u00e1s profunda entre ambos pa\u00edses, inform\u00f3 la Casa Blanca.<\/p>\n<p>Durante su conversaci\u00f3n telef\u00f3nica, Biden y Pe\u00f1a Nieto pusieron de relieve la importancia que tiene M\u00e9xico para Estados Unidos como un socio bilateral y l\u00edder regional en Latinoam\u00e9rica.<\/p>\n<p>\u201cLos dos l\u00edderes discutieron el prospecto de una profunda integraci\u00f3n energ\u00e9tica, de cara a la Cumbre de L\u00edderes de Norteam\u00e9rica en Canad\u00e1\u201d, apunt\u00f3 la Casa Blanca en un comunicado.<\/p>\n<p>La reuni\u00f3n, a celebrarse el pr\u00f3ximo 29 de junio en Ottawa, marcar\u00e1 el primer encuentro entre los l\u00edderes de M\u00e9xico, Estados Unidos y Canad\u00e1 en el que participar\u00e1 el primer ministro canadiense, Justin Trudeau.<\/p>\n<p>En febrero pasado, durante el Di\u00e1logo Bilateral M\u00e9xico-Estados Unidos sobre la integraci\u00f3n de los sistemas energ\u00e9ticos Quadrennial Energy Review (QER), el secretario de Energ\u00eda de M\u00e9xico, Pedro Joaqu\u00edn Coldwell, dijo que la reforma energ\u00e9tica abre nuevas oportunidades de integraci\u00f3n entre ambos pa\u00edses.<\/p>\n<p>Como parte de esta integraci\u00f3n energ\u00e9tica, se construyen gasoductos de internaci\u00f3n con Estados Unidos y se expande la red de l\u00edneas de transmisi\u00f3n el\u00e9ctrica que permiten aumentar el comercio y asegurar la suficiencia de recursos energ\u00e9ticos entre los dos socios comerciales.<\/p>\n<p>En tal sentido, inform\u00f3 que el Centro Nacional de Control de Energ\u00eda (CENACE) est\u00e1 en pl\u00e1ticas con empresas estadunidenses para el desarrollo del proyecto de interconexi\u00f3n entre Nogales, Sonora (M\u00e9xico), y Tucson, Arizona (Estados Unidos).<\/p>\n<p>&nbsp;<\/p>\n","protected":false},"excerpt":{"rendered":"<p>El presidente Enrique Pe\u00f1a Nieto recibi\u00f3 en Palacio Nacional las cartas credenciales de 19 nuevos embajadores de pa\u00edses con los que M\u00e9xico tiene relaciones diplom\u00e1ticas. El primer mandatario recibi\u00f3 a los representantes de Australia, Brasil, Colombia, Ecuador, El Salvador, Eslovaquia, Filipinas, Finlandia, Georgia, Honduras, India, Israel, Kazajist\u00e1n, Malasia, Palestina, Per\u00fa, Portugal, Qatar y Venezuela.<\/p>\n","protected":false},"author":3,"featured_media":268995,"comment_status":"open","ping_status":"open","sticky":false,"template":"","format":"standard","meta":{"_monsterinsights_skip_tracking":false,"_monsterinsights_sitenote_active":false,"_monsterinsights_sitenote_note":"","_monsterinsights_sitenote_category":0,"footnotes":""},"categories":[3],"tags":[18,43673,880],"class_list":["post-268907","post","type-post","status-publish","format-standard","has-post-thumbnail","hentry","category-nacional","tag-enrique-pena-nieto","tag-nacional","tag-sre"],"_links":{"self":[{"href":"https:\/\/www.diarioimagen.net\/index.php?rest_route=\/wp\/v2\/posts\/268907","targetHints":{"allow":["GET"]}}],"collection":[{"href":"https:\/\/www.diarioimagen.net\/index.php?rest_route=\/wp\/v2\/posts"}],"about":[{"href":"https:\/\/www.diarioimagen.net\/index.php?rest_route=\/wp\/v2\/types\/post"}],"author":[{"embeddable":true,"href":"https:\/\/www.diarioimagen.net\/index.php?rest_route=\/wp\/v2\/users\/3"}],"replies":[{"embeddable":true,"href":"https:\/\/www.diarioimagen.net\/index.php?rest_route=%2Fwp%2Fv2%2Fcomments&post=268907"}],"version-history":[{"count":0,"href":"https:\/\/www.diarioimagen.net\/index.php?rest_route=\/wp\/v2\/posts\/268907\/revisions"}],"wp:featuredmedia":[{"embeddable":true,"href":"https:\/\/www.diarioimagen.net\/index.php?rest_route=\/wp\/v2\/media\/268995"}],"wp:attachment":[{"href":"https:\/\/www.diarioimagen.net\/index.php?rest_route=%2Fwp%2Fv2%2Fmedia&parent=268907"}],"wp:term":[{"taxonomy":"category","embeddable":true,"href":"https:\/\/www.diarioimagen.net\/index.php?rest_route=%2Fwp%2Fv2%2Fcategories&post=268907"},{"taxonomy":"post_tag","embeddable":true,"href":"https:\/\/www.diarioimagen.net\/index.php?rest_route=%2Fwp%2Fv2%2Ftags&post=268907"}],"curies":[{"name":"wp","href":"https:\/\/api.w.org\/{rel}","templated":true}]}}