{"id":269034,"date":"2016-05-12T23:25:45","date_gmt":"2016-05-13T04:25:45","guid":{"rendered":"http:\/\/www.diarioimagen.net\/?p=269034"},"modified":"2016-05-13T06:08:55","modified_gmt":"2016-05-13T11:08:55","slug":"los-artistas-de-huesos-de-madeleine-roux","status":"publish","type":"post","link":"https:\/\/www.diarioimagen.net\/?p=269034","title":{"rendered":"\u00abLos artistas de huesos\u00bb, de Madeleine Roux"},"content":{"rendered":"<ul>\n<li><strong><em>V&amp;R Editoras<\/em><\/strong><\/li>\n<\/ul>\n<p>&nbsp;<\/p>\n<div id=\"attachment_269035\" style=\"width: 430px\" class=\"wp-caption aligncenter\"><a href=\"http:\/\/www.diarioimagen.net\/?attachment_id=269035\" rel=\"attachment wp-att-269035\"><img loading=\"lazy\" decoding=\"async\" aria-describedby=\"caption-attachment-269035\" class=\"wp-image-269035\" src=\"http:\/\/www.diarioimagen.net\/wp-content\/uploads\/2016\/05\/artistas-pooortal-293x420.jpg\" alt=\"En el tomo 2.5 de la saga Asilan, \u201cLos artistas de huesos\u201d, Madeleine Roux nos introduce qui\u00e9nes ser\u00e1n los personajes claves en el cap\u00edtulo final de la serie, Catacomb.\" width=\"420\" height=\"601\" srcset=\"https:\/\/www.diarioimagen.net\/wp-content\/uploads\/2016\/05\/artistas-pooortal-293x420.jpg 293w, https:\/\/www.diarioimagen.net\/wp-content\/uploads\/2016\/05\/artistas-pooortal-168x240.jpg 168w, https:\/\/www.diarioimagen.net\/wp-content\/uploads\/2016\/05\/artistas-pooortal.jpg 700w\" sizes=\"auto, (max-width: 420px) 100vw, 420px\" \/><\/a><p id=\"caption-attachment-269035\" class=\"wp-caption-text\">En el tomo 2.5 de la saga Asilan, \u201cLos artistas de huesos\u201d, Madeleine Roux nos introduce qui\u00e9nes ser\u00e1n los personajes claves en el cap\u00edtulo final de la serie, Catacomb.<\/p><\/div>\n<p>&nbsp;<\/p>\n<p>Ellos se dicen Artistas, Artistas de Huesos. No debes nombrarlos, ya que su magia te encontrar\u00e1 y tu esp\u00edritu nunca estar\u00e1 en paz. En el tomo 2.5 de la saga Asilan, Los artistas de huesos, Madeleine Roux nos introduce qui\u00e9nes ser\u00e1n los personajes claves en el cap\u00edtulo final de la serie, Catacomb. Como siempre, la autora nos sumerge en escenas oscuras, cargadas de misterio y nos deja muchos interrogantes que se resolver\u00e1n de una manera que dejar\u00e1 anonadado al lector en el esperado final de la saga.<\/p>\n<p>&nbsp;<\/p>\n","protected":false},"excerpt":{"rendered":"<p>Ellos se dicen Artistas, Artistas de Huesos. No debes nombrarlos, ya que su magia te encontrar\u00e1 y tu esp\u00edritu nunca estar\u00e1 en paz.<\/p>\n","protected":false},"author":5,"featured_media":269036,"comment_status":"open","ping_status":"open","sticky":false,"template":"","format":"standard","meta":{"_monsterinsights_skip_tracking":false,"_monsterinsights_sitenote_active":false,"_monsterinsights_sitenote_note":"","_monsterinsights_sitenote_category":0,"footnotes":""},"categories":[17,12],"tags":[43682],"class_list":["post-269034","post","type-post","status-publish","format-standard","has-post-thumbnail","hentry","category-especiales","category-espectaculos","tag-espectaculos"],"_links":{"self":[{"href":"https:\/\/www.diarioimagen.net\/index.php?rest_route=\/wp\/v2\/posts\/269034","targetHints":{"allow":["GET"]}}],"collection":[{"href":"https:\/\/www.diarioimagen.net\/index.php?rest_route=\/wp\/v2\/posts"}],"about":[{"href":"https:\/\/www.diarioimagen.net\/index.php?rest_route=\/wp\/v2\/types\/post"}],"author":[{"embeddable":true,"href":"https:\/\/www.diarioimagen.net\/index.php?rest_route=\/wp\/v2\/users\/5"}],"replies":[{"embeddable":true,"href":"https:\/\/www.diarioimagen.net\/index.php?rest_route=%2Fwp%2Fv2%2Fcomments&post=269034"}],"version-history":[{"count":0,"href":"https:\/\/www.diarioimagen.net\/index.php?rest_route=\/wp\/v2\/posts\/269034\/revisions"}],"wp:featuredmedia":[{"embeddable":true,"href":"https:\/\/www.diarioimagen.net\/index.php?rest_route=\/wp\/v2\/media\/269036"}],"wp:attachment":[{"href":"https:\/\/www.diarioimagen.net\/index.php?rest_route=%2Fwp%2Fv2%2Fmedia&parent=269034"}],"wp:term":[{"taxonomy":"category","embeddable":true,"href":"https:\/\/www.diarioimagen.net\/index.php?rest_route=%2Fwp%2Fv2%2Fcategories&post=269034"},{"taxonomy":"post_tag","embeddable":true,"href":"https:\/\/www.diarioimagen.net\/index.php?rest_route=%2Fwp%2Fv2%2Ftags&post=269034"}],"curies":[{"name":"wp","href":"https:\/\/api.w.org\/{rel}","templated":true}]}}