{"id":269112,"date":"2016-05-13T00:04:27","date_gmt":"2016-05-13T05:04:27","guid":{"rendered":"http:\/\/www.diarioimagen.net\/?p=269112"},"modified":"2016-05-15T22:48:26","modified_gmt":"2016-05-16T03:48:26","slug":"destaca-ejecutivo-creacion-de-82-mil-562-empleos","status":"publish","type":"post","link":"https:\/\/www.diarioimagen.net\/?p=269112","title":{"rendered":"Destaca Ejecutivo creaci\u00f3n de 82 mil 562 empleos"},"content":{"rendered":"<ul>\n<li><strong><em>Signos de crecimiento: Pe\u00f1a Nieto<\/em><\/strong><\/li>\n<\/ul>\n<p>&nbsp;<\/p>\n<div id=\"attachment_269260\" style=\"width: 430px\" class=\"wp-caption aligncenter\"><a href=\"http:\/\/www.diarioimagen.net\/?attachment_id=269260\" rel=\"attachment wp-att-269260\"><img loading=\"lazy\" decoding=\"async\" aria-describedby=\"caption-attachment-269260\" class=\"size-large wp-image-269260\" src=\"http:\/\/www.diarioimagen.net\/wp-content\/uploads\/2016\/05\/empleos-2866-420x236.jpg\" alt=\"Enrique Pe\u00f1a Nieto dijo que el n\u00famero de trabajadores registrados tuvo un incremento de 17 mil 500, en comparaci\u00f3n con el mismo mes del a\u00f1o pasado.\" width=\"420\" height=\"236\" srcset=\"https:\/\/www.diarioimagen.net\/wp-content\/uploads\/2016\/05\/empleos-2866-420x236.jpg 420w, https:\/\/www.diarioimagen.net\/wp-content\/uploads\/2016\/05\/empleos-2866-240x135.jpg 240w, https:\/\/www.diarioimagen.net\/wp-content\/uploads\/2016\/05\/empleos-2866-235x132.jpg 235w, https:\/\/www.diarioimagen.net\/wp-content\/uploads\/2016\/05\/empleos-2866-202x114.jpg 202w, https:\/\/www.diarioimagen.net\/wp-content\/uploads\/2016\/05\/empleos-2866-350x196.jpg 350w, https:\/\/www.diarioimagen.net\/wp-content\/uploads\/2016\/05\/empleos-2866-220x123.jpg 220w, https:\/\/www.diarioimagen.net\/wp-content\/uploads\/2016\/05\/empleos-2866-237x132.jpg 237w, https:\/\/www.diarioimagen.net\/wp-content\/uploads\/2016\/05\/empleos-2866.jpg 480w\" sizes=\"auto, (max-width: 420px) 100vw, 420px\" \/><\/a><p id=\"caption-attachment-269260\" class=\"wp-caption-text\">Enrique Pe\u00f1a Nieto dijo que el n\u00famero de trabajadores registrados tuvo un incremento de 17 mil 500, en comparaci\u00f3n con el mismo mes del a\u00f1o pasado.<\/p><\/div>\n<p>&nbsp;<\/p>\n<p>La estabilidad y crecimiento econ\u00f3mico, la reducci\u00f3n de la inflaci\u00f3n, el aumento en el n\u00famero de empleos y el incremento en el consumo, son signos vitales que se\u00f1alan que M\u00e9xico est\u00e1 creciendo, afirm\u00f3 el presidente Enrique Pe\u00f1a Nieto.<\/p>\n<p>Muestra de ello, dijo, es que hasta el mes de abril de este a\u00f1o, el n\u00famero de empleos generados alcanz\u00f3 niveles que nunca se hab\u00edan tenido en administraciones anteriores para este mismo periodo, con un total de 82 mil 562 empleos formales, de acuerdo a cifras del IMSS.<\/p>\n<p>Durante la conmemoraci\u00f3n del D\u00eda Internacional de la Enfermer\u00eda, el primer mandatario dijo que el n\u00famero de trabajadores registrados tuvo un incremento de 17 mil 500, en comparaci\u00f3n con el mismo mes del a\u00f1o pasado.<\/p>\n<p>Esto representa un crecimiento de 3.6 por ciento a tasa anual, incluso mayor al crecimiento de la econom\u00eda, lo que se acerca en lo que va de su administraci\u00f3n a casi dos millones de empleos generados. \u201cNunca antes se hab\u00eda generado tanto empleo en tres a\u00f1os y medio como los que se han generado hasta ahora\u201d.<\/p>\n<p>Otra de las se\u00f1ales positivas que demuestran que el pa\u00eds est\u00e1 avanzando, expuso, es que la econom\u00eda de M\u00e9xico avanza a pesar de la desaceleraci\u00f3n que se vive en el mundo, pues hay mayor dinamismo en el consumo interno, \u201cporque aqu\u00ed las familias est\u00e1n consumiendo m\u00e1s\u201d, a un \u00edndice de 2.9 por ciento, no obstante el impacto negativo que trajo la ca\u00edda de los precios del petr\u00f3leo.<\/p>\n<p>Tan s\u00f3lo la venta de veh\u00edculos en el mes de abril, creci\u00f3 m\u00e1s de 20 por ciento, que es uno de los indicadores positivos de que \u201cel consumo y la econom\u00eda est\u00e1n creciendo\u201d, resalt\u00f3 en el acto celebrado en el Centro M\u00e9dico Nacional 20 de Noviembre.<\/p>\n<p>Otro indicador positivo es la baja inflaci\u00f3n que se mantiene en el pa\u00eds, pues el INEGI dio a conocer en su reporte m\u00e1s reciente, que la inflaci\u00f3n anualizada al mes de abril, fue de 2.54 por ciento, \u201cla cifra de inflaci\u00f3n m\u00e1s baja para un mes de abril de la que se tenga registro desde 1970\u201d.<\/p>\n<p>En el consumo, Pe\u00f1a Nieto refiri\u00f3 que de acuerdo a las cifras de la Asociaci\u00f3n Nacional de Tiendas de Autoservicio y Departamentales (ANTAD), las ventas han crecido 10.1 por ciento, lo que demuestra el dinamismo y crecimiento del consumo interno.<\/p>\n<p>\u201cEstos son signos vitales de c\u00f3mo va nuestra econom\u00eda, de c\u00f3mo estamos avanzando, de c\u00f3mo el pa\u00eds se est\u00e1 moviendo. Estamos transformando a M\u00e9xico para moverlo hacia adelante y de forma positiva\u201d, subray\u00f3.<\/p>\n<p style=\"text-align: center;\"><strong>Alza de petroprecios causa apreciaci\u00f3n del peso<\/strong><\/p>\n<p>Por otra parte, el peso mexicano finaliz\u00f3 con una apreciaci\u00f3n marginal de 0.07 por ciento o 1.2 centavos, al venderse alrededor de 17.98 pesos por d\u00f3lar, debido al alza en los precios del petr\u00f3leo.<\/p>\n<p>De acuerdo con Banco Base, la relaci\u00f3n directa entre los precios del petr\u00f3leo y el desempe\u00f1o del peso se ha mantenido durante la semana, como consecuencia del bajo n\u00famero de indicadores econ\u00f3micos relevantes que permitan al mercado especular sobre el comportamiento econ\u00f3mico global.<\/p>\n<p>El grupo financiero refiri\u00f3 que durante mayo, la volatilidad del tipo de cambio se increment\u00f3, con lo cual la paridad peso-d\u00f3lar oscil\u00f3 en promedio 28 centavos diarios, por arriba del promedio en el a\u00f1o, de 26 centavos al d\u00eda.<\/p>\n<p>Explic\u00f3 que el jueves el tipo de cambio se movi\u00f3 en un rango de 17.4 centavos, y alcanz\u00f3 un m\u00e1ximo de 18.04 pesos por d\u00f3lar.<\/p>\n<p>Asimismo, Base record\u00f3 que este viernes se publicar\u00e1n en Estados Unidos datos como las ventas minoristas de abril y el adelanto para mayo del sentimiento del consumidor de la Universidad de Michigan.<\/p>\n<p>Por otro lado, indic\u00f3 que en Brasil, la destituci\u00f3n de Dilma Rousseff como presidenta permiti\u00f3 que el mercado de capitales de ese pa\u00eds registrara una ganancia de 1.1 por ciento al cierre de la sesi\u00f3n.<\/p>\n<p>As\u00ed, el real brasile\u00f1o se depreci\u00f3 0.65 por ciento para cotizarse en cerca de 3.4740 reales por d\u00f3lar, despu\u00e9s de que el Banco Central de Brasil interviniera en el mercado para depreciar a la divisa.<\/p>\n<p>&nbsp;<\/p>\n","protected":false},"excerpt":{"rendered":"<p>La estabilidad y crecimiento econ\u00f3mico, la reducci\u00f3n de la inflaci\u00f3n, el aumento en el n\u00famero de empleos y el incremento en el consumo, son signos vitales que se\u00f1alan que M\u00e9xico est\u00e1 creciendo, afirm\u00f3 el presidente Enrique Pe\u00f1a Nieto.<\/p>\n","protected":false},"author":3,"featured_media":269260,"comment_status":"open","ping_status":"open","sticky":false,"template":"","format":"standard","meta":{"_monsterinsights_skip_tracking":false,"_monsterinsights_sitenote_active":false,"_monsterinsights_sitenote_note":"","_monsterinsights_sitenote_category":0,"footnotes":""},"categories":[3],"tags":[481,18,257,43673],"class_list":["post-269112","post","type-post","status-publish","format-standard","has-post-thumbnail","hentry","category-nacional","tag-empleo","tag-enrique-pena-nieto","tag-imss","tag-nacional"],"_links":{"self":[{"href":"https:\/\/www.diarioimagen.net\/index.php?rest_route=\/wp\/v2\/posts\/269112","targetHints":{"allow":["GET"]}}],"collection":[{"href":"https:\/\/www.diarioimagen.net\/index.php?rest_route=\/wp\/v2\/posts"}],"about":[{"href":"https:\/\/www.diarioimagen.net\/index.php?rest_route=\/wp\/v2\/types\/post"}],"author":[{"embeddable":true,"href":"https:\/\/www.diarioimagen.net\/index.php?rest_route=\/wp\/v2\/users\/3"}],"replies":[{"embeddable":true,"href":"https:\/\/www.diarioimagen.net\/index.php?rest_route=%2Fwp%2Fv2%2Fcomments&post=269112"}],"version-history":[{"count":0,"href":"https:\/\/www.diarioimagen.net\/index.php?rest_route=\/wp\/v2\/posts\/269112\/revisions"}],"wp:featuredmedia":[{"embeddable":true,"href":"https:\/\/www.diarioimagen.net\/index.php?rest_route=\/wp\/v2\/media\/269260"}],"wp:attachment":[{"href":"https:\/\/www.diarioimagen.net\/index.php?rest_route=%2Fwp%2Fv2%2Fmedia&parent=269112"}],"wp:term":[{"taxonomy":"category","embeddable":true,"href":"https:\/\/www.diarioimagen.net\/index.php?rest_route=%2Fwp%2Fv2%2Fcategories&post=269112"},{"taxonomy":"post_tag","embeddable":true,"href":"https:\/\/www.diarioimagen.net\/index.php?rest_route=%2Fwp%2Fv2%2Ftags&post=269112"}],"curies":[{"name":"wp","href":"https:\/\/api.w.org\/{rel}","templated":true}]}}