{"id":269137,"date":"2016-05-13T00:03:50","date_gmt":"2016-05-13T05:03:50","guid":{"rendered":"http:\/\/www.diarioimagen.net\/?p=269137"},"modified":"2016-05-15T22:48:21","modified_gmt":"2016-05-16T03:48:21","slug":"el-chapo-pasara-el-resto-de-su-vida-en-eu","status":"publish","type":"post","link":"https:\/\/www.diarioimagen.net\/?p=269137","title":{"rendered":"\u201cEl Chapo\u201d pasar\u00e1 el resto de su vida en EU"},"content":{"rendered":"<ul>\n<li><strong><em>De concretarse extradici\u00f3n<\/em><\/strong><\/li>\n<\/ul>\n<p>&nbsp;<\/p>\n<div id=\"attachment_269265\" style=\"width: 430px\" class=\"wp-caption aligncenter\"><a href=\"http:\/\/www.diarioimagen.net\/?attachment_id=269265\" rel=\"attachment wp-att-269265\"><img loading=\"lazy\" decoding=\"async\" aria-describedby=\"caption-attachment-269265\" class=\"size-large wp-image-269265\" src=\"http:\/\/www.diarioimagen.net\/wp-content\/uploads\/2016\/05\/CHAPO-2866-420x236.jpg\" alt=\"Enrique Pe\u00f1a Nieto dijo que el n\u00famero de trabajadores registrados tuvo un incremento de 17 mil 500, en comparaci\u00f3n con el mismo mes del a\u00f1o pasado.\" width=\"420\" height=\"236\" srcset=\"https:\/\/www.diarioimagen.net\/wp-content\/uploads\/2016\/05\/CHAPO-2866-420x236.jpg 420w, https:\/\/www.diarioimagen.net\/wp-content\/uploads\/2016\/05\/CHAPO-2866-240x135.jpg 240w, https:\/\/www.diarioimagen.net\/wp-content\/uploads\/2016\/05\/CHAPO-2866-235x132.jpg 235w, https:\/\/www.diarioimagen.net\/wp-content\/uploads\/2016\/05\/CHAPO-2866-202x114.jpg 202w, https:\/\/www.diarioimagen.net\/wp-content\/uploads\/2016\/05\/CHAPO-2866-350x196.jpg 350w, https:\/\/www.diarioimagen.net\/wp-content\/uploads\/2016\/05\/CHAPO-2866-220x123.jpg 220w, https:\/\/www.diarioimagen.net\/wp-content\/uploads\/2016\/05\/CHAPO-2866-237x132.jpg 237w, https:\/\/www.diarioimagen.net\/wp-content\/uploads\/2016\/05\/CHAPO-2866.jpg 480w\" sizes=\"auto, (max-width: 420px) 100vw, 420px\" \/><\/a><p id=\"caption-attachment-269265\" class=\"wp-caption-text\">Enrique Pe\u00f1a Nieto dijo que el n\u00famero de trabajadores registrados tuvo un incremento de 17 mil 500, en comparaci\u00f3n con el mismo mes del a\u00f1o pasado.<\/p><\/div>\n<p>&nbsp;<\/p>\n<p>Ante la inminente extradici\u00f3n de Joaqu\u00edn \u201cEl Chapo\u201d Guzm\u00e1n a los Estados Unidos, uno de los m\u00e1s famosos abogados penalistas de ese pa\u00eds, Frank A. Rubino, consider\u00f3 que el sinaloense -de antemano- est\u00e1 condenado a pasar el resto de su vida en la Uni\u00f3n Americana y en las distintas c\u00e1rceles de ese pa\u00eds.<\/p>\n<p>Hizo una recapitulaci\u00f3n de lo que ser\u00e1 su accionar durante los pr\u00f3ximos diez a\u00f1os, en raz\u00f3n de que deber\u00e1 enfrentar todos y cada uno de los cargos que se le imputan en los seis procesos que deber\u00e1 desahogar en cada una de las cortes que lo ha inculpado.<\/p>\n<p>Por tanto, deber\u00e1 enfrentar el primer juicio en la Corte Federal Sur de California y (de acuerdo a los abogados estadounidenses especializados) tiene pocas posibilidades de llegar a un acuerdo con las autoridades, para tener acceso a un programa como testigo protegido, enfrentar los procesos en libertad y salir mediante una fianza por muchos millones de d\u00f3lares que pueda depositar. Todo esto, por tres razones que valoran los abogados que pudieran defenderlo:<\/p>\n<p>La primera, porque no es ciudadano norteamericano, ni residente permanente. Segunda, porque ser\u00e1 llevado contra su voluntad (\u00e9l no ha pedido la extradici\u00f3n) y tercera, por el historial de fugas que tiene y la naturaleza de ser un reo altamente peligroso.<\/p>\n<p>Y es que la justicia norteamericana tiene valorado que el hombre podr\u00eda escapar y no presentarse a la corte.<\/p>\n<p>Sobre las razones por las cuales no puede acogerse al programa de testigos protegidos, Frank A. Rubino se\u00f1ala que en ese aspecto existen reglas, en las cuales Guzm\u00e1n Loera tendr\u00eda que tener una o dos cabezas arriba de \u00e9l, de las cuales aportar informaci\u00f3n, y no es el caso, pues en los juicios se debe testificar en las cortes sobre la gente que est\u00e1 m\u00e1s arriba de ellos y en este caso \u201cEl Chapo\u201d no tiene a nadie arriba.<\/p>\n<p>Tambi\u00e9n, el penalista considera que en alguno de los seis juicios que se le fincar\u00e1n, pueden sentenciarlo a cadena perpetua y entonces podr\u00eda acumular seis cadenas perpetuas.<\/p>\n<p style=\"text-align: center;\"><strong>Perfilan desafuero de la \u201cchapodiputada\u201d<\/strong><\/p>\n<p>La Secci\u00f3n Instructora de la C\u00e1mara de Diputados aval\u00f3 desaforar por uso de documentaci\u00f3n falsa a la diputada local del Congreso de Sinaloa Lucero S\u00e1nchez L\u00f3pez, a quien se le vincula con Joaqu\u00edn \u201cEl Chapo\u201d Guzm\u00e1n Loera.<\/p>\n<p>El dictamen contra la legisladora, quien lleg\u00f3 a la curul con la alianza PAN-PRD-PT y el Partido Sinaloense (PAS), fue aprobado por unanimidad.<\/p>\n<p>Con la determinaci\u00f3n del \u00f3rgano legislativo, s\u00ed procede desaforarla con base en las pruebas periciales presentadas por la Procuradur\u00eda General de la Rep\u00fablica (PGR), entre ellas el hecho de que Lucero S\u00e1nchez visit\u00f3 al l\u00edder del C\u00e1rtel de Sinaloa el 4 de noviembre de 2014, para lo cual us\u00f3 una credencial de elector con el nombre de Vianey Villatorio.<\/p>\n<p>Una vez que la Secci\u00f3n Instructora formul\u00f3 las conclusiones y vot\u00f3 a favor del desafuero, le notific\u00f3 a la Mesa Directiva de la C\u00e1mara Baja para que en consecuencia informe a la Junta de Coordinaci\u00f3n Pol\u00edtica (Jucopo), que deber\u00e1 establecer un jurado de procedencia, adem\u00e1s de comunicarle a la legisladores y a su respectivo defensor, as\u00ed como al denunciante, que en este caso es la PGR.<\/p>\n<p>###<strong><br \/>\n<\/strong><\/p>\n<p><strong>El capo sinaloense,<\/strong> Joaqu\u00edn \u201cEl Chapo\u201d Guzm\u00e1n, est\u00e1 condenado a pasar el resto de su vida en c\u00e1rceles de la Uni\u00f3n Americana.<\/p>\n","protected":false},"excerpt":{"rendered":"<p>Ante la inminente extradici\u00f3n de Joaqu\u00edn \u201cEl Chapo\u201d Guzm\u00e1n a los Estados Unidos, uno de los m\u00e1s famosos abogados penalistas de ese pa\u00eds, Frank A. Rubino, consider\u00f3 que el sinaloense -de antemano- est\u00e1 condenado a pasar el resto de su vida en la Uni\u00f3n Americana y en las distintas c\u00e1rceles de ese pa\u00eds.<\/p>\n","protected":false},"author":3,"featured_media":269265,"comment_status":"open","ping_status":"open","sticky":false,"template":"","format":"standard","meta":{"_monsterinsights_skip_tracking":false,"_monsterinsights_sitenote_active":false,"_monsterinsights_sitenote_note":"","_monsterinsights_sitenote_category":0,"footnotes":""},"categories":[7],"tags":[177,6821,2765],"class_list":["post-269137","post","type-post","status-publish","format-standard","has-post-thumbnail","hentry","category-seguridad","tag-estados-unidos","tag-extradicion","tag-joaquin-el-chapo-guzman-loera"],"_links":{"self":[{"href":"https:\/\/www.diarioimagen.net\/index.php?rest_route=\/wp\/v2\/posts\/269137","targetHints":{"allow":["GET"]}}],"collection":[{"href":"https:\/\/www.diarioimagen.net\/index.php?rest_route=\/wp\/v2\/posts"}],"about":[{"href":"https:\/\/www.diarioimagen.net\/index.php?rest_route=\/wp\/v2\/types\/post"}],"author":[{"embeddable":true,"href":"https:\/\/www.diarioimagen.net\/index.php?rest_route=\/wp\/v2\/users\/3"}],"replies":[{"embeddable":true,"href":"https:\/\/www.diarioimagen.net\/index.php?rest_route=%2Fwp%2Fv2%2Fcomments&post=269137"}],"version-history":[{"count":0,"href":"https:\/\/www.diarioimagen.net\/index.php?rest_route=\/wp\/v2\/posts\/269137\/revisions"}],"wp:featuredmedia":[{"embeddable":true,"href":"https:\/\/www.diarioimagen.net\/index.php?rest_route=\/wp\/v2\/media\/269265"}],"wp:attachment":[{"href":"https:\/\/www.diarioimagen.net\/index.php?rest_route=%2Fwp%2Fv2%2Fmedia&parent=269137"}],"wp:term":[{"taxonomy":"category","embeddable":true,"href":"https:\/\/www.diarioimagen.net\/index.php?rest_route=%2Fwp%2Fv2%2Fcategories&post=269137"},{"taxonomy":"post_tag","embeddable":true,"href":"https:\/\/www.diarioimagen.net\/index.php?rest_route=%2Fwp%2Fv2%2Ftags&post=269137"}],"curies":[{"name":"wp","href":"https:\/\/api.w.org\/{rel}","templated":true}]}}