{"id":269175,"date":"2016-05-13T00:04:24","date_gmt":"2016-05-13T05:04:24","guid":{"rendered":"http:\/\/www.diarioimagen.net\/?p=269175"},"modified":"2016-05-13T04:21:39","modified_gmt":"2016-05-13T09:21:39","slug":"no-toleraran-acosos","status":"publish","type":"post","link":"https:\/\/www.diarioimagen.net\/?p=269175","title":{"rendered":"No tolerar\u00e1n acosos"},"content":{"rendered":"<h2>Segunda vuelta<\/h2>\n<h5>Luis Mu\u00f1oz<\/h5>\n<p>&nbsp;<\/p>\n<p>El acoso laboral y sexual es un fen\u00f3meno que no escapa, pr\u00e1cticamente, a ning\u00fan \u00e1mbito. Y se da con tanta frecuencia, que suele v\u00e9rsele con cierta indiferencia. Pero no para el presidente de la Suprema Corte de Justicia de la Naci\u00f3n, Luis Mar\u00eda Aguilar Morales.<\/p>\n<p>Ante hechos como el acoso laboral ha se\u00f1alado que\u00a0no dejar\u00e1 pasar delitos de esta naturaleza, ni de ning\u00fan otro. Advierte que se sancionar\u00e1 a los que no act\u00faen a la altura de su responsabilidad, sea cu\u00e1l sea.<\/p>\n<p>Hace unos d\u00edas se present\u00f3 uno de estos hechos en el Canal Judicial y \u00e1rea de visitas guiadas, y la instrucci\u00f3n fue tajante: llegar al fondo y castigar a los responsables.<\/p>\n<p>Trabajadores del Centro de Documentaci\u00f3n y An\u00e1lisis de la Suprema Corte, que pidieron el anonimato por obvias razones, dijeron que desde\u00a0febrero, cuando la maestra Martha Beatriz Pinedo Corrales ocup\u00f3 la titularidad de CDA, no se respetan sus\u00a0derechos humanos ni laborales.<\/p>\n<p>Se\u00f1alan que la \u201cconsigna\u201d de la funcionaria es \u201ccortar cabezas\u201d, empezando por la de su antecesora Diana Casta\u00f1eda Ponce, pretextando que forman parte de la anterior administraci\u00f3n, sin tomar en cuenta experiencia laboral, antig\u00fcedad, tipo de plaza, ni la inversi\u00f3n que la SCJN ha hecho en su profesionalizaci\u00f3n.<\/p>\n<p>A la funcionaria se le acusa de trato discriminatorio hacia el personal, pues\u00a0\u201cs\u00f3lo trata con ministros\u201d. A quienes por alguna raz\u00f3n protestan, les advierte que ser\u00e1n enviados , \u201ccomo castigo\u201d, a los archivos de Toluca.<\/p>\n<p>Nunca, que se sepa, ha sido bueno el \u201cterrorismo laboral\u201d, que tiene como\u00a0prop\u00f3sito la dominaci\u00f3n mediante acciones que pueden ser desde muy sutiles, hasta los extremos, siempre con la finalidad de imponer obediencia, sumisi\u00f3n o sometimiento basado en el terror. Pero tambi\u00e9n actos de provocaci\u00f3n, presi\u00f3n, intimidaci\u00f3n, exclusi\u00f3n, aislamiento, ridiculizaci\u00f3n, etc\u00e9tera.<\/p>\n<p>La situaci\u00f3n que se da en el Centro de Documentaci\u00f3n y An\u00e1lisis, que, por supuesto, no permitir\u00e1 el presidente de la SCJN, viola el \u201cAcuerdo General de Administraci\u00f3n III\/2012\u201d, emitido por el Comit\u00e9 de Gobierno y Administraci\u00f3n de la Suprema Corte de Justicia de la Naci\u00f3n, documento que sienta las bases para investigar y sancionar el acoso laboral y sexual en la SCJN.<\/p>\n<p style=\"text-align: center;\"><strong>ACOSO TAMBI\u00c9N EN EL IEDF<\/strong><\/p>\n<p>Por cierto, con copias de pl\u00e1ticas en Whatsapp (servicio de mensajer\u00eda instant\u00e1neo), como prueba del delito de acoso sexual de que fue v\u00edctima, una mujer denunci\u00f3 a un funcionario de Instituto Electoral del Distrito Federal.<\/p>\n<p>Esta mujer, identificada como Eunice Sierra, dijo que su caso se remonta al mes de mayo del a\u00f1o pasado, cuando pretend\u00eda una candidatura a una diputaci\u00f3n por el Partido Humanista, situaci\u00f3n que fue aprovechada por Omar Hern\u00e1ndez Cruz (IEDF) para proponerle que a cambio de favores sexuales podr\u00eda obtener una curul en la Asamblea Legislativa.<\/p>\n<p>Las autoridades correspondientes, en este caso la Procuradur\u00eda del DF, ser\u00e1n las que determinen la responsabilidad del funcionario y, en caso de ser culpable, a la sanci\u00f3n a que se haga merecedor.<\/p>\n<p style=\"text-align: center;\"><strong>CONDONAN PAGO DE AGUA<\/strong><\/p>\n<p>Sin duda, buena noticia para los usuarios del servicio dom\u00e9stico y mixto, as\u00ed como para mercados y concentraciones p\u00fablicas de algunas colonias, es el hecho de la condonaci\u00f3n del pago total por el suministro del vital l\u00edquido a 65 colonias de la delegaci\u00f3n Iztapalapa.<\/p>\n<p>El anuncio fue hecho en la Gaceta del Gobierno capitalino por el jefe de gobierno, Miguel \u00c1ngel Mancera.<\/p>\n<p>La diputada del PRD, Janet Hern\u00e1ndez Sotelo, se congratul\u00f3 por esta medida y subray\u00f3 que son decisiones que benefician a los habitantes que han registrado en sus domicilios un desabasto frecuente en los \u00faltimos seis a\u00f1os.<\/p>\n<p><em><a href=\"mailto:lm0007tri@yahoo.com.mx\" target=\"_blank\">lm0007tri@yahoo.com.mx<\/a><\/em><\/p>\n","protected":false},"excerpt":{"rendered":"<p><span style=\"color: #005497;\"><strong>Luis Mu\u00f1oz<\/strong><\/span><\/p>\n","protected":false},"author":3,"featured_media":0,"comment_status":"open","ping_status":"open","sticky":false,"template":"","format":"standard","meta":{"_monsterinsights_skip_tracking":false,"_monsterinsights_sitenote_active":false,"_monsterinsights_sitenote_note":"","_monsterinsights_sitenote_category":0,"footnotes":""},"categories":[144],"tags":[99,43674,100],"class_list":["post-269175","post","type-post","status-publish","format-standard","hentry","category-luis-munoz-opinion","tag-luis-munoz","tag-opinion","tag-segunda-vuelta"],"_links":{"self":[{"href":"https:\/\/www.diarioimagen.net\/index.php?rest_route=\/wp\/v2\/posts\/269175","targetHints":{"allow":["GET"]}}],"collection":[{"href":"https:\/\/www.diarioimagen.net\/index.php?rest_route=\/wp\/v2\/posts"}],"about":[{"href":"https:\/\/www.diarioimagen.net\/index.php?rest_route=\/wp\/v2\/types\/post"}],"author":[{"embeddable":true,"href":"https:\/\/www.diarioimagen.net\/index.php?rest_route=\/wp\/v2\/users\/3"}],"replies":[{"embeddable":true,"href":"https:\/\/www.diarioimagen.net\/index.php?rest_route=%2Fwp%2Fv2%2Fcomments&post=269175"}],"version-history":[{"count":0,"href":"https:\/\/www.diarioimagen.net\/index.php?rest_route=\/wp\/v2\/posts\/269175\/revisions"}],"wp:attachment":[{"href":"https:\/\/www.diarioimagen.net\/index.php?rest_route=%2Fwp%2Fv2%2Fmedia&parent=269175"}],"wp:term":[{"taxonomy":"category","embeddable":true,"href":"https:\/\/www.diarioimagen.net\/index.php?rest_route=%2Fwp%2Fv2%2Fcategories&post=269175"},{"taxonomy":"post_tag","embeddable":true,"href":"https:\/\/www.diarioimagen.net\/index.php?rest_route=%2Fwp%2Fv2%2Ftags&post=269175"}],"curies":[{"name":"wp","href":"https:\/\/api.w.org\/{rel}","templated":true}]}}