{"id":269340,"date":"2016-05-16T00:09:15","date_gmt":"2016-05-16T05:09:15","guid":{"rendered":"http:\/\/www.diarioimagen.net\/?p=269340"},"modified":"2016-05-16T01:31:32","modified_gmt":"2016-05-16T06:31:32","slug":"edomex-listo-para-aplicar-nueva-norma-de-verificacion","status":"publish","type":"post","link":"https:\/\/www.diarioimagen.net\/?p=269340","title":{"rendered":"Edomex, listo para aplicar nueva norma de verificaci\u00f3n"},"content":{"rendered":"<ul>\n<li><strong><em>Convenio con el gobierno de California para importar tecnolog\u00eda<\/em><\/strong><\/li>\n<\/ul>\n<p>&nbsp;<\/p>\n<p><a href=\"http:\/\/www.diarioimagen.net\/?attachment_id=269436\" rel=\"attachment wp-att-269436\"><img loading=\"lazy\" decoding=\"async\" class=\"aligncenter size-large wp-image-269436\" src=\"http:\/\/www.diarioimagen.net\/wp-content\/uploads\/2016\/05\/verificacion-2867-420x236.jpg\" alt=\"verificacion-2867\" width=\"420\" height=\"236\" srcset=\"https:\/\/www.diarioimagen.net\/wp-content\/uploads\/2016\/05\/verificacion-2867-420x236.jpg 420w, https:\/\/www.diarioimagen.net\/wp-content\/uploads\/2016\/05\/verificacion-2867-240x135.jpg 240w, https:\/\/www.diarioimagen.net\/wp-content\/uploads\/2016\/05\/verificacion-2867-235x132.jpg 235w, https:\/\/www.diarioimagen.net\/wp-content\/uploads\/2016\/05\/verificacion-2867-202x114.jpg 202w, https:\/\/www.diarioimagen.net\/wp-content\/uploads\/2016\/05\/verificacion-2867-350x196.jpg 350w, https:\/\/www.diarioimagen.net\/wp-content\/uploads\/2016\/05\/verificacion-2867-220x123.jpg 220w, https:\/\/www.diarioimagen.net\/wp-content\/uploads\/2016\/05\/verificacion-2867-237x132.jpg 237w, https:\/\/www.diarioimagen.net\/wp-content\/uploads\/2016\/05\/verificacion-2867.jpg 480w\" sizes=\"auto, (max-width: 420px) 100vw, 420px\" \/><\/a><\/p>\n<p>&nbsp;<\/p>\n<p><strong>Atizap\u00e1n de Zaragoza, Estado de M\u00e9xico<\/strong>.- El gobierno del Estado de M\u00e9xico se encuentra listo para cumplir a cabalidad con la Norma Emergente de Verificaci\u00f3n Vehicular que estar\u00e1 vigente a partir del 1 de julio, en virtud de que la administraci\u00f3n del gobernador Eruviel \u00c1vila Villegas le ha apostado a la modernizaci\u00f3n de dicho sistema, afirm\u00f3 el secretario de Medio Ambiente, Ra\u00fal Vargas Herrera.<\/p>\n<p>En conferencia de prensa, acompa\u00f1ado por\u00a0 Rodolfo Lacy Tamayo, subsecretario de Planeaci\u00f3n y Pol\u00edtica Ambiental de la Secretar\u00eda del Medio Ambiente y Recursos Naturales (Semarnat), y la directora general de Control Atmosf\u00e9rico de la Secretar\u00eda del Medio Ambiente, Susana Libi\u00e9n D\u00edaz Gonz\u00e1lez, el secretario de Medio Ambiente record\u00f3 que hace aproximadamente dos a\u00f1os y medio el Ejecutivo estatal firm\u00f3 un convenio con el gobierno del estado de California, con el prop\u00f3sito de importar la tecnolog\u00eda de Estados Unidos para utilizarla en los verificentros del Estado de M\u00e9xico.<\/p>\n<p>Agreg\u00f3 que se ha consolidado el sistema de verificaci\u00f3n en los 99 centros que operan en la entidad, desde que llega el autom\u00f3vil hasta que se les entrega su calcoman\u00eda, y derivado del sistema de control eficaz con que se cuenta se han clausurado 32 verificentros, de los cuales cuatro fueron asegurados por la Procuradur\u00eda General de Justicia del Estado de M\u00e9xico por presuntos actos de corrupci\u00f3n y en 20 m\u00e1s se establecieron diversas sanciones; adem\u00e1s desde el inicio de este gobierno se han suspendido 910 l\u00edneas de verificaci\u00f3n, con lo que se manifiesta que se tiene una supervisi\u00f3n estricta y permanente.<\/p>\n<p>En el Verificentro ATT-995, ubicado en el bulevard Ignacio Zaragoza, en la colonia M\u00e9xico 86, Vargas Herrera dio a conocer que el Centro \u201cMario Molina\u201d reconoci\u00f3 el dise\u00f1o, implementaci\u00f3n y operaci\u00f3n de un sistema centralizado de hologramas; la vigilancia en tiempo real en el centro de monitoreo remoto; accesos biom\u00e9tricos como medidas de seguridad; cambios de estaciones meteorol\u00f3gicas e instalaci\u00f3n de c\u00e1maras de vigilancia en cada verificentro; establecimiento de inspecciones f\u00edsicas y remotas; incremento en el n\u00famero de l\u00edneas de verificaci\u00f3n para mejorar el servicio a usuarios; mejora en seguridad de hologramas y control de asignaci\u00f3n e instalaci\u00f3n de OBD2 en cada l\u00ednea de verificaci\u00f3n.<\/p>\n","protected":false},"excerpt":{"rendered":"<p>El gobierno del Estado de M\u00e9xico se encuentra listo para cumplir a cabalidad con la Norma Emergente de Verificaci\u00f3n Vehicular que estar\u00e1 vigente a partir del 1 de julio, en virtud de que la administraci\u00f3n del gobernador Eruviel \u00c1vila Villegas le ha apostado a la modernizaci\u00f3n de dicho sistema, afirm\u00f3 el secretario de Medio Ambiente, Ra\u00fal Vargas Herrera.<\/p>\n","protected":false},"author":3,"featured_media":269436,"comment_status":"open","ping_status":"open","sticky":false,"template":"","format":"standard","meta":{"_monsterinsights_skip_tracking":false,"_monsterinsights_sitenote_active":false,"_monsterinsights_sitenote_note":"","_monsterinsights_sitenote_category":0,"footnotes":""},"categories":[5],"tags":[3561,43675],"class_list":["post-269340","post","type-post","status-publish","format-standard","has-post-thumbnail","hentry","category-estado-de-mexico","tag-atizapan-de-zaragoza","tag-estado-de-mexico"],"_links":{"self":[{"href":"https:\/\/www.diarioimagen.net\/index.php?rest_route=\/wp\/v2\/posts\/269340","targetHints":{"allow":["GET"]}}],"collection":[{"href":"https:\/\/www.diarioimagen.net\/index.php?rest_route=\/wp\/v2\/posts"}],"about":[{"href":"https:\/\/www.diarioimagen.net\/index.php?rest_route=\/wp\/v2\/types\/post"}],"author":[{"embeddable":true,"href":"https:\/\/www.diarioimagen.net\/index.php?rest_route=\/wp\/v2\/users\/3"}],"replies":[{"embeddable":true,"href":"https:\/\/www.diarioimagen.net\/index.php?rest_route=%2Fwp%2Fv2%2Fcomments&post=269340"}],"version-history":[{"count":0,"href":"https:\/\/www.diarioimagen.net\/index.php?rest_route=\/wp\/v2\/posts\/269340\/revisions"}],"wp:featuredmedia":[{"embeddable":true,"href":"https:\/\/www.diarioimagen.net\/index.php?rest_route=\/wp\/v2\/media\/269436"}],"wp:attachment":[{"href":"https:\/\/www.diarioimagen.net\/index.php?rest_route=%2Fwp%2Fv2%2Fmedia&parent=269340"}],"wp:term":[{"taxonomy":"category","embeddable":true,"href":"https:\/\/www.diarioimagen.net\/index.php?rest_route=%2Fwp%2Fv2%2Fcategories&post=269340"},{"taxonomy":"post_tag","embeddable":true,"href":"https:\/\/www.diarioimagen.net\/index.php?rest_route=%2Fwp%2Fv2%2Ftags&post=269340"}],"curies":[{"name":"wp","href":"https:\/\/api.w.org\/{rel}","templated":true}]}}