{"id":269343,"date":"2016-05-16T00:08:48","date_gmt":"2016-05-16T05:08:48","guid":{"rendered":"http:\/\/www.diarioimagen.net\/?p=269343"},"modified":"2016-05-16T01:33:13","modified_gmt":"2016-05-16T06:33:13","slug":"el-magisterio-mexiquense-ejemplo-para-todo-el-pais","status":"publish","type":"post","link":"https:\/\/www.diarioimagen.net\/?p=269343","title":{"rendered":"El magisterio mexiquense, ejemplo para todo el pa\u00eds"},"content":{"rendered":"<ul>\n<li><strong><em>Por su vocaci\u00f3n y compromiso: Eruviel \u00c1vila<\/em><\/strong><\/li>\n<\/ul>\n<p>&nbsp;<\/p>\n<div id=\"attachment_269445\" style=\"width: 430px\" class=\"wp-caption aligncenter\"><a href=\"http:\/\/www.diarioimagen.net\/?attachment_id=269445\" rel=\"attachment wp-att-269445\"><img loading=\"lazy\" decoding=\"async\" aria-describedby=\"caption-attachment-269445\" class=\"size-large wp-image-269445\" src=\"http:\/\/www.diarioimagen.net\/wp-content\/uploads\/2016\/05\/eruviel-maestros-2867-420x236.jpg\" alt=\"El gobernador Eruviel \u00c1vila entreg\u00f3 preseas de honor \u201cEstado de M\u00e9xico\u201d a docentes de la entidad, adem\u00e1s de cuatro condecoraciones \u201cMaestro Altamirano\u201d a profesores que cuentan con 40 o m\u00e1s a\u00f1os de servicio\" width=\"420\" height=\"236\" srcset=\"https:\/\/www.diarioimagen.net\/wp-content\/uploads\/2016\/05\/eruviel-maestros-2867-420x236.jpg 420w, https:\/\/www.diarioimagen.net\/wp-content\/uploads\/2016\/05\/eruviel-maestros-2867-240x135.jpg 240w, https:\/\/www.diarioimagen.net\/wp-content\/uploads\/2016\/05\/eruviel-maestros-2867-235x132.jpg 235w, https:\/\/www.diarioimagen.net\/wp-content\/uploads\/2016\/05\/eruviel-maestros-2867-202x114.jpg 202w, https:\/\/www.diarioimagen.net\/wp-content\/uploads\/2016\/05\/eruviel-maestros-2867-350x196.jpg 350w, https:\/\/www.diarioimagen.net\/wp-content\/uploads\/2016\/05\/eruviel-maestros-2867-220x123.jpg 220w, https:\/\/www.diarioimagen.net\/wp-content\/uploads\/2016\/05\/eruviel-maestros-2867-237x132.jpg 237w, https:\/\/www.diarioimagen.net\/wp-content\/uploads\/2016\/05\/eruviel-maestros-2867.jpg 480w\" sizes=\"auto, (max-width: 420px) 100vw, 420px\" \/><\/a><p id=\"caption-attachment-269445\" class=\"wp-caption-text\">El gobernador Eruviel \u00c1vila entreg\u00f3 preseas de honor \u201cEstado de M\u00e9xico\u201d a docentes de la entidad, adem\u00e1s de cuatro condecoraciones \u201cMaestro Altamirano\u201d a profesores que cuentan con 40 o m\u00e1s a\u00f1os de servicio<\/p><\/div>\n<p>&nbsp;<\/p>\n<p><strong>Toluca, Estado de M\u00e9xico<\/strong>.- En el marco de la celebraci\u00f3n del D\u00eda del Maestro, el gobernador Eruviel \u00c1vila Villegas afirm\u00f3 que los docentes del Estado de M\u00e9xico son orgullo y ejemplo para todo el pa\u00eds, ya que realizan la tarea de educar con una gran vocaci\u00f3n de servicio, dedicaci\u00f3n y constante profesionalizaci\u00f3n, por lo que refrend\u00f3 su compromiso de seguir apoyando al magisterio y continuar impulsado la calidad educativa en beneficio de millones de estudiantes.<\/p>\n<p>\u201cSiempre expreso el orgullo de tener a un magisterio como lo es el mexiquense; echado para adelante, comprometido con sus ni\u00f1as, con sus ni\u00f1os, con su preparaci\u00f3n. Y lo hemos visto en la implementaci\u00f3n de la reforma educativa. Mientras en otros estados estaban decidiendo si acud\u00edan a la evaluaci\u00f3n o no, aqu\u00ed en el Estado de M\u00e9xico, puntualmente las maestras y maestros mexiquenses atendieron el mandato de la Constituci\u00f3n y las leyes correspondientes, asistiendo a su evaluaci\u00f3n.<\/p>\n<p>\u201cTengo testimonios de maestras y maestros, que enfermos, inclusive alguna con ox\u00edgeno, alg\u00fan otro en ambulancia lleg\u00f3 a aplicar su examen. Eso habla del compromiso, del cari\u00f1o, de la vocaci\u00f3n de servicio del magisterio del Estado de M\u00e9xico\u201d, afirm\u00f3.<\/p>\n<p>En el patio central de Palacio de Gobierno, el mandatario estatal asegur\u00f3 que la ense\u00f1anza es clave en el desarrollo de cualquier sociedad, y que ser maestro implica cultivar el ingenio, la curiosidad y la capacidad de asombro de los alumnos, para lo cual necesitan capacitaci\u00f3n y profesionalizaci\u00f3n constante, por lo que instruy\u00f3 a la Secretar\u00eda General de Gobierno y a la Secretar\u00eda de Educaci\u00f3n, fortalecer los mecanismos de capacitaci\u00f3n que reciben los profesores, ya que, asegur\u00f3, en el magisterio existe talento y profesionalismo, y s\u00f3lo es necesario acercarle m\u00e1s herramientas que le permitan impartir una mejor educaci\u00f3n.<\/p>\n<p>&nbsp;<\/p>\n","protected":false},"excerpt":{"rendered":"<p>En el marco de la celebraci\u00f3n del D\u00eda del Maestro, el gobernador Eruviel \u00c1vila Villegas afirm\u00f3 que los docentes del Estado de M\u00e9xico son orgullo y ejemplo para todo el pa\u00eds, ya que realizan la tarea de educar con una gran vocaci\u00f3n de servicio, dedicaci\u00f3n y constante profesionalizaci\u00f3n, por lo que refrend\u00f3 su compromiso de seguir apoyando al magisterio y continuar impulsado la calidad educativa en beneficio de millones de estudiantes.<\/p>\n","protected":false},"author":3,"featured_media":269445,"comment_status":"open","ping_status":"open","sticky":false,"template":"","format":"standard","meta":{"_monsterinsights_skip_tracking":false,"_monsterinsights_sitenote_active":false,"_monsterinsights_sitenote_note":"","_monsterinsights_sitenote_category":0,"footnotes":""},"categories":[5],"tags":[6920,43675,9874,452],"class_list":["post-269343","post","type-post","status-publish","format-standard","has-post-thumbnail","hentry","category-estado-de-mexico","tag-dia-del-maestro","tag-estado-de-mexico","tag-magisterio","tag-toluca"],"_links":{"self":[{"href":"https:\/\/www.diarioimagen.net\/index.php?rest_route=\/wp\/v2\/posts\/269343","targetHints":{"allow":["GET"]}}],"collection":[{"href":"https:\/\/www.diarioimagen.net\/index.php?rest_route=\/wp\/v2\/posts"}],"about":[{"href":"https:\/\/www.diarioimagen.net\/index.php?rest_route=\/wp\/v2\/types\/post"}],"author":[{"embeddable":true,"href":"https:\/\/www.diarioimagen.net\/index.php?rest_route=\/wp\/v2\/users\/3"}],"replies":[{"embeddable":true,"href":"https:\/\/www.diarioimagen.net\/index.php?rest_route=%2Fwp%2Fv2%2Fcomments&post=269343"}],"version-history":[{"count":0,"href":"https:\/\/www.diarioimagen.net\/index.php?rest_route=\/wp\/v2\/posts\/269343\/revisions"}],"wp:featuredmedia":[{"embeddable":true,"href":"https:\/\/www.diarioimagen.net\/index.php?rest_route=\/wp\/v2\/media\/269445"}],"wp:attachment":[{"href":"https:\/\/www.diarioimagen.net\/index.php?rest_route=%2Fwp%2Fv2%2Fmedia&parent=269343"}],"wp:term":[{"taxonomy":"category","embeddable":true,"href":"https:\/\/www.diarioimagen.net\/index.php?rest_route=%2Fwp%2Fv2%2Fcategories&post=269343"},{"taxonomy":"post_tag","embeddable":true,"href":"https:\/\/www.diarioimagen.net\/index.php?rest_route=%2Fwp%2Fv2%2Ftags&post=269343"}],"curies":[{"name":"wp","href":"https:\/\/api.w.org\/{rel}","templated":true}]}}