{"id":269499,"date":"2016-05-17T00:09:41","date_gmt":"2016-05-17T05:09:41","guid":{"rendered":"http:\/\/www.diarioimagen.net\/?p=269499"},"modified":"2016-05-16T22:52:35","modified_gmt":"2016-05-17T03:52:35","slug":"mexicanos-con-afore-deberan-registrar-huella-y-voz","status":"publish","type":"post","link":"https:\/\/www.diarioimagen.net\/?p=269499","title":{"rendered":"Registro de huella y voz para tr\u00e1mites de Afore"},"content":{"rendered":"<ul>\n<li><strong><em>Medidas contra robo de identidad<\/em><\/strong><\/li>\n<\/ul>\n<p>&nbsp;<\/p>\n<div id=\"attachment_269500\" style=\"width: 430px\" class=\"wp-caption aligncenter\"><a href=\"http:\/\/www.diarioimagen.net\/?attachment_id=269500\" rel=\"attachment wp-att-269500\"><img loading=\"lazy\" decoding=\"async\" aria-describedby=\"caption-attachment-269500\" class=\"wp-image-269500 size-large\" src=\"http:\/\/www.diarioimagen.net\/wp-content\/uploads\/2016\/05\/AFORES17-portal-420x236.jpg\" alt=\"Los trabajadores que se afilien o quieran cambiarse a una Afore deber\u00e1n incorporar a su expediente electr\u00f3nico sus huellas, registro de voz y firma digital.\" width=\"420\" height=\"236\" srcset=\"https:\/\/www.diarioimagen.net\/wp-content\/uploads\/2016\/05\/AFORES17-portal-420x236.jpg 420w, https:\/\/www.diarioimagen.net\/wp-content\/uploads\/2016\/05\/AFORES17-portal-240x135.jpg 240w, https:\/\/www.diarioimagen.net\/wp-content\/uploads\/2016\/05\/AFORES17-portal-235x132.jpg 235w, https:\/\/www.diarioimagen.net\/wp-content\/uploads\/2016\/05\/AFORES17-portal-202x114.jpg 202w, https:\/\/www.diarioimagen.net\/wp-content\/uploads\/2016\/05\/AFORES17-portal-350x196.jpg 350w, https:\/\/www.diarioimagen.net\/wp-content\/uploads\/2016\/05\/AFORES17-portal-220x123.jpg 220w, https:\/\/www.diarioimagen.net\/wp-content\/uploads\/2016\/05\/AFORES17-portal-237x132.jpg 237w, https:\/\/www.diarioimagen.net\/wp-content\/uploads\/2016\/05\/AFORES17-portal.jpg 480w\" sizes=\"auto, (max-width: 420px) 100vw, 420px\" \/><\/a><p id=\"caption-attachment-269500\" class=\"wp-caption-text\">Los trabajadores que se afilien o quieran cambiarse a una Afore deber\u00e1n incorporar a su expediente electr\u00f3nico sus huellas, registro de voz y firma digital.<\/p><\/div>\n<p>&nbsp;<\/p>\n<p>Los trabajadores mexicanos que se afilien o quieran cambiarse a una Afore deber\u00e1n incorporar a su expediente electr\u00f3nico sus huellas, registro de voz y firma digital, desde este mes, lo que dar\u00e1 mayor seguridad sobre el uso de sus datos.<\/p>\n<p>El presidente de la Comisi\u00f3n Nacional del Sistema de Ahorro para el Retiro (Consar), Carlos Ram\u00edrez Fuentes, se\u00f1al\u00f3 que el uso de esa tecnolog\u00eda no tiene precedentes en ning\u00fan otro sistema de pensiones alrededor del mundo, y permitir\u00e1 ahorros a las Afores que se traducir\u00e1n, en el tiempo, en menores comisiones para los trabajadores.<\/p>\n<p>Con la nueva base de datos de huellas dactilares y de voz facilitar\u00e1 la vida de los trabajadores en el futuro, disminuir\u00e1 los costos en el sistema de pensiones, brindar\u00e1 seguridad en los tr\u00e1mites de pensiones, adem\u00e1s de que se eliminar\u00e1n m\u00faltiples errores (como escribir mal un dato) que han ocurrido por el uso de papel y que conllevan a tr\u00e1mites largos y engorrosos.<\/p>\n<p>Al asegurar que esto \u201ccambiar\u00e1 la din\u00e1mica del sistema las pr\u00f3ximas d\u00e9cadas\u201d, explic\u00f3 que en un inicio el uso de biom\u00e9tricos s\u00f3lo se aplicar\u00e1 para los tr\u00e1mites de registro en una Administradoras de Fondos para el Retiro (Afore) y traspasos de cuentas individuales. En 2015, estos dos tr\u00e1mites sumaron alrededor de 2.8 millones de tr\u00e1mites.<\/p>\n<p>Dijo que un tr\u00e1mite con papel tiene un costo del entre 200 a 250 pesos, pero con el uso de biom\u00e9tricos se reducir\u00e1 a entre 60 y 70 pesos, lo que implicar\u00eda un ahorro inicial de entre 400 y 500 millones de pesos este a\u00f1o, cifra que se espera aumente en el tiempo.<\/p>\n<p>Para el oto\u00f1o de este a\u00f1o, el uso de biom\u00e9tricos se ampliar\u00e1 a otros servicios como recertificaci\u00f3n, unificaci\u00f3n de cuentas, correcci\u00f3n de datos, entre otros, como una forma de adelantarse al periodo en el que un mayor n\u00famero de mexicanos har\u00e1 tr\u00e1mites para su retiro.<\/p>\n<p>Precis\u00f3 que las Afores tienen alrededor de 7 mil millones de pesos gasto operativo, que en mediano o largo plazo esto tender\u00e1 a reducirse. \u201cEntre m\u00e1s eficientes se haga el sistema de pensiones m\u00e1s espacio habr\u00e1 para la reducci\u00f3n de comisiones. Esto es un proceso gradual. Estamos seguros que traer\u00e1 beneficios para los trabajadores\u201d.<\/p>\n<p>Asimismo, confi\u00f3 en que al a\u00f1o se incorporen alrededor de cuatro registros con biom\u00e9tricos, hasta llegar a abarcar el total de cuentas que hay en el sistema, que suman 54 millones.<\/p>\n","protected":false},"excerpt":{"rendered":"<p>Los trabajadores mexicanos que se afilien o quieran cambiarse a una Afore deber\u00e1n incorporar a su expediente electr\u00f3nico sus huellas, registro de voz y firma digital, desde este mes, lo que dar\u00e1 mayor seguridad sobre el uso de sus datos. El presidente de la Comisi\u00f3n Nacional del Sistema de Ahorro para el Retiro (Consar), Carlos Ram\u00edrez Fuentes, se\u00f1al\u00f3 que el uso de esa tecnolog\u00eda no tiene precedentes en ning\u00fan otro sistema de pensiones alrededor del mundo, y permitir\u00e1 ahorros a las Afores que se traducir\u00e1n, en el tiempo, en menores comisiones para los trabajadores.<\/p>\n","protected":false},"author":5,"featured_media":269500,"comment_status":"open","ping_status":"open","sticky":false,"template":"","format":"standard","meta":{"_monsterinsights_skip_tracking":false,"_monsterinsights_sitenote_active":false,"_monsterinsights_sitenote_note":"","_monsterinsights_sitenote_category":0,"footnotes":""},"categories":[3],"tags":[5390,43673,21386,19113],"class_list":["post-269499","post","type-post","status-publish","format-standard","has-post-thumbnail","hentry","category-nacional","tag-afore","tag-nacional","tag-registro","tag-voz"],"_links":{"self":[{"href":"https:\/\/www.diarioimagen.net\/index.php?rest_route=\/wp\/v2\/posts\/269499","targetHints":{"allow":["GET"]}}],"collection":[{"href":"https:\/\/www.diarioimagen.net\/index.php?rest_route=\/wp\/v2\/posts"}],"about":[{"href":"https:\/\/www.diarioimagen.net\/index.php?rest_route=\/wp\/v2\/types\/post"}],"author":[{"embeddable":true,"href":"https:\/\/www.diarioimagen.net\/index.php?rest_route=\/wp\/v2\/users\/5"}],"replies":[{"embeddable":true,"href":"https:\/\/www.diarioimagen.net\/index.php?rest_route=%2Fwp%2Fv2%2Fcomments&post=269499"}],"version-history":[{"count":0,"href":"https:\/\/www.diarioimagen.net\/index.php?rest_route=\/wp\/v2\/posts\/269499\/revisions"}],"wp:featuredmedia":[{"embeddable":true,"href":"https:\/\/www.diarioimagen.net\/index.php?rest_route=\/wp\/v2\/media\/269500"}],"wp:attachment":[{"href":"https:\/\/www.diarioimagen.net\/index.php?rest_route=%2Fwp%2Fv2%2Fmedia&parent=269499"}],"wp:term":[{"taxonomy":"category","embeddable":true,"href":"https:\/\/www.diarioimagen.net\/index.php?rest_route=%2Fwp%2Fv2%2Fcategories&post=269499"},{"taxonomy":"post_tag","embeddable":true,"href":"https:\/\/www.diarioimagen.net\/index.php?rest_route=%2Fwp%2Fv2%2Ftags&post=269499"}],"curies":[{"name":"wp","href":"https:\/\/api.w.org\/{rel}","templated":true}]}}