{"id":269563,"date":"2016-05-17T00:10:19","date_gmt":"2016-05-17T05:10:19","guid":{"rendered":"http:\/\/www.diarioimagen.net\/?p=269563"},"modified":"2016-05-17T04:08:49","modified_gmt":"2016-05-17T09:08:49","slug":"fernando-savater-imparte-conferencia-magistral","status":"publish","type":"post","link":"https:\/\/www.diarioimagen.net\/?p=269563","title":{"rendered":"Fernando Savater imparte conferencia magistral"},"content":{"rendered":"<p><a href=\"http:\/\/www.diarioimagen.net\/?attachment_id=269681\" rel=\"attachment wp-att-269681\"><img loading=\"lazy\" decoding=\"async\" class=\"aligncenter size-large wp-image-269681\" src=\"http:\/\/www.diarioimagen.net\/wp-content\/uploads\/2016\/05\/savater-2868-420x236.jpg\" alt=\"savater-2868\" width=\"420\" height=\"236\" srcset=\"https:\/\/www.diarioimagen.net\/wp-content\/uploads\/2016\/05\/savater-2868-420x236.jpg 420w, https:\/\/www.diarioimagen.net\/wp-content\/uploads\/2016\/05\/savater-2868-240x135.jpg 240w, https:\/\/www.diarioimagen.net\/wp-content\/uploads\/2016\/05\/savater-2868-768x432.jpg 768w, https:\/\/www.diarioimagen.net\/wp-content\/uploads\/2016\/05\/savater-2868-480x270.jpg 480w, https:\/\/www.diarioimagen.net\/wp-content\/uploads\/2016\/05\/savater-2868-235x132.jpg 235w, https:\/\/www.diarioimagen.net\/wp-content\/uploads\/2016\/05\/savater-2868-202x114.jpg 202w, https:\/\/www.diarioimagen.net\/wp-content\/uploads\/2016\/05\/savater-2868-350x196.jpg 350w, https:\/\/www.diarioimagen.net\/wp-content\/uploads\/2016\/05\/savater-2868-220x123.jpg 220w, https:\/\/www.diarioimagen.net\/wp-content\/uploads\/2016\/05\/savater-2868-237x132.jpg 237w, https:\/\/www.diarioimagen.net\/wp-content\/uploads\/2016\/05\/savater-2868.jpg 1200w\" sizes=\"auto, (max-width: 420px) 100vw, 420px\" \/><\/a><\/p>\n<p>&nbsp;<\/p>\n<p><strong>Toluca, Estado de M\u00e9xico.- <\/strong>El escritor y fil\u00f3sofo Fernando Savater imparti\u00f3 una conferencia magistral a alumnos y docentes de escuelas secundarias, preparatorias y normales del Estado de M\u00e9xico, ante quienes afirm\u00f3 que el papel de los maestros es fundamental en la construcci\u00f3n social. Al evento asisti\u00f3 el gobernador Eruviel \u00c1vila Villegas.<\/p>\n","protected":false},"excerpt":{"rendered":"<p>El escritor y fil\u00f3sofo Fernando Savater imparti\u00f3 una conferencia magistral a alumnos y docentes de escuelas secundarias, preparatorias y normales del Estado de M\u00e9xico, ante quienes afirm\u00f3 que el papel de los maestros es fundamental en la construcci\u00f3n social.<\/p>\n","protected":false},"author":3,"featured_media":269681,"comment_status":"open","ping_status":"open","sticky":false,"template":"","format":"standard","meta":{"_monsterinsights_skip_tracking":false,"_monsterinsights_sitenote_active":false,"_monsterinsights_sitenote_note":"","_monsterinsights_sitenote_category":0,"footnotes":""},"categories":[5],"tags":[43675,452],"class_list":["post-269563","post","type-post","status-publish","format-standard","has-post-thumbnail","hentry","category-estado-de-mexico","tag-estado-de-mexico","tag-toluca"],"_links":{"self":[{"href":"https:\/\/www.diarioimagen.net\/index.php?rest_route=\/wp\/v2\/posts\/269563","targetHints":{"allow":["GET"]}}],"collection":[{"href":"https:\/\/www.diarioimagen.net\/index.php?rest_route=\/wp\/v2\/posts"}],"about":[{"href":"https:\/\/www.diarioimagen.net\/index.php?rest_route=\/wp\/v2\/types\/post"}],"author":[{"embeddable":true,"href":"https:\/\/www.diarioimagen.net\/index.php?rest_route=\/wp\/v2\/users\/3"}],"replies":[{"embeddable":true,"href":"https:\/\/www.diarioimagen.net\/index.php?rest_route=%2Fwp%2Fv2%2Fcomments&post=269563"}],"version-history":[{"count":0,"href":"https:\/\/www.diarioimagen.net\/index.php?rest_route=\/wp\/v2\/posts\/269563\/revisions"}],"wp:featuredmedia":[{"embeddable":true,"href":"https:\/\/www.diarioimagen.net\/index.php?rest_route=\/wp\/v2\/media\/269681"}],"wp:attachment":[{"href":"https:\/\/www.diarioimagen.net\/index.php?rest_route=%2Fwp%2Fv2%2Fmedia&parent=269563"}],"wp:term":[{"taxonomy":"category","embeddable":true,"href":"https:\/\/www.diarioimagen.net\/index.php?rest_route=%2Fwp%2Fv2%2Fcategories&post=269563"},{"taxonomy":"post_tag","embeddable":true,"href":"https:\/\/www.diarioimagen.net\/index.php?rest_route=%2Fwp%2Fv2%2Ftags&post=269563"}],"curies":[{"name":"wp","href":"https:\/\/api.w.org\/{rel}","templated":true}]}}