{"id":269570,"date":"2016-05-17T00:05:00","date_gmt":"2016-05-17T05:05:00","guid":{"rendered":"http:\/\/www.diarioimagen.net\/?p=269570"},"modified":"2016-05-17T22:03:25","modified_gmt":"2016-05-18T03:03:25","slug":"listo-el-tsj-para-el-reto-de-la-reforma-penal","status":"publish","type":"post","link":"https:\/\/www.diarioimagen.net\/?p=269570","title":{"rendered":"Listo, el TSJ para el reto de la reforma penal"},"content":{"rendered":"<ul>\n<li><strong><em>Asegura el magistrado El\u00edas Azar<\/em><\/strong><\/li>\n<\/ul>\n<p>&nbsp;<\/p>\n<div id=\"attachment_269687\" style=\"width: 430px\" class=\"wp-caption aligncenter\"><a href=\"http:\/\/www.diarioimagen.net\/?attachment_id=269687\" rel=\"attachment wp-att-269687\"><img loading=\"lazy\" decoding=\"async\" aria-describedby=\"caption-attachment-269687\" class=\"size-large wp-image-269687\" src=\"http:\/\/www.diarioimagen.net\/wp-content\/uploads\/2016\/05\/elias-azar-2868-420x236.jpg\" alt=\"El magistrado presidente, Edgar El\u00edas Azar, encabez\u00f3 la entrega de reconocimientos a jueces y magistrados del \u00f3rgano judicial capitalino con labores docentes, en el Instituto de Estudios Judiciales.\" width=\"420\" height=\"236\" srcset=\"https:\/\/www.diarioimagen.net\/wp-content\/uploads\/2016\/05\/elias-azar-2868-420x236.jpg 420w, https:\/\/www.diarioimagen.net\/wp-content\/uploads\/2016\/05\/elias-azar-2868-240x135.jpg 240w, https:\/\/www.diarioimagen.net\/wp-content\/uploads\/2016\/05\/elias-azar-2868-480x270.jpg 480w, https:\/\/www.diarioimagen.net\/wp-content\/uploads\/2016\/05\/elias-azar-2868-235x132.jpg 235w, https:\/\/www.diarioimagen.net\/wp-content\/uploads\/2016\/05\/elias-azar-2868-202x114.jpg 202w, https:\/\/www.diarioimagen.net\/wp-content\/uploads\/2016\/05\/elias-azar-2868-350x196.jpg 350w, https:\/\/www.diarioimagen.net\/wp-content\/uploads\/2016\/05\/elias-azar-2868-220x123.jpg 220w, https:\/\/www.diarioimagen.net\/wp-content\/uploads\/2016\/05\/elias-azar-2868-237x132.jpg 237w, https:\/\/www.diarioimagen.net\/wp-content\/uploads\/2016\/05\/elias-azar-2868.jpg 700w\" sizes=\"auto, (max-width: 420px) 100vw, 420px\" \/><\/a><p id=\"caption-attachment-269687\" class=\"wp-caption-text\">El magistrado presidente, Edgar El\u00edas Azar, encabez\u00f3 la entrega de reconocimientos a jueces y magistrados del \u00f3rgano judicial capitalino con labores docentes, en el Instituto de Estudios Judiciales.<\/p><\/div>\n<p>&nbsp;<\/p>\n<p>El presidente del Tribunal Superior de Justicia de la Ciudad de M\u00e9xico (TSJCDMX), magistrado Edgar El\u00edas Azar, enfatiz\u00f3 que la instituci\u00f3n est\u00e1 lista para encarar el reto de la reforma al sistema penal acusatorio y, asimismo, de pie para la oralidad en las\u00a0 materias civil, mercantil y familiar.<\/p>\n<p>Al pronunciar un discurso por el D\u00eda del Maestro, asegur\u00f3 que en el TSJCDMX, con la ayuda de jueces, magistrados y el Instituto de Estudios Judiciales (IEJ), se ha actualizado a m\u00e1s de 6 mil 700 operadores judiciales de 2008 a 2015, esto es, a un promedio anual de 960 personas, para la entrada en vigor de la reforma penal.<\/p>\n<p>En el auditorio Benito Ju\u00e1rez del TSJCDMX, el magistrado encabez\u00f3 la entrega de reconocimientos a jueces y magistrados con labor docente en el IEJ, ante quienes advirti\u00f3 que la justicia no puede abandonar, bajo ninguna circunstancia, a la academia, y en donde refrend\u00f3 el compromiso de poner en marcha la Escuela Nacional de Jueces, en la que se plantea crear un campus virtual para beneficio de todos los funcionarios judiciales del pa\u00eds.<\/p>\n<p>Acompa\u00f1ado de consejeros de la Judicatura capitalina y de funcionarios del TSJCDMX, el presidente magistrado asever\u00f3 que la parte acad\u00e9mica desarrollada en la instituci\u00f3n es fundamental en el desarrollo de la administraci\u00f3n de justicia.<\/p>\n<p>\u201cNo podemos vivir sin la academia, no podemos vivir sin maestros\u201d, consider\u00f3 El\u00edas Azar, quien expres\u00f3 su reconocimiento a los impartidores de justicia con labor docente en el IEJ.<\/p>\n<p>\u201cQueremos hacer un reconocimiento a los juzgadores docentes que sin reticencia de tiempo, familia o circunstancia han brindado al Instituto de Estudios Judiciales sus conocimientos y experiencias para compartir con otros, en una acci\u00f3n deliberada de reproducci\u00f3n y multiplicaci\u00f3n de nuestra especie\u201d.<\/p>\n<p style=\"text-align: center;\"><strong>Toma protesta a\u00a0<\/strong><strong>15 nuevos jueces<\/strong><\/p>\n<p>Ante jueces que rindieron protesta ayer, el presidente del Tribunal Superior de Justicia de la Ciudad de M\u00e9xico (TSJCDMX), magistrado Edgar El\u00edas Azar, destac\u00f3 que el Poder Judicial capitalino avanza con decisi\u00f3n institucional y convicci\u00f3n en la implementaci\u00f3n de la reforma en materia de justicia penal m\u00e1s ambiciosa y de mayor profundidad durante el \u00faltimo siglo.<\/p>\n<p>En sesi\u00f3n p\u00fablica de pleno de magistrados, subray\u00f3 que se trata de una reforma de dimensiones mayores con implicaciones de cambio radical en la pr\u00e1ctica judicial, misma que impone retos serios de diversa naturaleza, que van de lo presupuestal y la obra p\u00fablica, hasta la implementaci\u00f3n de nuevos procedimientos legales y nuevos formas de impartir justicia.<\/p>\n<p>A los nuevos jueces -14 de los cuales se suman al sistema procesal acusatorio-, el magistrado les record\u00f3 que les toca la responsabilidad enorme de poner en marcha la reforma con cimientos firmes y estructuras s\u00f3lidas. Son ustedes, mencion\u00f3 durante su discurso, los iniciadores de una nueva y prometedora generaci\u00f3n de juzgadores mexicanos.<\/p>\n<p>Con la presencia del pleno de consejeros de la Judicatura de la Ciudad de M\u00e9xico, El\u00edas Azar, asimismo, record\u00f3 que la carrera judicial en el TSJCDMX se ejerce gracias a trabajo arduo y constante, y a\u00f1adi\u00f3 que se perdura en \u00e9sta por merecimientos y reconocimientos a una conducta sin tacha, y por el desarrollo de un fino y equilibrado sentido de lo que es justo.<\/p>\n<p>A\u00f1adi\u00f3 que ser juzgador es un privilegio y no un derecho; una responsabilidad, nunca una prebenda. Adem\u00e1s, puntualiz\u00f3 que el juez act\u00faa de cara a la sociedad y que cada vez que se resuelve un asunto, no se trata de un acto en solitario o en encierro en un cuarto oscuro. Cada fallo y sentencia judicial es un acto de poder que afecta, para bien y para mal, a todos y se realiza en casa de cristal. En la sesi\u00f3n p\u00fablica fueron investidos con toga 14 nuevos jueces que se suman al sistema procesal acusatorio y uno m\u00e1s a la materia familiar.<\/p>\n<p>&nbsp;<\/p>\n","protected":false},"excerpt":{"rendered":"<p>El presidente del Tribunal Superior de Justicia de la Ciudad de M\u00e9xico (TSJCDMX), magistrado Edgar El\u00edas Azar, enfatiz\u00f3 que la instituci\u00f3n est\u00e1 lista para encarar el reto de la reforma al sistema penal acusatorio y, asimismo, de pie para la oralidad en las  materias civil, mercantil y familiar.<\/p>\n","protected":false},"author":3,"featured_media":269687,"comment_status":"open","ping_status":"open","sticky":false,"template":"","format":"standard","meta":{"_monsterinsights_skip_tracking":false,"_monsterinsights_sitenote_active":false,"_monsterinsights_sitenote_note":"","_monsterinsights_sitenote_category":0,"footnotes":""},"categories":[6],"tags":[204,1925,49194],"class_list":["post-269570","post","type-post","status-publish","format-standard","has-post-thumbnail","hentry","category-cd-de-mexico","tag-ciudad-de-mexico","tag-edgar-elias-azar","tag-tribunal-superior-de-justicia-de-la-ciudad-de-mexico"],"_links":{"self":[{"href":"https:\/\/www.diarioimagen.net\/index.php?rest_route=\/wp\/v2\/posts\/269570","targetHints":{"allow":["GET"]}}],"collection":[{"href":"https:\/\/www.diarioimagen.net\/index.php?rest_route=\/wp\/v2\/posts"}],"about":[{"href":"https:\/\/www.diarioimagen.net\/index.php?rest_route=\/wp\/v2\/types\/post"}],"author":[{"embeddable":true,"href":"https:\/\/www.diarioimagen.net\/index.php?rest_route=\/wp\/v2\/users\/3"}],"replies":[{"embeddable":true,"href":"https:\/\/www.diarioimagen.net\/index.php?rest_route=%2Fwp%2Fv2%2Fcomments&post=269570"}],"version-history":[{"count":0,"href":"https:\/\/www.diarioimagen.net\/index.php?rest_route=\/wp\/v2\/posts\/269570\/revisions"}],"wp:featuredmedia":[{"embeddable":true,"href":"https:\/\/www.diarioimagen.net\/index.php?rest_route=\/wp\/v2\/media\/269687"}],"wp:attachment":[{"href":"https:\/\/www.diarioimagen.net\/index.php?rest_route=%2Fwp%2Fv2%2Fmedia&parent=269570"}],"wp:term":[{"taxonomy":"category","embeddable":true,"href":"https:\/\/www.diarioimagen.net\/index.php?rest_route=%2Fwp%2Fv2%2Fcategories&post=269570"},{"taxonomy":"post_tag","embeddable":true,"href":"https:\/\/www.diarioimagen.net\/index.php?rest_route=%2Fwp%2Fv2%2Ftags&post=269570"}],"curies":[{"name":"wp","href":"https:\/\/api.w.org\/{rel}","templated":true}]}}