{"id":269580,"date":"2016-05-17T00:06:48","date_gmt":"2016-05-17T05:06:48","guid":{"rendered":"http:\/\/www.diarioimagen.net\/?p=269580"},"modified":"2016-05-17T03:49:42","modified_gmt":"2016-05-17T08:49:42","slug":"llaman-en-tultepec-a-fomentar-la-lectura","status":"publish","type":"post","link":"https:\/\/www.diarioimagen.net\/?p=269580","title":{"rendered":"Llaman en Tultepec a fomentar la lectura"},"content":{"rendered":"<ul>\n<li><strong><em>30 Aniversario de la Biblioteca Sor Juana<\/em><\/strong><\/li>\n<\/ul>\n<p>&nbsp;<\/p>\n<div id=\"attachment_269693\" style=\"width: 430px\" class=\"wp-caption aligncenter\"><a href=\"http:\/\/www.diarioimagen.net\/?attachment_id=269693\" rel=\"attachment wp-att-269693\"><img loading=\"lazy\" decoding=\"async\" aria-describedby=\"caption-attachment-269693\" class=\"size-large wp-image-269693\" src=\"http:\/\/www.diarioimagen.net\/wp-content\/uploads\/2016\/05\/TULTEPEC-2868-420x278.jpg\" alt=\"El alcalde, Armando Portuguez Fuentes, se pronunci\u00f3 por fomentar el h\u00e1bito de la lectura.\" width=\"420\" height=\"278\" srcset=\"https:\/\/www.diarioimagen.net\/wp-content\/uploads\/2016\/05\/TULTEPEC-2868-420x278.jpg 420w, https:\/\/www.diarioimagen.net\/wp-content\/uploads\/2016\/05\/TULTEPEC-2868-240x159.jpg 240w, https:\/\/www.diarioimagen.net\/wp-content\/uploads\/2016\/05\/TULTEPEC-2868-768x509.jpg 768w, https:\/\/www.diarioimagen.net\/wp-content\/uploads\/2016\/05\/TULTEPEC-2868.jpg 770w\" sizes=\"auto, (max-width: 420px) 100vw, 420px\" \/><\/a><p id=\"caption-attachment-269693\" class=\"wp-caption-text\">El alcalde, Armando Portuguez Fuentes, se pronunci\u00f3 por fomentar el h\u00e1bito de la lectura.<\/p><\/div>\n<p>&nbsp;<\/p>\n<p><strong>Tultepec, Estado de M\u00e9xico<\/strong>.- Al conmemorar el XXX aniversario de la biblioteca\u00a0Sor Juana In\u00e9s de la Cruz,\u00a0el alcalde Armando Portuguez Fuentes, se pronunci\u00f3 por que el uso de las nuevas tecnolog\u00edas, no nos alejen de la lectura, \u201cporque leer, permite a cualquier ciudadano tener una visi\u00f3n m\u00e1s clara de las cosas, mejores criterios, mejor facilidad de palabra y un mayor razonamiento\u201d.<\/p>\n<p>En ceremonia c\u00edvica celebrada en la explanada municipal ante la presencia del Cabildo en pleno, directores de \u00e1rea y del ex edil Antonio Urb\u00e1n Velasco, impulsor de la primera biblioteca en Tultepec durante su mandato en 1986, el Ejecutivo municipal hizo un llamado a fomentar el h\u00e1bito de la lectura entre los ni\u00f1os y j\u00f3venes.<\/p>\n<p>Agradeci\u00f3 p\u00fablicamente a sus antecesores que, como Antonio Urb\u00e1n Velasco, contribuyeron a sentar las bases para engrandecer a Tultepec, lo que ha permitido que a 30 a\u00f1os de la inauguraci\u00f3n de este espacio, hoy se cuente con m\u00e1s bibliotecas y mayor infraestructura en materia de salud y deporte a favor de la ciudadan\u00eda.<\/p>\n<p>Anunci\u00f3 que en coordinaci\u00f3n con el gobierno del Estado de M\u00e9xico, se proyecta la instalaci\u00f3n de varias bibliotecas digitales, una de las cuales se ubica en Real de Tultepec, que se espera comience a funcionar en algunas semanas.<\/p>\n<p>El alcalde hizo un llamado a todos los presentes para contribuir en generar obras, acciones y servicios que permitan brindar mayores condiciones de bienestar a la ciudadan\u00eda.<\/p>\n<p>En su intervenci\u00f3n, el ex mun\u00edcipe Antonio Urb\u00e1n Velasco, hizo una remembranza del origen de la biblioteca Sor Juana In\u00e9s de la Cruz, donde se dio una gran participaci\u00f3n de la ciudadan\u00eda durante la organizaci\u00f3n de\u00a0Un kil\u00f3metro del libro,\u00a0para contar con el acervo que llenar\u00eda la estanter\u00eda del lugar, impulsada por la maestra Asunci\u00f3n S\u00e1nchez Aguilar.<\/p>\n<p>&nbsp;<\/p>\n","protected":false},"excerpt":{"rendered":"<p>Al conmemorar el XXX aniversario de la biblioteca Sor Juana In\u00e9s de la Cruz, el alcalde Armando Portuguez Fuentes, se pronunci\u00f3 por que el uso de las nuevas tecnolog\u00edas, no nos alejen de la lectura, \u201cporque leer, permite a cualquier ciudadano tener una visi\u00f3n m\u00e1s clara de las cosas, mejores criterios, mejor facilidad de palabra y un mayor razonamiento\u201d.<\/p>\n","protected":false},"author":3,"featured_media":269693,"comment_status":"open","ping_status":"open","sticky":false,"template":"","format":"standard","meta":{"_monsterinsights_skip_tracking":false,"_monsterinsights_sitenote_active":false,"_monsterinsights_sitenote_note":"","_monsterinsights_sitenote_category":0,"footnotes":""},"categories":[35155],"tags":[43675,3802],"class_list":["post-269580","post","type-post","status-publish","format-standard","has-post-thumbnail","hentry","category-estado-de-mexico-estado-de-mexico","tag-estado-de-mexico","tag-tultepec"],"_links":{"self":[{"href":"https:\/\/www.diarioimagen.net\/index.php?rest_route=\/wp\/v2\/posts\/269580","targetHints":{"allow":["GET"]}}],"collection":[{"href":"https:\/\/www.diarioimagen.net\/index.php?rest_route=\/wp\/v2\/posts"}],"about":[{"href":"https:\/\/www.diarioimagen.net\/index.php?rest_route=\/wp\/v2\/types\/post"}],"author":[{"embeddable":true,"href":"https:\/\/www.diarioimagen.net\/index.php?rest_route=\/wp\/v2\/users\/3"}],"replies":[{"embeddable":true,"href":"https:\/\/www.diarioimagen.net\/index.php?rest_route=%2Fwp%2Fv2%2Fcomments&post=269580"}],"version-history":[{"count":0,"href":"https:\/\/www.diarioimagen.net\/index.php?rest_route=\/wp\/v2\/posts\/269580\/revisions"}],"wp:featuredmedia":[{"embeddable":true,"href":"https:\/\/www.diarioimagen.net\/index.php?rest_route=\/wp\/v2\/media\/269693"}],"wp:attachment":[{"href":"https:\/\/www.diarioimagen.net\/index.php?rest_route=%2Fwp%2Fv2%2Fmedia&parent=269580"}],"wp:term":[{"taxonomy":"category","embeddable":true,"href":"https:\/\/www.diarioimagen.net\/index.php?rest_route=%2Fwp%2Fv2%2Fcategories&post=269580"},{"taxonomy":"post_tag","embeddable":true,"href":"https:\/\/www.diarioimagen.net\/index.php?rest_route=%2Fwp%2Fv2%2Ftags&post=269580"}],"curies":[{"name":"wp","href":"https:\/\/api.w.org\/{rel}","templated":true}]}}