{"id":269582,"date":"2016-05-17T00:05:46","date_gmt":"2016-05-17T05:05:46","guid":{"rendered":"http:\/\/www.diarioimagen.net\/?p=269582"},"modified":"2016-05-17T03:51:42","modified_gmt":"2016-05-17T08:51:42","slug":"metepec-saldo-blanco-en-la-feria-de-san-isidro-2016","status":"publish","type":"post","link":"https:\/\/www.diarioimagen.net\/?p=269582","title":{"rendered":"Metepec: saldo blanco en la Feria de San Isidro 2016"},"content":{"rendered":"<ul>\n<li><strong><em>Funciona estrategia de seguridad<\/em><\/strong><\/li>\n<\/ul>\n<p>&nbsp;<\/p>\n<div id=\"attachment_269696\" style=\"width: 430px\" class=\"wp-caption aligncenter\"><a href=\"http:\/\/www.diarioimagen.net\/?attachment_id=269696\" rel=\"attachment wp-att-269696\"><img loading=\"lazy\" decoding=\"async\" aria-describedby=\"caption-attachment-269696\" class=\"size-large wp-image-269696\" src=\"http:\/\/www.diarioimagen.net\/wp-content\/uploads\/2016\/05\/METEPEC-2868-420x236.jpg\" alt=\"El director de la corporaci\u00f3n polic\u00edaca de Metepec, Jes\u00fas Alberto Ram\u00edrez Manzur, se\u00f1al\u00f3 que se confirma la disminuci\u00f3n del \u00edndice delictivo en la demarcaci\u00f3n.\" width=\"420\" height=\"236\" srcset=\"https:\/\/www.diarioimagen.net\/wp-content\/uploads\/2016\/05\/METEPEC-2868-420x236.jpg 420w, https:\/\/www.diarioimagen.net\/wp-content\/uploads\/2016\/05\/METEPEC-2868-240x135.jpg 240w, https:\/\/www.diarioimagen.net\/wp-content\/uploads\/2016\/05\/METEPEC-2868-235x132.jpg 235w, https:\/\/www.diarioimagen.net\/wp-content\/uploads\/2016\/05\/METEPEC-2868-202x114.jpg 202w, https:\/\/www.diarioimagen.net\/wp-content\/uploads\/2016\/05\/METEPEC-2868-350x196.jpg 350w, https:\/\/www.diarioimagen.net\/wp-content\/uploads\/2016\/05\/METEPEC-2868-220x123.jpg 220w, https:\/\/www.diarioimagen.net\/wp-content\/uploads\/2016\/05\/METEPEC-2868-237x132.jpg 237w, https:\/\/www.diarioimagen.net\/wp-content\/uploads\/2016\/05\/METEPEC-2868.jpg 480w\" sizes=\"auto, (max-width: 420px) 100vw, 420px\" \/><\/a><p id=\"caption-attachment-269696\" class=\"wp-caption-text\">El director de la corporaci\u00f3n polic\u00edaca de Metepec, Jes\u00fas Alberto Ram\u00edrez Manzur, se\u00f1al\u00f3 que se confirma la disminuci\u00f3n del \u00edndice delictivo en la demarcaci\u00f3n.<\/p><\/div>\n<p>&nbsp;<\/p>\n<p><strong>Metepec, Estado de M\u00e9xico<\/strong>.- La Direcci\u00f3n de Seguridad P\u00fablica y Tr\u00e1nsito de Metepec inform\u00f3 que la Feria de San Isidro concluy\u00f3 con saldo blanco, derivado de la estrategia, planeaci\u00f3n y \u00a0trabajo coordinado entre las instancias de gobierno y la empresa concesionaria del evento.<\/p>\n<p>El director de la corporaci\u00f3n\u00a0 polic\u00edaca de Metepec, Jes\u00fas Alberto Ram\u00edrez Manzur, se\u00f1al\u00f3 que el positivo resultado es muestra de lo que se viene llevando a cabo en el municipio, que en el \u00faltimo reporte de la Procuradur\u00eda General de Justicia del Estado de M\u00e9xico (PGJEM), confirma considerable disminuci\u00f3n del \u00edndice delictivo en dicha demarcaci\u00f3n.<\/p>\n<p>De acuerdo con datos de la instancia estatal (mayo 2016), revelan baja en actos delictivos en casi las totalidad de los par\u00e1metros, es decir, disminuci\u00f3n en casos de robo a casa-habitaci\u00f3n, negocio, al transporte p\u00fablico, robo a transe\u00fante, al comercio y de veh\u00edculos.<\/p>\n<p>&nbsp;<\/p>\n","protected":false},"excerpt":{"rendered":"<p>La Direcci\u00f3n de Seguridad P\u00fablica y Tr\u00e1nsito de Metepec inform\u00f3 que la Feria de San Isidro concluy\u00f3 con saldo blanco, derivado de la estrategia, planeaci\u00f3n y  trabajo coordinado entre las instancias de gobierno y la empresa concesionaria del evento.  <\/p>\n","protected":false},"author":3,"featured_media":269696,"comment_status":"open","ping_status":"open","sticky":false,"template":"","format":"standard","meta":{"_monsterinsights_skip_tracking":false,"_monsterinsights_sitenote_active":false,"_monsterinsights_sitenote_note":"","_monsterinsights_sitenote_category":0,"footnotes":""},"categories":[35155],"tags":[43675,876,25609],"class_list":["post-269582","post","type-post","status-publish","format-standard","has-post-thumbnail","hentry","category-estado-de-mexico-estado-de-mexico","tag-estado-de-mexico","tag-metepec","tag-saldo-blanco"],"_links":{"self":[{"href":"https:\/\/www.diarioimagen.net\/index.php?rest_route=\/wp\/v2\/posts\/269582","targetHints":{"allow":["GET"]}}],"collection":[{"href":"https:\/\/www.diarioimagen.net\/index.php?rest_route=\/wp\/v2\/posts"}],"about":[{"href":"https:\/\/www.diarioimagen.net\/index.php?rest_route=\/wp\/v2\/types\/post"}],"author":[{"embeddable":true,"href":"https:\/\/www.diarioimagen.net\/index.php?rest_route=\/wp\/v2\/users\/3"}],"replies":[{"embeddable":true,"href":"https:\/\/www.diarioimagen.net\/index.php?rest_route=%2Fwp%2Fv2%2Fcomments&post=269582"}],"version-history":[{"count":0,"href":"https:\/\/www.diarioimagen.net\/index.php?rest_route=\/wp\/v2\/posts\/269582\/revisions"}],"wp:featuredmedia":[{"embeddable":true,"href":"https:\/\/www.diarioimagen.net\/index.php?rest_route=\/wp\/v2\/media\/269696"}],"wp:attachment":[{"href":"https:\/\/www.diarioimagen.net\/index.php?rest_route=%2Fwp%2Fv2%2Fmedia&parent=269582"}],"wp:term":[{"taxonomy":"category","embeddable":true,"href":"https:\/\/www.diarioimagen.net\/index.php?rest_route=%2Fwp%2Fv2%2Fcategories&post=269582"},{"taxonomy":"post_tag","embeddable":true,"href":"https:\/\/www.diarioimagen.net\/index.php?rest_route=%2Fwp%2Fv2%2Ftags&post=269582"}],"curies":[{"name":"wp","href":"https:\/\/api.w.org\/{rel}","templated":true}]}}